{"id":26572070,"date":"2026-04-22T06:24:18","date_gmt":"2026-04-22T05:24:18","guid":{"rendered":"https:\/\/www.gitesdomainedelachapelle.com\/?p=26572070"},"modified":"2026-04-22T06:28:17","modified_gmt":"2026-04-22T05:28:17","slug":"marches-provencaux-cote-azur","status":"publish","type":"post","link":"https:\/\/www.gitesdomainedelachapelle.com\/de\/marches-provencaux-cote-azur\/","title":{"rendered":"Provenzalische M\u00e4rkte an der C\u00f4te d'Azur: die sch\u00f6nsten M\u00e4rkte, die es zu entdecken gilt"},"content":{"rendered":"<h2 class=\"wp-block-heading\">O\u00f9 trouver les meilleurs march\u00e9s proven\u00e7aux sur la C\u00f4te d\u2019Azur<\/h2>\n\n\n\n<p>La C\u00f4te d\u2019Azur est r\u00e9put\u00e9e pour ses march\u00e9s proven\u00e7aux, v\u00e9ritables lieux de vie o\u00f9 se m\u00ealent couleurs, saveurs et traditions. Entre Nice, Antibes, Menton et Valbonne, chaque march\u00e9 offre une ambiance unique.<\/p>\n\n\n\n<p>Que vous soyez \u00e0 la recherche de produits locaux, de sp\u00e9cialit\u00e9s proven\u00e7ales ou simplement d\u2019une balade typique, les march\u00e9s sont une \u00e9tape incontournable.<\/p>\n\n\n\n<p>Dans la pratique, ce sont souvent les march\u00e9s les plus authentiques qui offrent la meilleure exp\u00e9rience.<\/p>\n\n\n\n<h2 class=\"wp-block-heading\">Pourquoi visiter les march\u00e9s proven\u00e7aux<\/h2>\n\n\n\n<p>Les march\u00e9s de la r\u00e9gion ne sont pas seulement des lieux d\u2019achat, ce sont de v\u00e9ritables exp\u00e9riences :<\/p>\n\n\n\n<ul class=\"wp-block-list\">\n<li>produits frais et de saison<\/li>\n\n\n\n<li>producteurs locaux<\/li>\n\n\n\n<li>gem\u00fctliche Atmosph\u00e4re<\/li>\n\n\n\n<li>artisanat r\u00e9gional<\/li>\n<\/ul>\n\n\n\n<p>C\u2019est aussi l\u2019occasion de d\u00e9couvrir :<\/p>\n\n\n\n<ul class=\"wp-block-list\">\n<li>fruits et l\u00e9gumes du terroir<\/li>\n\n\n\n<li>huiles d\u2019olive<\/li>\n\n\n\n<li>fromages<\/li>\n\n\n\n<li>proven\u00e7alische Spezialit\u00e4ten<\/li>\n<\/ul>\n\n\n\n<h2 class=\"wp-block-heading\">Les plus beaux march\u00e9s proven\u00e7aux de la C\u00f4te d\u2019Azur<\/h2>\n\n\n\n<h3 class=\"wp-block-heading\">March\u00e9 du Cours Saleya \u00e0 Nice : le plus embl\u00e9matique<\/h3>\n\n\n\n<p>March\u00e9 du Cours Saleya est sans doute le march\u00e9 le plus c\u00e9l\u00e8bre de la C\u00f4te d\u2019Azur.<\/p>\n\n\n\n<p>Situ\u00e9 au c\u0153ur du vieux Nice, il attire aussi bien les locaux que les visiteurs.<\/p>\n\n\n\n<p>On y trouve :<\/p>\n\n\n\n<ul class=\"wp-block-list\">\n<li>fruits et l\u00e9gumes frais<\/li>\n\n\n\n<li>fleurs<\/li>\n\n\n\n<li>sp\u00e9cialit\u00e9s ni\u00e7oises<\/li>\n<\/ul>\n\n\n\n<p>L\u2019ambiance est particuli\u00e8rement vivante, avec ses couleurs et ses parfums typiques.<\/p>\n\n\n\n<p>\ud83d\udc49 Id\u00e9al pour une immersion compl\u00e8te dans la culture proven\u00e7ale.<\/p>\n\n\n\n<hr class=\"wp-block-separator has-alpha-channel-opacity\"\/>\n\n\n\n<h3 class=\"wp-block-heading\">March\u00e9 proven\u00e7al d\u2019Antibes : authenticit\u00e9 et produits locaux<\/h3>\n\n\n\n<p>March\u00e9 proven\u00e7al d\u2019Antibes est un incontournable de la vieille ville.<\/p>\n\n\n\n<p>Install\u00e9 dans un cadre charmant, il propose :<\/p>\n\n\n\n<ul class=\"wp-block-list\">\n<li>produits du terroir<\/li>\n\n\n\n<li>\u00e9pices<\/li>\n\n\n\n<li>fromages<\/li>\n\n\n\n<li>sp\u00e9cialit\u00e9s locales<\/li>\n<\/ul>\n\n\n\n<p>C\u2019est un march\u00e9 appr\u00e9ci\u00e9 pour :<\/p>\n\n\n\n<ul class=\"wp-block-list\">\n<li>seine Echtheit<\/li>\n\n\n\n<li>son cadre typique<\/li>\n\n\n\n<li>die Qualit\u00e4t der Produkte<\/li>\n<\/ul>\n\n\n\n<p>\ud83d\udc49 Parfait pour une balade gourmande.<\/p>\n\n\n\n<hr class=\"wp-block-separator has-alpha-channel-opacity\"\/>\n\n\n\n<h3 class=\"wp-block-heading\">March\u00e9 de Menton : entre mer et traditions<\/h3>\n\n\n\n<p>March\u00e9 des Halles de Menton offre une exp\u00e9rience diff\u00e9rente, \u00e0 la fronti\u00e8re italienne.<\/p>\n\n\n\n<p>On y retrouve :<\/p>\n\n\n\n<ul class=\"wp-block-list\">\n<li>produits m\u00e9diterran\u00e9ens<\/li>\n\n\n\n<li>sp\u00e9cialit\u00e9s locales<\/li>\n\n\n\n<li>ambiance chaleureuse<\/li>\n<\/ul>\n\n\n\n<p>Menton \u00e9tant connue pour ses agrumes, vous pourrez y d\u00e9couvrir des produits uniques li\u00e9s au citron.<\/p>\n\n\n\n<p>\ud83d\udc49 Id\u00e9al pour d\u00e9couvrir une autre facette de la C\u00f4te d\u2019Azur.<\/p>\n\n\n\n<hr class=\"wp-block-separator has-alpha-channel-opacity\"\/>\n\n\n\n<h3 class=\"wp-block-heading\">March\u00e9 de Valbonne : charme et convivialit\u00e9 dans les rues pi\u00e9tonnes<\/h3>\n\n\n\n<p>March\u00e9 de Valbonne est l\u2019un des march\u00e9s les plus appr\u00e9ci\u00e9s de l\u2019arri\u00e8re-pays.<\/p>\n\n\n\n<p>\ud83d\udc49 Il se tient <strong>tous les vendredis<\/strong> dans les <strong>rues pi\u00e9tonnes du village<\/strong>, offrant une atmosph\u00e8re particuli\u00e8rement authentique.<\/p>\n\n\n\n<p>On y trouve :<\/p>\n\n\n\n<ul class=\"wp-block-list\">\n<li>produits locaux<\/li>\n\n\n\n<li>artisanat<\/li>\n\n\n\n<li>proven\u00e7alische Spezialit\u00e4ten<\/li>\n<\/ul>\n\n\n\n<p>Ce march\u00e9 se distingue par :<\/p>\n\n\n\n<ul class=\"wp-block-list\">\n<li>son ambiance conviviale<\/li>\n\n\n\n<li>son cadre typique<\/li>\n\n\n\n<li>ses ruelles pleines de charme<\/li>\n<\/ul>\n\n\n\n<p>Dans la pratique, c\u2019est un march\u00e9 \u00e0 taille humaine o\u00f9 l\u2019on prend le temps de fl\u00e2ner et de d\u00e9couvrir les produits.<\/p>\n\n\n\n<p>\ud83d\udc49 Id\u00e9al pour un moment authentique, loin de l\u2019agitation.<\/p>\n\n\n\n<hr class=\"wp-block-separator has-alpha-channel-opacity\"\/>\n\n\n\n<h2 class=\"wp-block-heading\">Comment profiter pleinement des march\u00e9s proven\u00e7aux<\/h2>\n\n\n\n<p>Pour vivre une vraie exp\u00e9rience, quelques conseils simples :<\/p>\n\n\n\n<h3 class=\"wp-block-heading\">Fr\u00fch ankommen<\/h3>\n\n\n\n<p>Les meilleurs produits partent rapidement, surtout en saison.<\/p>\n\n\n\n<h3 class=\"wp-block-heading\">Prendre le temps de discuter<\/h3>\n\n\n\n<p>Les producteurs locaux partagent souvent leur passion et leurs conseils.<\/p>\n\n\n\n<h3 class=\"wp-block-heading\">Go\u00fbter sur place<\/h3>\n\n\n\n<p>C\u2019est le meilleur moyen de d\u00e9couvrir les sp\u00e9cialit\u00e9s r\u00e9gionales.<\/p>\n\n\n\n<h2 class=\"wp-block-heading\">Die Fehler, die man vermeiden sollte<\/h2>\n\n\n\n<ul class=\"wp-block-list\">\n<li>arriver trop tard<\/li>\n\n\n\n<li>se limiter aux stands touristiques<\/li>\n\n\n\n<li>ne pas comparer les produits<\/li>\n\n\n\n<li>oublier de pr\u00e9voir du liquide<\/li>\n<\/ul>\n\n\n\n<h2 class=\"wp-block-heading\">Profiter des march\u00e9s pendant votre s\u00e9jour<\/h2>\n\n\n\n<p>Visiter les march\u00e9s proven\u00e7aux, c\u2019est d\u00e9couvrir l\u2019\u00e2me de la C\u00f4te d\u2019Azur. Chaque march\u00e9 offre une exp\u00e9rience diff\u00e9rente entre gastronomie, traditions et convivialit\u00e9.<\/p>\n\n\n\n<p>Dans la pratique, int\u00e9grer un march\u00e9 dans votre s\u00e9jour permet de vivre la r\u00e9gion comme un local.<\/p>\n\n\n\n<h2 class=\"wp-block-heading\">S\u00e9journer \u00e0 proximit\u00e9 des march\u00e9s<\/h2>\n\n\n\n<p>Pour profiter pleinement de votre s\u00e9jour sur la C\u00f4te d\u2019Azur et acc\u00e9der facilement aux march\u00e9s, il est conseill\u00e9 de loger \u00e0 proximit\u00e9.<\/p>\n\n\n\n<figure class=\"wp-block-embed is-type-wp-embed is-provider-g-tes-domaine-de-la-chapelle wp-block-embed-g-tes-domaine-de-la-chapelle\"><div class=\"wp-block-embed__wrapper\">\n<blockquote class=\"wp-embedded-content\" data-secret=\"WIxnYt0zw8\"><a href=\"https:\/\/www.gitesdomainedelachapelle.com\/nos-appartements\/\">Unsere Apartments<\/a><\/blockquote><iframe loading=\"lazy\" class=\"wp-embedded-content\" sandbox=\"allow-scripts\" security=\"restricted\" style=\"position: absolute; visibility: hidden;\" title=\"\u00ab\u00a0Unsere Ferienwohnungen\u00a0\u00bb \u2014 G\u00eetes Domaine de la Chapelle\" src=\"https:\/\/www.gitesdomainedelachapelle.com\/nos-appartements\/embed\/#?secret=RwuUWonHLC#?secret=WIxnYt0zw8\" data-secret=\"WIxnYt0zw8\" width=\"600\" height=\"338\" frameborder=\"0\" marginwidth=\"0\" marginheight=\"0\" scrolling=\"no\"><\/iframe>\n<\/div><\/figure>","protected":false},"excerpt":{"rendered":"<p>O\u00f9 trouver les meilleurs march\u00e9s proven\u00e7aux sur la C\u00f4te d\u2019Azur La C\u00f4te d\u2019Azur est r\u00e9put\u00e9e pour ses march\u00e9s proven\u00e7aux, v\u00e9ritables lieux de vie o\u00f9 se m\u00ealent couleurs, saveurs et traditions. Entre Nice, Antibes, Menton et Valbonne, chaque march\u00e9 offre une ambiance unique. Que vous soyez \u00e0 la recherche de produits locaux, de sp\u00e9cialit\u00e9s proven\u00e7ales ou [&hellip;]<\/p>\n","protected":false},"author":3,"featured_media":26572072,"comment_status":"open","ping_status":"open","sticky":false,"template":"","format":"standard","meta":{"_et_pb_use_builder":"off","_et_pb_old_content":"","_et_gb_content_width":"","footnotes":""},"categories":[18],"tags":[105,114,101,103,100,112,107,113,102,111,106,108,109,110,104],"dipi_cpt_category":[],"class_list":["post-26572070","post","type-post","status-publish","format-standard","has-post-thumbnail","hentry","category-activites-idees","tag-marche-antibes","tag-marche-cote-dazur","tag-marche-du-sud-de-la-france","tag-marche-menton","tag-marche-nice-cours-saleya","tag-marche-traditionnel","tag-marche-valbonne-vendredi","tag-marches-provencaux","tag-produits-locaux-provence","tag-que-faire-cote-dazur","tag-sejour-provence","tag-specialites-provencales","tag-tourisme-cote-dazur","tag-villages-provencaux","tag-visite-cote-dazur"],"yoast_head":"<!-- This site is optimized with the Yoast SEO plugin v27.4 - https:\/\/yoast.com\/product\/yoast-seo-wordpress\/ -->\n<title>March\u00e9s proven\u00e7aux C\u00f4te d\u2019Azur : les plus beaux \u00e0 d\u00e9couvrir<\/title>\n<meta name=\"description\" content=\"D\u00e9couvrez les plus beaux march\u00e9s proven\u00e7aux de la C\u00f4te d\u2019Azur : produits locaux, ambiance typique et villages authentiques.\" \/>\n<meta name=\"robots\" content=\"index, follow, max-snippet:-1, max-image-preview:large, max-video-preview:-1\" \/>\n<link rel=\"canonical\" href=\"https:\/\/www.gitesdomainedelachapelle.com\/de\/marches-provencaux-cote-azur\/\" \/>\n<meta property=\"og:locale\" content=\"de_DE\" \/>\n<meta property=\"og:type\" content=\"article\" \/>\n<meta property=\"og:title\" content=\"March\u00e9s proven\u00e7aux C\u00f4te d\u2019Azur : les plus beaux \u00e0 d\u00e9couvrir\" \/>\n<meta property=\"og:description\" content=\"D\u00e9couvrez les plus beaux march\u00e9s proven\u00e7aux de la C\u00f4te d\u2019Azur : produits locaux, ambiance typique et villages authentiques.\" \/>\n<meta property=\"og:url\" content=\"https:\/\/www.gitesdomainedelachapelle.com\/de\/marches-provencaux-cote-azur\/\" \/>\n<meta property=\"og:site_name\" content=\"G\u00eetes Domaine de la Chapelle\" \/>\n<meta property=\"article:author\" content=\"https:\/\/www.facebook.com\/patrice.campanella\/\" \/>\n<meta property=\"article:published_time\" content=\"2026-04-22T05:24:18+00:00\" \/>\n<meta property=\"article:modified_time\" content=\"2026-04-22T05:28:17+00:00\" \/>\n<meta property=\"og:image\" content=\"https:\/\/www.gitesdomainedelachapelle.com\/wp-content\/uploads\/2026\/04\/produits-terroir-valbonne-marche.webp\" \/>\n\t<meta property=\"og:image:width\" content=\"1600\" \/>\n\t<meta property=\"og:image:height\" content=\"1067\" \/>\n\t<meta property=\"og:image:type\" content=\"image\/webp\" \/>\n<meta name=\"author\" content=\"Patrice\" \/>\n<meta name=\"twitter:card\" content=\"summary_large_image\" \/>\n<meta name=\"twitter:label1\" content=\"Verfasst von\" \/>\n\t<meta name=\"twitter:data1\" content=\"Patrice\" \/>\n\t<meta name=\"twitter:label2\" content=\"Gesch\u00e4tzte Lesezeit\" \/>\n\t<meta name=\"twitter:data2\" content=\"4\u00a0Minuten\" \/>\n<script type=\"application\/ld+json\" class=\"yoast-schema-graph\">{\"@context\":\"https:\\\/\\\/schema.org\",\"@graph\":[{\"@type\":\"Article\",\"@id\":\"https:\\\/\\\/www.gitesdomainedelachapelle.com\\\/marches-provencaux-cote-azur\\\/#article\",\"isPartOf\":{\"@id\":\"https:\\\/\\\/www.gitesdomainedelachapelle.com\\\/marches-provencaux-cote-azur\\\/\"},\"author\":{\"name\":\"Patrice\",\"@id\":\"https:\\\/\\\/www.gitesdomainedelachapelle.com\\\/#\\\/schema\\\/person\\\/820b01290b5b0e5d56db451762c0e004\"},\"headline\":\"March\u00e9s proven\u00e7aux sur la C\u00f4te d\u2019Azur : les plus beaux march\u00e9s \u00e0 d\u00e9couvrir\",\"datePublished\":\"2026-04-22T05:24:18+00:00\",\"dateModified\":\"2026-04-22T05:28:17+00:00\",\"mainEntityOfPage\":{\"@id\":\"https:\\\/\\\/www.gitesdomainedelachapelle.com\\\/marches-provencaux-cote-azur\\\/\"},\"wordCount\":691,\"commentCount\":0,\"publisher\":{\"@id\":\"https:\\\/\\\/www.gitesdomainedelachapelle.com\\\/#organization\"},\"image\":{\"@id\":\"https:\\\/\\\/www.gitesdomainedelachapelle.com\\\/marches-provencaux-cote-azur\\\/#primaryimage\"},\"thumbnailUrl\":\"https:\\\/\\\/www.gitesdomainedelachapelle.com\\\/wp-content\\\/uploads\\\/2026\\\/04\\\/produits-terroir-valbonne-marche.webp\",\"keywords\":[\"march\u00e9 Antibes\",\"march\u00e9 C\u00f4te d\u2019Azur\",\"march\u00e9 du sud de la France\",\"march\u00e9 Menton\",\"march\u00e9 Nice cours Saleya\",\"march\u00e9 traditionnel\",\"march\u00e9 Valbonne vendredi\",\"march\u00e9s proven\u00e7aux\",\"produits locaux Provence\",\"que faire C\u00f4te d\u2019Azur\",\"s\u00e9jour Provence\",\"sp\u00e9cialit\u00e9s proven\u00e7ales\",\"tourisme C\u00f4te d\u2019Azur\",\"villages proven\u00e7aux\",\"visite C\u00f4te d\u2019Azur\"],\"articleSection\":[\"Activit\u00e9s\"],\"inLanguage\":\"de\",\"potentialAction\":[{\"@type\":\"CommentAction\",\"name\":\"Comment\",\"target\":[\"https:\\\/\\\/www.gitesdomainedelachapelle.com\\\/marches-provencaux-cote-azur\\\/#respond\"]}]},{\"@type\":\"WebPage\",\"@id\":\"https:\\\/\\\/www.gitesdomainedelachapelle.com\\\/marches-provencaux-cote-azur\\\/\",\"url\":\"https:\\\/\\\/www.gitesdomainedelachapelle.com\\\/marches-provencaux-cote-azur\\\/\",\"name\":\"March\u00e9s proven\u00e7aux C\u00f4te d\u2019Azur : les plus beaux \u00e0 d\u00e9couvrir\",\"isPartOf\":{\"@id\":\"https:\\\/\\\/www.gitesdomainedelachapelle.com\\\/#website\"},\"primaryImageOfPage\":{\"@id\":\"https:\\\/\\\/www.gitesdomainedelachapelle.com\\\/marches-provencaux-cote-azur\\\/#primaryimage\"},\"image\":{\"@id\":\"https:\\\/\\\/www.gitesdomainedelachapelle.com\\\/marches-provencaux-cote-azur\\\/#primaryimage\"},\"thumbnailUrl\":\"https:\\\/\\\/www.gitesdomainedelachapelle.com\\\/wp-content\\\/uploads\\\/2026\\\/04\\\/produits-terroir-valbonne-marche.webp\",\"datePublished\":\"2026-04-22T05:24:18+00:00\",\"dateModified\":\"2026-04-22T05:28:17+00:00\",\"description\":\"D\u00e9couvrez les plus beaux march\u00e9s proven\u00e7aux de la C\u00f4te d\u2019Azur : produits locaux, ambiance typique et villages authentiques.\",\"breadcrumb\":{\"@id\":\"https:\\\/\\\/www.gitesdomainedelachapelle.com\\\/marches-provencaux-cote-azur\\\/#breadcrumb\"},\"inLanguage\":\"de\",\"potentialAction\":[{\"@type\":\"ReadAction\",\"target\":[\"https:\\\/\\\/www.gitesdomainedelachapelle.com\\\/marches-provencaux-cote-azur\\\/\"]}]},{\"@type\":\"ImageObject\",\"inLanguage\":\"de\",\"@id\":\"https:\\\/\\\/www.gitesdomainedelachapelle.com\\\/marches-provencaux-cote-azur\\\/#primaryimage\",\"url\":\"https:\\\/\\\/www.gitesdomainedelachapelle.com\\\/wp-content\\\/uploads\\\/2026\\\/04\\\/produits-terroir-valbonne-marche.webp\",\"contentUrl\":\"https:\\\/\\\/www.gitesdomainedelachapelle.com\\\/wp-content\\\/uploads\\\/2026\\\/04\\\/produits-terroir-valbonne-marche.webp\",\"width\":1600,\"height\":1067,\"caption\":\"Produits locaux sur un march\u00e9 proven\u00e7al typique de la C\u00f4te d\u2019Azur.\"},{\"@type\":\"BreadcrumbList\",\"@id\":\"https:\\\/\\\/www.gitesdomainedelachapelle.com\\\/marches-provencaux-cote-azur\\\/#breadcrumb\",\"itemListElement\":[{\"@type\":\"ListItem\",\"position\":1,\"name\":\"Accueil\",\"item\":\"https:\\\/\\\/www.gitesdomainedelachapelle.com\\\/\"},{\"@type\":\"ListItem\",\"position\":2,\"name\":\"March\u00e9s proven\u00e7aux sur la C\u00f4te d\u2019Azur : les plus beaux march\u00e9s \u00e0 d\u00e9couvrir\"}]},{\"@type\":\"WebSite\",\"@id\":\"https:\\\/\\\/www.gitesdomainedelachapelle.com\\\/#website\",\"url\":\"https:\\\/\\\/www.gitesdomainedelachapelle.com\\\/\",\"name\":\"Gites Domaine de la Chappelle\",\"description\":\"G\u00eetes de charme avec piscine chauff\u00e9e et jacuzzi privatif sur la C\u00f4te d\u2019Azur\",\"publisher\":{\"@id\":\"https:\\\/\\\/www.gitesdomainedelachapelle.com\\\/#organization\"},\"potentialAction\":[{\"@type\":\"SearchAction\",\"target\":{\"@type\":\"EntryPoint\",\"urlTemplate\":\"https:\\\/\\\/www.gitesdomainedelachapelle.com\\\/?s={search_term_string}\"},\"query-input\":{\"@type\":\"PropertyValueSpecification\",\"valueRequired\":true,\"valueName\":\"search_term_string\"}}],\"inLanguage\":\"de\"},{\"@type\":\"Organization\",\"@id\":\"https:\\\/\\\/www.gitesdomainedelachapelle.com\\\/#organization\",\"name\":\"Gites Domaine de la Chappelle\",\"url\":\"https:\\\/\\\/www.gitesdomainedelachapelle.com\\\/\",\"logo\":{\"@type\":\"ImageObject\",\"inLanguage\":\"de\",\"@id\":\"https:\\\/\\\/www.gitesdomainedelachapelle.com\\\/#\\\/schema\\\/logo\\\/image\\\/\",\"url\":\"https:\\\/\\\/www.gitesdomainedelachapelle.com\\\/wp-content\\\/uploads\\\/2025\\\/11\\\/LOGO-removebg-preview-1.webp\",\"contentUrl\":\"https:\\\/\\\/www.gitesdomainedelachapelle.com\\\/wp-content\\\/uploads\\\/2025\\\/11\\\/LOGO-removebg-preview-1.webp\",\"width\":300,\"height\":300,\"caption\":\"Gites Domaine de la Chappelle\"},\"image\":{\"@id\":\"https:\\\/\\\/www.gitesdomainedelachapelle.com\\\/#\\\/schema\\\/logo\\\/image\\\/\"}},{\"@type\":\"Person\",\"@id\":\"https:\\\/\\\/www.gitesdomainedelachapelle.com\\\/#\\\/schema\\\/person\\\/820b01290b5b0e5d56db451762c0e004\",\"name\":\"Patrice\",\"pronouns\":\"nous\",\"image\":{\"@type\":\"ImageObject\",\"inLanguage\":\"de\",\"@id\":\"https:\\\/\\\/secure.gravatar.com\\\/avatar\\\/e3f93a01e7806e1fe58fdbecfe9ca6bb725d62824cfd4bcd93ab79fb93dc4f5d?s=96&d=mm&r=g\",\"url\":\"https:\\\/\\\/secure.gravatar.com\\\/avatar\\\/e3f93a01e7806e1fe58fdbecfe9ca6bb725d62824cfd4bcd93ab79fb93dc4f5d?s=96&d=mm&r=g\",\"contentUrl\":\"https:\\\/\\\/secure.gravatar.com\\\/avatar\\\/e3f93a01e7806e1fe58fdbecfe9ca6bb725d62824cfd4bcd93ab79fb93dc4f5d?s=96&d=mm&r=g\",\"caption\":\"Patrice\"},\"description\":\"Propri\u00e9taire des G\u00eetes Domaine de la Chapelle, je propose des h\u00e9bergements de charme situ\u00e9s \u00e0 Roquefort-les-Pins, au c\u0153ur de l\u2019arri\u00e8re-pays ni\u00e7ois, entre Nice, Cannes et Grasse, sur la C\u00f4te d\u2019Azur. Nous proposons des locations de vacances haut de gamme, pens\u00e9es pour les couples \u00e0 la recherche d\u2019un s\u00e9jour en amoureux, d\u2019un week-end d\u00e9tente ou de vacances bien-\u00eatre en Provence, avec piscine chauff\u00e9e et jacuzzi privatif, dans un environnement calme, naturel et sans vis-\u00e0-vis. Chaque logement est con\u00e7u pour offrir confort, intimit\u00e9 et qualit\u00e9, avec une attention particuli\u00e8re port\u00e9e \u00e0 l\u2019accueil, aux \u00e9quipements et \u00e0 l\u2019exp\u00e9rience globale du s\u00e9jour. Notre objectif est simple : permettre \u00e0 nos h\u00f4tes de se ressourcer et de profiter pleinement du soleil du Sud, d\u2019un cadre idyllique et des richesses de la C\u00f4te d\u2019Azur.\",\"sameAs\":[\"https:\\\/\\\/www.gitesdomainedelachapelle.com\",\"https:\\\/\\\/www.facebook.com\\\/patrice.campanella\\\/\",\"https:\\\/\\\/www.instagram.com\\\/piscine_jacuzzi_cotedazur\\\/\",\"https:\\\/\\\/www.linkedin.com\\\/in\\\/g\u00eetes-domaine-de-la-chapelle-avec-piscine-chauff\u00e9e-et-jacuzzi-privatifs-sur-la-c\u00f4te-d-azur-54053572\\\/\",\"https:\\\/\\\/fr.pinterest.com\\\/gitesdomainedelachapelle\\\/\",\"https:\\\/\\\/www.youtube.com\\\/@gitesdomainedelachapelle\"],\"url\":\"https:\\\/\\\/www.gitesdomainedelachapelle.com\\\/de\\\/author\\\/patrice\\\/\"}]}<\/script>\n<!-- \/ Yoast SEO plugin. -->","yoast_head_json":{"title":"March\u00e9s proven\u00e7aux C\u00f4te d\u2019Azur : les plus beaux \u00e0 d\u00e9couvrir","description":"D\u00e9couvrez les plus beaux march\u00e9s proven\u00e7aux de la C\u00f4te d\u2019Azur : produits locaux, ambiance typique et villages authentiques.","robots":{"index":"index","follow":"follow","max-snippet":"max-snippet:-1","max-image-preview":"max-image-preview:large","max-video-preview":"max-video-preview:-1"},"canonical":"https:\/\/www.gitesdomainedelachapelle.com\/de\/marches-provencaux-cote-azur\/","og_locale":"de_DE","og_type":"article","og_title":"March\u00e9s proven\u00e7aux C\u00f4te d\u2019Azur : les plus beaux \u00e0 d\u00e9couvrir","og_description":"D\u00e9couvrez les plus beaux march\u00e9s proven\u00e7aux de la C\u00f4te d\u2019Azur : produits locaux, ambiance typique et villages authentiques.","og_url":"https:\/\/www.gitesdomainedelachapelle.com\/de\/marches-provencaux-cote-azur\/","og_site_name":"G\u00eetes Domaine de la Chapelle","article_author":"https:\/\/www.facebook.com\/patrice.campanella\/","article_published_time":"2026-04-22T05:24:18+00:00","article_modified_time":"2026-04-22T05:28:17+00:00","og_image":[{"width":1600,"height":1067,"url":"https:\/\/www.gitesdomainedelachapelle.com\/wp-content\/uploads\/2026\/04\/produits-terroir-valbonne-marche.webp","type":"image\/webp"}],"author":"Patrice","twitter_card":"summary_large_image","twitter_misc":{"Verfasst von":"Patrice","Gesch\u00e4tzte Lesezeit":"4\u00a0Minuten"},"schema":{"@context":"https:\/\/schema.org","@graph":[{"@type":"Article","@id":"https:\/\/www.gitesdomainedelachapelle.com\/marches-provencaux-cote-azur\/#article","isPartOf":{"@id":"https:\/\/www.gitesdomainedelachapelle.com\/marches-provencaux-cote-azur\/"},"author":{"name":"Patrice","@id":"https:\/\/www.gitesdomainedelachapelle.com\/#\/schema\/person\/820b01290b5b0e5d56db451762c0e004"},"headline":"March\u00e9s proven\u00e7aux sur la C\u00f4te d\u2019Azur : les plus beaux march\u00e9s \u00e0 d\u00e9couvrir","datePublished":"2026-04-22T05:24:18+00:00","dateModified":"2026-04-22T05:28:17+00:00","mainEntityOfPage":{"@id":"https:\/\/www.gitesdomainedelachapelle.com\/marches-provencaux-cote-azur\/"},"wordCount":691,"commentCount":0,"publisher":{"@id":"https:\/\/www.gitesdomainedelachapelle.com\/#organization"},"image":{"@id":"https:\/\/www.gitesdomainedelachapelle.com\/marches-provencaux-cote-azur\/#primaryimage"},"thumbnailUrl":"https:\/\/www.gitesdomainedelachapelle.com\/wp-content\/uploads\/2026\/04\/produits-terroir-valbonne-marche.webp","keywords":["march\u00e9 Antibes","march\u00e9 C\u00f4te d\u2019Azur","march\u00e9 du sud de la France","march\u00e9 Menton","march\u00e9 Nice cours Saleya","march\u00e9 traditionnel","march\u00e9 Valbonne vendredi","march\u00e9s proven\u00e7aux","produits locaux Provence","que faire C\u00f4te d\u2019Azur","s\u00e9jour Provence","sp\u00e9cialit\u00e9s proven\u00e7ales","tourisme C\u00f4te d\u2019Azur","villages proven\u00e7aux","visite C\u00f4te d\u2019Azur"],"articleSection":["Activit\u00e9s"],"inLanguage":"de","potentialAction":[{"@type":"CommentAction","name":"Comment","target":["https:\/\/www.gitesdomainedelachapelle.com\/marches-provencaux-cote-azur\/#respond"]}]},{"@type":"WebPage","@id":"https:\/\/www.gitesdomainedelachapelle.com\/marches-provencaux-cote-azur\/","url":"https:\/\/www.gitesdomainedelachapelle.com\/marches-provencaux-cote-azur\/","name":"March\u00e9s proven\u00e7aux C\u00f4te d\u2019Azur : les plus beaux \u00e0 d\u00e9couvrir","isPartOf":{"@id":"https:\/\/www.gitesdomainedelachapelle.com\/#website"},"primaryImageOfPage":{"@id":"https:\/\/www.gitesdomainedelachapelle.com\/marches-provencaux-cote-azur\/#primaryimage"},"image":{"@id":"https:\/\/www.gitesdomainedelachapelle.com\/marches-provencaux-cote-azur\/#primaryimage"},"thumbnailUrl":"https:\/\/www.gitesdomainedelachapelle.com\/wp-content\/uploads\/2026\/04\/produits-terroir-valbonne-marche.webp","datePublished":"2026-04-22T05:24:18+00:00","dateModified":"2026-04-22T05:28:17+00:00","description":"D\u00e9couvrez les plus beaux march\u00e9s proven\u00e7aux de la C\u00f4te d\u2019Azur : produits locaux, ambiance typique et villages authentiques.","breadcrumb":{"@id":"https:\/\/www.gitesdomainedelachapelle.com\/marches-provencaux-cote-azur\/#breadcrumb"},"inLanguage":"de","potentialAction":[{"@type":"ReadAction","target":["https:\/\/www.gitesdomainedelachapelle.com\/marches-provencaux-cote-azur\/"]}]},{"@type":"ImageObject","inLanguage":"de","@id":"https:\/\/www.gitesdomainedelachapelle.com\/marches-provencaux-cote-azur\/#primaryimage","url":"https:\/\/www.gitesdomainedelachapelle.com\/wp-content\/uploads\/2026\/04\/produits-terroir-valbonne-marche.webp","contentUrl":"https:\/\/www.gitesdomainedelachapelle.com\/wp-content\/uploads\/2026\/04\/produits-terroir-valbonne-marche.webp","width":1600,"height":1067,"caption":"Produits locaux sur un march\u00e9 proven\u00e7al typique de la C\u00f4te d\u2019Azur."},{"@type":"BreadcrumbList","@id":"https:\/\/www.gitesdomainedelachapelle.com\/marches-provencaux-cote-azur\/#breadcrumb","itemListElement":[{"@type":"ListItem","position":1,"name":"Accueil","item":"https:\/\/www.gitesdomainedelachapelle.com\/"},{"@type":"ListItem","position":2,"name":"March\u00e9s proven\u00e7aux sur la C\u00f4te d\u2019Azur : les plus beaux march\u00e9s \u00e0 d\u00e9couvrir"}]},{"@type":"WebSite","@id":"https:\/\/www.gitesdomainedelachapelle.com\/#website","url":"https:\/\/www.gitesdomainedelachapelle.com\/","name":"Gites Domaine de la Chappelle","description":"G\u00eetes de charme avec piscine chauff\u00e9e et jacuzzi privatif sur la C\u00f4te d\u2019Azur","publisher":{"@id":"https:\/\/www.gitesdomainedelachapelle.com\/#organization"},"potentialAction":[{"@type":"SearchAction","target":{"@type":"EntryPoint","urlTemplate":"https:\/\/www.gitesdomainedelachapelle.com\/?s={search_term_string}"},"query-input":{"@type":"PropertyValueSpecification","valueRequired":true,"valueName":"search_term_string"}}],"inLanguage":"de"},{"@type":"Organization","@id":"https:\/\/www.gitesdomainedelachapelle.com\/#organization","name":"Gites Domaine de la Chappelle","url":"https:\/\/www.gitesdomainedelachapelle.com\/","logo":{"@type":"ImageObject","inLanguage":"de","@id":"https:\/\/www.gitesdomainedelachapelle.com\/#\/schema\/logo\/image\/","url":"https:\/\/www.gitesdomainedelachapelle.com\/wp-content\/uploads\/2025\/11\/LOGO-removebg-preview-1.webp","contentUrl":"https:\/\/www.gitesdomainedelachapelle.com\/wp-content\/uploads\/2025\/11\/LOGO-removebg-preview-1.webp","width":300,"height":300,"caption":"Gites Domaine de la Chappelle"},"image":{"@id":"https:\/\/www.gitesdomainedelachapelle.com\/#\/schema\/logo\/image\/"}},{"@type":"Person","@id":"https:\/\/www.gitesdomainedelachapelle.com\/#\/schema\/person\/820b01290b5b0e5d56db451762c0e004","name":"Patrice","pronouns":"nous","image":{"@type":"ImageObject","inLanguage":"de","@id":"https:\/\/secure.gravatar.com\/avatar\/e3f93a01e7806e1fe58fdbecfe9ca6bb725d62824cfd4bcd93ab79fb93dc4f5d?s=96&d=mm&r=g","url":"https:\/\/secure.gravatar.com\/avatar\/e3f93a01e7806e1fe58fdbecfe9ca6bb725d62824cfd4bcd93ab79fb93dc4f5d?s=96&d=mm&r=g","contentUrl":"https:\/\/secure.gravatar.com\/avatar\/e3f93a01e7806e1fe58fdbecfe9ca6bb725d62824cfd4bcd93ab79fb93dc4f5d?s=96&d=mm&r=g","caption":"Patrice"},"description":"Propri\u00e9taire des G\u00eetes Domaine de la Chapelle, je propose des h\u00e9bergements de charme situ\u00e9s \u00e0 Roquefort-les-Pins, au c\u0153ur de l\u2019arri\u00e8re-pays ni\u00e7ois, entre Nice, Cannes et Grasse, sur la C\u00f4te d\u2019Azur. Nous proposons des locations de vacances haut de gamme, pens\u00e9es pour les couples \u00e0 la recherche d\u2019un s\u00e9jour en amoureux, d\u2019un week-end d\u00e9tente ou de vacances bien-\u00eatre en Provence, avec piscine chauff\u00e9e et jacuzzi privatif, dans un environnement calme, naturel et sans vis-\u00e0-vis. Chaque logement est con\u00e7u pour offrir confort, intimit\u00e9 et qualit\u00e9, avec une attention particuli\u00e8re port\u00e9e \u00e0 l\u2019accueil, aux \u00e9quipements et \u00e0 l\u2019exp\u00e9rience globale du s\u00e9jour. Notre objectif est simple : permettre \u00e0 nos h\u00f4tes de se ressourcer et de profiter pleinement du soleil du Sud, d\u2019un cadre idyllique et des richesses de la C\u00f4te d\u2019Azur.","sameAs":["https:\/\/www.gitesdomainedelachapelle.com","https:\/\/www.facebook.com\/patrice.campanella\/","https:\/\/www.instagram.com\/piscine_jacuzzi_cotedazur\/","https:\/\/www.linkedin.com\/in\/g\u00eetes-domaine-de-la-chapelle-avec-piscine-chauff\u00e9e-et-jacuzzi-privatifs-sur-la-c\u00f4te-d-azur-54053572\/","https:\/\/fr.pinterest.com\/gitesdomainedelachapelle\/","https:\/\/www.youtube.com\/@gitesdomainedelachapelle"],"url":"https:\/\/www.gitesdomainedelachapelle.com\/de\/author\/patrice\/"}]}},"_links":{"self":[{"href":"https:\/\/www.gitesdomainedelachapelle.com\/de\/wp-json\/wp\/v2\/posts\/26572070","targetHints":{"allow":["GET"]}}],"collection":[{"href":"https:\/\/www.gitesdomainedelachapelle.com\/de\/wp-json\/wp\/v2\/posts"}],"about":[{"href":"https:\/\/www.gitesdomainedelachapelle.com\/de\/wp-json\/wp\/v2\/types\/post"}],"author":[{"embeddable":true,"href":"https:\/\/www.gitesdomainedelachapelle.com\/de\/wp-json\/wp\/v2\/users\/3"}],"replies":[{"embeddable":true,"href":"https:\/\/www.gitesdomainedelachapelle.com\/de\/wp-json\/wp\/v2\/comments?post=26572070"}],"version-history":[{"count":1,"href":"https:\/\/www.gitesdomainedelachapelle.com\/de\/wp-json\/wp\/v2\/posts\/26572070\/revisions"}],"predecessor-version":[{"id":26572073,"href":"https:\/\/www.gitesdomainedelachapelle.com\/de\/wp-json\/wp\/v2\/posts\/26572070\/revisions\/26572073"}],"wp:featuredmedia":[{"embeddable":true,"href":"https:\/\/www.gitesdomainedelachapelle.com\/de\/wp-json\/wp\/v2\/media\/26572072"}],"wp:attachment":[{"href":"https:\/\/www.gitesdomainedelachapelle.com\/de\/wp-json\/wp\/v2\/media?parent=26572070"}],"wp:term":[{"taxonomy":"category","embeddable":true,"href":"https:\/\/www.gitesdomainedelachapelle.com\/de\/wp-json\/wp\/v2\/categories?post=26572070"},{"taxonomy":"post_tag","embeddable":true,"href":"https:\/\/www.gitesdomainedelachapelle.com\/de\/wp-json\/wp\/v2\/tags?post=26572070"},{"taxonomy":"dipi_cpt_category","embeddable":true,"href":"https:\/\/www.gitesdomainedelachapelle.com\/de\/wp-json\/wp\/v2\/dipi_cpt_category?post=26572070"}],"curies":[{"name":"wp","href":"https:\/\/api.w.org\/{rel}","templated":true}]}}