{"id":26572105,"date":"2026-04-25T17:28:03","date_gmt":"2026-04-25T16:28:03","guid":{"rendered":"https:\/\/www.gitesdomainedelachapelle.com\/?p=26572105"},"modified":"2026-04-27T16:40:05","modified_gmt":"2026-04-27T15:40:05","slug":"musees-cote-azur-nice-antibes","status":"publish","type":"post","link":"https:\/\/www.gitesdomainedelachapelle.com\/de\/musees-cote-azur-nice-antibes\/","title":{"rendered":"Die sch\u00f6nsten Museen der C\u00f4te d'Azur, die Sie entdecken sollten"},"content":{"rendered":"<p>Die C\u00f4te d\u2019Azur beschr\u00e4nkt sich nicht nur auf ihre Str\u00e4nde und Sonne. Sie ist auch ein Muss f\u00fcr Kunst- und Kulturliebhaber. Zwischen Nizza, Antibes, Biot, Saint-Paul-de-Vence und Monaco ist die Region reich an prestigetr\u00e4chtigen Museen.<\/p>\n\n\n\n<p>Seit den <strong>G\u00eetes Domaine de la Chapelle in Roquefort-les-Pins<\/strong>, ..., erreichen Sie bequem die gr\u00f6\u00dften Kulturst\u00e4tten der Franz\u00f6sischen Riviera, perfekt f\u00fcr einen Aufenthalt, der Entdeckung, Kulturerbe und Entspannung miteinander verbindet.<\/p>\n\n\n\n<hr class=\"wp-block-separator has-alpha-channel-opacity\"\/>\n\n\n\n<h2 class=\"wp-block-heading\">Mus\u00e9e Picasso d\u2019Antibes (Ch\u00e2teau Grimaldi)<\/h2>\n\n\n\n<p>Das Picasso-Museum von Antibes befindet sich im ber\u00fchmten Grimaldi-Schloss und ist einer der bekanntesten Orte der C\u00f4te d'Azur.<br>Hier wohnte Pablo Picasso 1946 und schuf mehrere bedeutende Werke.<\/p>\n\n\n\n<p>Das Museum bietet an:<\/p>\n\n\n\n<ul class=\"wp-block-list\">\n<li>eine Sammlung von Originalwerken<\/li>\n\n\n\n<li>Skulpturen, die auf der Terrasse ausgestellt sind<\/li>\n\n\n\n<li>ein au\u00dfergew\u00f6hnlicher Blick auf das Mittelmeer<\/li>\n<\/ul>\n\n\n\n<p>Un incontournable \u00e0 visiter lors de votre s\u00e9jour sur la C\u00f4te d\u2019Azur.<\/p>\n\n\n\n<hr class=\"wp-block-separator has-alpha-channel-opacity\"\/>\n\n\n\n<h2 class=\"wp-block-heading\">Mus\u00e9e national Marc Chagall \u00e0 Nice<\/h2>\n\n\n\n<p>Das Mus\u00e9e Marc Chagall beherbergt die gr\u00f6\u00dfte \u00f6ffentliche Sammlung der Welt, die dem K\u00fcnstler gewidmet ist.<br>Seine farbenfrohen Werke, inspiriert von der Bibel, bieten ein einzigartiges Kunsterlebnis.<\/p>\n\n\n\n<p>Dort finden Sie:<\/p>\n\n\n\n<ul class=\"wp-block-list\">\n<li>Ein helles und modernes Museum<\/li>\n\n\n\n<li>ein beruhigender mediterraner Garten<\/li>\n\n\n\n<li>bemerkenswerte Glasfenster<\/li>\n<\/ul>\n\n\n\n<p>Id\u00e9al pour une visite culturelle calme et enrichissante \u00e0 Nice.<\/p>\n\n\n\n<hr class=\"wp-block-separator has-alpha-channel-opacity\"\/>\n\n\n\n<h2 class=\"wp-block-heading\">Fondation Maeght \u00e0 Saint-Paul-de-Vence<\/h2>\n\n\n\n<p>Auf den H\u00f6hen von Saint-Paul-de-Vence gelegen, ist die Fondation Maeght eines der gr\u00f6\u00dften Zentren f\u00fcr moderne und zeitgen\u00f6ssische Kunst in Europa.<\/p>\n\n\n\n<p>Zu entdecken:<\/p>\n\n\n\n<ul class=\"wp-block-list\">\n<li>Werke von Mir\u00f3, Giacometti, Calder<\/li>\n\n\n\n<li>ein au\u00dfergew\u00f6hnlicher Skulpturengarten<\/li>\n\n\n\n<li>eine Architektur, die in die Natur integriert ist<\/li>\n<\/ul>\n\n\n\n<p>\ud83d\udc49 Ein einzigartiger Besuch zwischen Kunst und provenzalischer Landschaft.<\/p>\n\n\n\n<hr class=\"wp-block-separator has-alpha-channel-opacity\"\/>\n\n\n\n<h2 class=\"wp-block-heading\">Mus\u00e9e Fernand L\u00e9ger \u00e0 Biot<\/h2>\n\n\n\n<p>Dieses Museum in Biot widmet sich dem farbenfrohen und modernen Werk von Fernand L\u00e9ger.<\/p>\n\n\n\n<p>St\u00e4rken:<\/p>\n\n\n\n<ul class=\"wp-block-list\">\n<li>monumentale Fassadenfresken<\/li>\n\n\n\n<li>mehr als 400 ausgestellte Werke<\/li>\n\n\n\n<li>nat\u00fcrliches mediterranes Umfeld<\/li>\n<\/ul>\n\n\n\n<p>Une visite accessible et dynamique, id\u00e9ale pour d\u00e9couvrir l\u2019art moderne.<\/p>\n\n\n\n<hr class=\"wp-block-separator has-alpha-channel-opacity\"\/>\n\n\n\n<h2 class=\"wp-block-heading\">MAMAC \u2013 Mus\u00e9e d\u2019Art Moderne et Contemporain de Nice<\/h2>\n\n\n\n<p>Das MAMAC ist ein Muss in Nizza, das der zeitgen\u00f6ssischen Kunst gewidmet ist.<\/p>\n\n\n\n<p>Dort entdecken Sie:<\/p>\n\n\n\n<ul class=\"wp-block-list\">\n<li>von Werken gro\u00dfer K\u00fcnstler wie Yves Klein<\/li>\n\n\n\n<li>moderne und abwechslungsreiche Ausstellungen<\/li>\n\n\n\n<li>von Terrassen mit Blick auf die Stadt<\/li>\n<\/ul>\n\n\n\n<p>Le mus\u00e9e est actuellement en r\u00e9novation, mais reste une r\u00e9f\u00e9rence culturelle sur la C\u00f4te d\u2019Azur.<\/p>\n\n\n\n<hr class=\"wp-block-separator has-alpha-channel-opacity\"\/>\n\n\n\n<h2 class=\"wp-block-heading\">Mus\u00e9e Matisse \u00e0 Nice<\/h2>\n\n\n\n<p>Das im Besitz einer pr\u00e4chtigen Villa in Cimiez befindliche Matisse-Museum zeichnet die Entwicklung des K\u00fcnstlers nach.<\/p>\n\n\n\n<p>Zu entdecken:<\/p>\n\n\n\n<ul class=\"wp-block-list\">\n<li>Gem\u00e4lde, Zeichnungen und Skulpturen<\/li>\n\n\n\n<li>Matisses pers\u00f6nliche Gegenst\u00e4nde<\/li>\n\n\n\n<li>ein friedlicher Ort inmitten von Olivenb\u00e4umen<\/li>\n<\/ul>\n\n\n\n<p>Parfait pour une visite culturelle au calme.<\/p>\n\n\n\n<hr class=\"wp-block-separator has-alpha-channel-opacity\"\/>\n\n\n\n<h2 class=\"wp-block-heading\">Mus\u00e9e Renoir \u00e0 Cagnes-sur-Mer<\/h2>\n\n\n\n<p>Dieses Museum in dem Haus, in dem Renoir lebte, bietet ein Eintauchen in seine Welt.<\/p>\n\n\n\n<p>Dort finden Sie:<\/p>\n\n\n\n<ul class=\"wp-block-list\">\n<li>sein urspr\u00fcngliches Atelier<\/li>\n\n\n\n<li>seine Werke<\/li>\n\n\n\n<li>ein Garten mit Meerblick<\/li>\n<\/ul>\n\n\n\n<p>Un lieu plein de charme et d\u2019histoire.<\/p>\n\n\n\n<hr class=\"wp-block-separator has-alpha-channel-opacity\"\/>\n\n\n\n<h2 class=\"wp-block-heading\">Mus\u00e9e Oc\u00e9anographique de Monaco<\/h2>\n\n\n\n<p>Auf einem Felsen mit Blick auf das Mittelmeer gelegen, ist dieses Museum eines der beeindruckendsten der Region.<\/p>\n\n\n\n<p>Er schl\u00e4gt vor:<\/p>\n\n\n\n<ul class=\"wp-block-list\">\n<li>des spektakul\u00e4ren Aquariums<\/li>\n\n\n\n<li>Ausstellungen \u00fcber die Meereswelt<\/li>\n\n\n\n<li>ein au\u00dfergew\u00f6hnlicher Panoramablick<\/li>\n<\/ul>\n\n\n\n<p>Une visite incontournable pour petits et grands.<\/p>\n\n\n\n<hr class=\"wp-block-separator has-alpha-channel-opacity\"\/>\n\n\n\n<h2 class=\"wp-block-heading\">O\u00f9 s\u00e9journer pour visiter les mus\u00e9es de la C\u00f4te d\u2019Azur ?<\/h2>\n\n\n\n<p>Lesen <strong>G\u00eetes Domaine de la Chapelle in Roquefort-les-Pins<\/strong> liegen ideal, um all diese Museen zu entdecken.<\/p>\n\n\n\n<p>\u2714 Zwischen Nizza, Antibes, Cannes und dem Hinterland<br>\u2714 Schneller Zugang zu den wichtigsten Kulturst\u00e4tten<br>\u2714 Ruhige und nat\u00fcrliche Umgebung<br>Beheizter Pool und privater Whirlpool zur Entspannung nach Ihren Besuchen<\/p>\n\n\n\n<hr class=\"wp-block-separator has-alpha-channel-opacity\"\/>\n\n\n\n<h2 class=\"wp-block-heading\">FAQ \u2013 Mus\u00e9es C\u00f4te d\u2019Azur<\/h2>\n\n\n\n<p><strong>Welche Museen auf der C\u00f4te d'Azur sollte man unbedingt besuchen?<\/strong><br>Das Picasso-Museum in Antibes, das Chagall-Museum in Nizza, die Fondation Maeght und das L\u00e9ger-Museum in Biot geh\u00f6ren zu den meistbesuchten.<\/p>\n\n\n\n<p><strong>Kann man an einem Wochenende mehrere Museen besuchen?<\/strong><br>Ja, die N\u00e4he zwischen den St\u00e4dten erm\u00f6glicht es, mehrere Museen in wenigen Tagen zu entdecken.<\/p>\n\n\n\n<p><strong>Welches Museum soll man in der N\u00e4he von Roquefort-les-Pins besuchen?<\/strong><br>Die n\u00e4chsten sind die in Biot, Antibes, Nizza und Saint-Paul-de-Vence.<\/p>\n\n\n\n<hr class=\"wp-block-separator has-alpha-channel-opacity\"\/>\n\n\n\n<h2 class=\"wp-block-heading\">Conclusion<\/h2>\n\n\n\n<p>Die C\u00f4te d\u2019Azur ist ein wahres k\u00fcnstlerisches Territorium, reich an Museen und kulturellen St\u00e4tten.<br>Zwischen moderner Kunst, Kulturerbe und au\u00dfergew\u00f6hnlichen Landschaften wird jeder Besuch zu einem einzigartigen Erlebnis.<\/p>\n\n\n\n<p>Profitez de votre s\u00e9jour aux G\u00eetes Domaine de la Chapelle pour allier d\u00e9couverte culturelle et d\u00e9tente sur la French Riviera.<\/p>\n\n\n\n<figure class=\"wp-block-embed is-type-wp-embed is-provider-g-tes-domaine-de-la-chapelle wp-block-embed-g-tes-domaine-de-la-chapelle\"><div class=\"wp-block-embed__wrapper\">\nhttps:\/\/www.gitesdomainedelachapelle.com\/nos-appartements\n<\/div><\/figure>","protected":false},"excerpt":{"rendered":"<p>La C\u00f4te d\u2019Azur ne se r\u00e9sume pas \u00e0 ses plages et son soleil. C\u2019est aussi une destination incontournable pour les amateurs d\u2019art et de culture. Entre Nice, Antibes, Biot, Saint-Paul-de-Vence et Monaco, la r\u00e9gion regorge de mus\u00e9es prestigieux. Depuis les G\u00eetes Domaine de la Chapelle \u00e0 Roquefort-les-Pins, vous acc\u00e9dez facilement aux plus grands sites culturels [&hellip;]<\/p>\n","protected":false},"author":3,"featured_media":26572106,"comment_status":"open","ping_status":"open","sticky":false,"template":"","format":"standard","meta":{"_et_pb_use_builder":"off","_et_pb_old_content":"","_et_gb_content_width":"","footnotes":""},"categories":[18],"tags":[164,235,236,237],"dipi_cpt_category":[],"class_list":["post-26572105","post","type-post","status-publish","format-standard","has-post-thumbnail","hentry","category-activites-idees-cote-azur","tag-musee-antibes","tag-musee-nice-2","tag-musees-cote-dazur","tag-visite-culturelle-cote-dazur"],"yoast_head":"<!-- This site is optimized with the Yoast SEO plugin v27.4 - https:\/\/yoast.com\/product\/yoast-seo-wordpress\/ -->\n<title>Mus\u00e9es C\u00f4te d\u2019Azur : incontournables \u00e0 Nice et Antibes<\/title>\n<meta name=\"description\" content=\"D\u00e9couvrez les plus beaux mus\u00e9es de la C\u00f4te d\u2019Azur \u00e0 Nice et Antibes. Art, culture et patrimoine \u00e0 visiter pr\u00e8s de Roquefort-les-Pins.\" \/>\n<meta name=\"robots\" content=\"index, follow, max-snippet:-1, max-image-preview:large, max-video-preview:-1\" \/>\n<link rel=\"canonical\" href=\"https:\/\/www.gitesdomainedelachapelle.com\/de\/musees-cote-azur-nice-antibes\/\" \/>\n<meta property=\"og:locale\" content=\"de_DE\" \/>\n<meta property=\"og:type\" content=\"article\" \/>\n<meta property=\"og:title\" content=\"Mus\u00e9es C\u00f4te d\u2019Azur : incontournables \u00e0 Nice et Antibes\" \/>\n<meta property=\"og:description\" content=\"D\u00e9couvrez les plus beaux mus\u00e9es de la C\u00f4te d\u2019Azur \u00e0 Nice et Antibes. Art, culture et patrimoine \u00e0 visiter pr\u00e8s de Roquefort-les-Pins.\" \/>\n<meta property=\"og:url\" content=\"https:\/\/www.gitesdomainedelachapelle.com\/de\/musees-cote-azur-nice-antibes\/\" \/>\n<meta property=\"og:site_name\" content=\"G\u00eetes Domaine de la Chapelle\" \/>\n<meta property=\"article:author\" content=\"https:\/\/www.facebook.com\/patrice.campanella\/\" \/>\n<meta property=\"article:published_time\" content=\"2026-04-25T16:28:03+00:00\" \/>\n<meta property=\"article:modified_time\" content=\"2026-04-27T15:40:05+00:00\" \/>\n<meta property=\"og:image\" content=\"https:\/\/www.gitesdomainedelachapelle.com\/wp-content\/uploads\/2026\/04\/musees-cote-d-azur-art-culture-nice-antibes-monaco-roquefort-les-pins.webp\" \/>\n\t<meta property=\"og:image:width\" content=\"1200\" \/>\n\t<meta property=\"og:image:height\" content=\"627\" \/>\n\t<meta property=\"og:image:type\" content=\"image\/webp\" \/>\n<meta name=\"author\" content=\"Patrice\" \/>\n<meta name=\"twitter:card\" content=\"summary_large_image\" \/>\n<meta name=\"twitter:label1\" content=\"Verfasst von\" \/>\n\t<meta name=\"twitter:data1\" content=\"Patrice\" \/>\n\t<meta name=\"twitter:label2\" content=\"Gesch\u00e4tzte Lesezeit\" \/>\n\t<meta name=\"twitter:data2\" content=\"4\u00a0Minuten\" \/>\n<script type=\"application\/ld+json\" class=\"yoast-schema-graph\">{\"@context\":\"https:\\\/\\\/schema.org\",\"@graph\":[{\"@type\":\"Article\",\"@id\":\"https:\\\/\\\/www.gitesdomainedelachapelle.com\\\/musees-cote-azur-nice-antibes\\\/#article\",\"isPartOf\":{\"@id\":\"https:\\\/\\\/www.gitesdomainedelachapelle.com\\\/musees-cote-azur-nice-antibes\\\/\"},\"author\":{\"name\":\"Patrice\",\"@id\":\"https:\\\/\\\/www.gitesdomainedelachapelle.com\\\/#\\\/schema\\\/person\\\/820b01290b5b0e5d56db451762c0e004\"},\"headline\":\"Les plus beaux mus\u00e9es de la C\u00f4te d\u2019Azur \u00e0 d\u00e9couvrir\",\"datePublished\":\"2026-04-25T16:28:03+00:00\",\"dateModified\":\"2026-04-27T15:40:05+00:00\",\"mainEntityOfPage\":{\"@id\":\"https:\\\/\\\/www.gitesdomainedelachapelle.com\\\/musees-cote-azur-nice-antibes\\\/\"},\"wordCount\":792,\"commentCount\":0,\"publisher\":{\"@id\":\"https:\\\/\\\/www.gitesdomainedelachapelle.com\\\/#organization\"},\"image\":{\"@id\":\"https:\\\/\\\/www.gitesdomainedelachapelle.com\\\/musees-cote-azur-nice-antibes\\\/#primaryimage\"},\"thumbnailUrl\":\"https:\\\/\\\/www.gitesdomainedelachapelle.com\\\/wp-content\\\/uploads\\\/2026\\\/04\\\/musees-cote-d-azur-art-culture-nice-antibes-monaco-roquefort-les-pins.webp\",\"keywords\":[\"mus\u00e9e antibes\",\"mus\u00e9e nice\",\"mus\u00e9es c\u00f4te d\u2019azur\",\"visite culturelle c\u00f4te d\u2019azur\"],\"articleSection\":[\"Activit\u00e9s &amp; Id\u00e9es sur la C\u00f4te d'Azur\"],\"inLanguage\":\"de\",\"potentialAction\":[{\"@type\":\"CommentAction\",\"name\":\"Comment\",\"target\":[\"https:\\\/\\\/www.gitesdomainedelachapelle.com\\\/musees-cote-azur-nice-antibes\\\/#respond\"]}]},{\"@type\":\"WebPage\",\"@id\":\"https:\\\/\\\/www.gitesdomainedelachapelle.com\\\/musees-cote-azur-nice-antibes\\\/\",\"url\":\"https:\\\/\\\/www.gitesdomainedelachapelle.com\\\/musees-cote-azur-nice-antibes\\\/\",\"name\":\"Mus\u00e9es C\u00f4te d\u2019Azur : incontournables \u00e0 Nice et Antibes\",\"isPartOf\":{\"@id\":\"https:\\\/\\\/www.gitesdomainedelachapelle.com\\\/#website\"},\"primaryImageOfPage\":{\"@id\":\"https:\\\/\\\/www.gitesdomainedelachapelle.com\\\/musees-cote-azur-nice-antibes\\\/#primaryimage\"},\"image\":{\"@id\":\"https:\\\/\\\/www.gitesdomainedelachapelle.com\\\/musees-cote-azur-nice-antibes\\\/#primaryimage\"},\"thumbnailUrl\":\"https:\\\/\\\/www.gitesdomainedelachapelle.com\\\/wp-content\\\/uploads\\\/2026\\\/04\\\/musees-cote-d-azur-art-culture-nice-antibes-monaco-roquefort-les-pins.webp\",\"datePublished\":\"2026-04-25T16:28:03+00:00\",\"dateModified\":\"2026-04-27T15:40:05+00:00\",\"description\":\"D\u00e9couvrez les plus beaux mus\u00e9es de la C\u00f4te d\u2019Azur \u00e0 Nice et Antibes. Art, culture et patrimoine \u00e0 visiter pr\u00e8s de Roquefort-les-Pins.\",\"breadcrumb\":{\"@id\":\"https:\\\/\\\/www.gitesdomainedelachapelle.com\\\/musees-cote-azur-nice-antibes\\\/#breadcrumb\"},\"inLanguage\":\"de\",\"potentialAction\":[{\"@type\":\"ReadAction\",\"target\":[\"https:\\\/\\\/www.gitesdomainedelachapelle.com\\\/musees-cote-azur-nice-antibes\\\/\"]}]},{\"@type\":\"ImageObject\",\"inLanguage\":\"de\",\"@id\":\"https:\\\/\\\/www.gitesdomainedelachapelle.com\\\/musees-cote-azur-nice-antibes\\\/#primaryimage\",\"url\":\"https:\\\/\\\/www.gitesdomainedelachapelle.com\\\/wp-content\\\/uploads\\\/2026\\\/04\\\/musees-cote-d-azur-art-culture-nice-antibes-monaco-roquefort-les-pins.webp\",\"contentUrl\":\"https:\\\/\\\/www.gitesdomainedelachapelle.com\\\/wp-content\\\/uploads\\\/2026\\\/04\\\/musees-cote-d-azur-art-culture-nice-antibes-monaco-roquefort-les-pins.webp\",\"width\":1200,\"height\":627,\"caption\":\"Explorez les plus beaux mus\u00e9es de la C\u00f4te d\u2019Azur et plongez dans l\u2019art et la culture entre Nice, Antibes et Monaco.\"},{\"@type\":\"BreadcrumbList\",\"@id\":\"https:\\\/\\\/www.gitesdomainedelachapelle.com\\\/musees-cote-azur-nice-antibes\\\/#breadcrumb\",\"itemListElement\":[{\"@type\":\"ListItem\",\"position\":1,\"name\":\"Accueil\",\"item\":\"https:\\\/\\\/www.gitesdomainedelachapelle.com\\\/\"},{\"@type\":\"ListItem\",\"position\":2,\"name\":\"Les plus beaux mus\u00e9es de la C\u00f4te d\u2019Azur \u00e0 d\u00e9couvrir\"}]},{\"@type\":\"WebSite\",\"@id\":\"https:\\\/\\\/www.gitesdomainedelachapelle.com\\\/#website\",\"url\":\"https:\\\/\\\/www.gitesdomainedelachapelle.com\\\/\",\"name\":\"Gites Domaine de la Chappelle\",\"description\":\"G\u00eetes de charme avec piscine chauff\u00e9e et jacuzzi privatif sur la C\u00f4te d\u2019Azur\",\"publisher\":{\"@id\":\"https:\\\/\\\/www.gitesdomainedelachapelle.com\\\/#organization\"},\"potentialAction\":[{\"@type\":\"SearchAction\",\"target\":{\"@type\":\"EntryPoint\",\"urlTemplate\":\"https:\\\/\\\/www.gitesdomainedelachapelle.com\\\/?s={search_term_string}\"},\"query-input\":{\"@type\":\"PropertyValueSpecification\",\"valueRequired\":true,\"valueName\":\"search_term_string\"}}],\"inLanguage\":\"de\"},{\"@type\":\"Organization\",\"@id\":\"https:\\\/\\\/www.gitesdomainedelachapelle.com\\\/#organization\",\"name\":\"Gites Domaine de la Chappelle\",\"url\":\"https:\\\/\\\/www.gitesdomainedelachapelle.com\\\/\",\"logo\":{\"@type\":\"ImageObject\",\"inLanguage\":\"de\",\"@id\":\"https:\\\/\\\/www.gitesdomainedelachapelle.com\\\/#\\\/schema\\\/logo\\\/image\\\/\",\"url\":\"https:\\\/\\\/www.gitesdomainedelachapelle.com\\\/wp-content\\\/uploads\\\/2025\\\/11\\\/LOGO-removebg-preview-1.webp\",\"contentUrl\":\"https:\\\/\\\/www.gitesdomainedelachapelle.com\\\/wp-content\\\/uploads\\\/2025\\\/11\\\/LOGO-removebg-preview-1.webp\",\"width\":300,\"height\":300,\"caption\":\"Gites Domaine de la Chappelle\"},\"image\":{\"@id\":\"https:\\\/\\\/www.gitesdomainedelachapelle.com\\\/#\\\/schema\\\/logo\\\/image\\\/\"}},{\"@type\":\"Person\",\"@id\":\"https:\\\/\\\/www.gitesdomainedelachapelle.com\\\/#\\\/schema\\\/person\\\/820b01290b5b0e5d56db451762c0e004\",\"name\":\"Patrice\",\"pronouns\":\"nous\",\"image\":{\"@type\":\"ImageObject\",\"inLanguage\":\"de\",\"@id\":\"https:\\\/\\\/secure.gravatar.com\\\/avatar\\\/e3f93a01e7806e1fe58fdbecfe9ca6bb725d62824cfd4bcd93ab79fb93dc4f5d?s=96&d=mm&r=g\",\"url\":\"https:\\\/\\\/secure.gravatar.com\\\/avatar\\\/e3f93a01e7806e1fe58fdbecfe9ca6bb725d62824cfd4bcd93ab79fb93dc4f5d?s=96&d=mm&r=g\",\"contentUrl\":\"https:\\\/\\\/secure.gravatar.com\\\/avatar\\\/e3f93a01e7806e1fe58fdbecfe9ca6bb725d62824cfd4bcd93ab79fb93dc4f5d?s=96&d=mm&r=g\",\"caption\":\"Patrice\"},\"description\":\"Propri\u00e9taire des G\u00eetes Domaine de la Chapelle, je propose des h\u00e9bergements de charme situ\u00e9s \u00e0 Roquefort-les-Pins, au c\u0153ur de l\u2019arri\u00e8re-pays ni\u00e7ois, entre Nice, Cannes et Grasse, sur la C\u00f4te d\u2019Azur. Nous proposons des locations de vacances haut de gamme, pens\u00e9es pour les couples \u00e0 la recherche d\u2019un s\u00e9jour en amoureux, d\u2019un week-end d\u00e9tente ou de vacances bien-\u00eatre en Provence, avec piscine chauff\u00e9e et jacuzzi privatif, dans un environnement calme, naturel et sans vis-\u00e0-vis. Chaque logement est con\u00e7u pour offrir confort, intimit\u00e9 et qualit\u00e9, avec une attention particuli\u00e8re port\u00e9e \u00e0 l\u2019accueil, aux \u00e9quipements et \u00e0 l\u2019exp\u00e9rience globale du s\u00e9jour. Notre objectif est simple : permettre \u00e0 nos h\u00f4tes de se ressourcer et de profiter pleinement du soleil du Sud, d\u2019un cadre idyllique et des richesses de la C\u00f4te d\u2019Azur.\",\"sameAs\":[\"https:\\\/\\\/www.gitesdomainedelachapelle.com\",\"https:\\\/\\\/www.facebook.com\\\/patrice.campanella\\\/\",\"https:\\\/\\\/www.instagram.com\\\/piscine_jacuzzi_cotedazur\\\/\",\"https:\\\/\\\/www.linkedin.com\\\/in\\\/g\u00eetes-domaine-de-la-chapelle-avec-piscine-chauff\u00e9e-et-jacuzzi-privatifs-sur-la-c\u00f4te-d-azur-54053572\\\/\",\"https:\\\/\\\/fr.pinterest.com\\\/gitesdomainedelachapelle\\\/\",\"https:\\\/\\\/www.youtube.com\\\/@gitesdomainedelachapelle\"],\"url\":\"https:\\\/\\\/www.gitesdomainedelachapelle.com\\\/de\\\/author\\\/patrice\\\/\"}]}<\/script>\n<!-- \/ Yoast SEO plugin. -->","yoast_head_json":{"title":"Mus\u00e9es C\u00f4te d\u2019Azur : incontournables \u00e0 Nice et Antibes","description":"D\u00e9couvrez les plus beaux mus\u00e9es de la C\u00f4te d\u2019Azur \u00e0 Nice et Antibes. Art, culture et patrimoine \u00e0 visiter pr\u00e8s de Roquefort-les-Pins.","robots":{"index":"index","follow":"follow","max-snippet":"max-snippet:-1","max-image-preview":"max-image-preview:large","max-video-preview":"max-video-preview:-1"},"canonical":"https:\/\/www.gitesdomainedelachapelle.com\/de\/musees-cote-azur-nice-antibes\/","og_locale":"de_DE","og_type":"article","og_title":"Mus\u00e9es C\u00f4te d\u2019Azur : incontournables \u00e0 Nice et Antibes","og_description":"D\u00e9couvrez les plus beaux mus\u00e9es de la C\u00f4te d\u2019Azur \u00e0 Nice et Antibes. Art, culture et patrimoine \u00e0 visiter pr\u00e8s de Roquefort-les-Pins.","og_url":"https:\/\/www.gitesdomainedelachapelle.com\/de\/musees-cote-azur-nice-antibes\/","og_site_name":"G\u00eetes Domaine de la Chapelle","article_author":"https:\/\/www.facebook.com\/patrice.campanella\/","article_published_time":"2026-04-25T16:28:03+00:00","article_modified_time":"2026-04-27T15:40:05+00:00","og_image":[{"width":1200,"height":627,"url":"https:\/\/www.gitesdomainedelachapelle.com\/wp-content\/uploads\/2026\/04\/musees-cote-d-azur-art-culture-nice-antibes-monaco-roquefort-les-pins.webp","type":"image\/webp"}],"author":"Patrice","twitter_card":"summary_large_image","twitter_misc":{"Verfasst von":"Patrice","Gesch\u00e4tzte Lesezeit":"4\u00a0Minuten"},"schema":{"@context":"https:\/\/schema.org","@graph":[{"@type":"Article","@id":"https:\/\/www.gitesdomainedelachapelle.com\/musees-cote-azur-nice-antibes\/#article","isPartOf":{"@id":"https:\/\/www.gitesdomainedelachapelle.com\/musees-cote-azur-nice-antibes\/"},"author":{"name":"Patrice","@id":"https:\/\/www.gitesdomainedelachapelle.com\/#\/schema\/person\/820b01290b5b0e5d56db451762c0e004"},"headline":"Les plus beaux mus\u00e9es de la C\u00f4te d\u2019Azur \u00e0 d\u00e9couvrir","datePublished":"2026-04-25T16:28:03+00:00","dateModified":"2026-04-27T15:40:05+00:00","mainEntityOfPage":{"@id":"https:\/\/www.gitesdomainedelachapelle.com\/musees-cote-azur-nice-antibes\/"},"wordCount":792,"commentCount":0,"publisher":{"@id":"https:\/\/www.gitesdomainedelachapelle.com\/#organization"},"image":{"@id":"https:\/\/www.gitesdomainedelachapelle.com\/musees-cote-azur-nice-antibes\/#primaryimage"},"thumbnailUrl":"https:\/\/www.gitesdomainedelachapelle.com\/wp-content\/uploads\/2026\/04\/musees-cote-d-azur-art-culture-nice-antibes-monaco-roquefort-les-pins.webp","keywords":["mus\u00e9e antibes","mus\u00e9e nice","mus\u00e9es c\u00f4te d\u2019azur","visite culturelle c\u00f4te d\u2019azur"],"articleSection":["Activit\u00e9s &amp; Id\u00e9es sur la C\u00f4te d'Azur"],"inLanguage":"de","potentialAction":[{"@type":"CommentAction","name":"Comment","target":["https:\/\/www.gitesdomainedelachapelle.com\/musees-cote-azur-nice-antibes\/#respond"]}]},{"@type":"WebPage","@id":"https:\/\/www.gitesdomainedelachapelle.com\/musees-cote-azur-nice-antibes\/","url":"https:\/\/www.gitesdomainedelachapelle.com\/musees-cote-azur-nice-antibes\/","name":"Mus\u00e9es C\u00f4te d\u2019Azur : incontournables \u00e0 Nice et Antibes","isPartOf":{"@id":"https:\/\/www.gitesdomainedelachapelle.com\/#website"},"primaryImageOfPage":{"@id":"https:\/\/www.gitesdomainedelachapelle.com\/musees-cote-azur-nice-antibes\/#primaryimage"},"image":{"@id":"https:\/\/www.gitesdomainedelachapelle.com\/musees-cote-azur-nice-antibes\/#primaryimage"},"thumbnailUrl":"https:\/\/www.gitesdomainedelachapelle.com\/wp-content\/uploads\/2026\/04\/musees-cote-d-azur-art-culture-nice-antibes-monaco-roquefort-les-pins.webp","datePublished":"2026-04-25T16:28:03+00:00","dateModified":"2026-04-27T15:40:05+00:00","description":"D\u00e9couvrez les plus beaux mus\u00e9es de la C\u00f4te d\u2019Azur \u00e0 Nice et Antibes. Art, culture et patrimoine \u00e0 visiter pr\u00e8s de Roquefort-les-Pins.","breadcrumb":{"@id":"https:\/\/www.gitesdomainedelachapelle.com\/musees-cote-azur-nice-antibes\/#breadcrumb"},"inLanguage":"de","potentialAction":[{"@type":"ReadAction","target":["https:\/\/www.gitesdomainedelachapelle.com\/musees-cote-azur-nice-antibes\/"]}]},{"@type":"ImageObject","inLanguage":"de","@id":"https:\/\/www.gitesdomainedelachapelle.com\/musees-cote-azur-nice-antibes\/#primaryimage","url":"https:\/\/www.gitesdomainedelachapelle.com\/wp-content\/uploads\/2026\/04\/musees-cote-d-azur-art-culture-nice-antibes-monaco-roquefort-les-pins.webp","contentUrl":"https:\/\/www.gitesdomainedelachapelle.com\/wp-content\/uploads\/2026\/04\/musees-cote-d-azur-art-culture-nice-antibes-monaco-roquefort-les-pins.webp","width":1200,"height":627,"caption":"Explorez les plus beaux mus\u00e9es de la C\u00f4te d\u2019Azur et plongez dans l\u2019art et la culture entre Nice, Antibes et Monaco."},{"@type":"BreadcrumbList","@id":"https:\/\/www.gitesdomainedelachapelle.com\/musees-cote-azur-nice-antibes\/#breadcrumb","itemListElement":[{"@type":"ListItem","position":1,"name":"Accueil","item":"https:\/\/www.gitesdomainedelachapelle.com\/"},{"@type":"ListItem","position":2,"name":"Les plus beaux mus\u00e9es de la C\u00f4te d\u2019Azur \u00e0 d\u00e9couvrir"}]},{"@type":"WebSite","@id":"https:\/\/www.gitesdomainedelachapelle.com\/#website","url":"https:\/\/www.gitesdomainedelachapelle.com\/","name":"Ferienh\u00e4user Domaine de la Chappelle","description":"Charme Ferienh\u00e4user mit beheiztem Pool und privatem Jacuzzi an der C\u00f4te d\u2019Azur","publisher":{"@id":"https:\/\/www.gitesdomainedelachapelle.com\/#organization"},"potentialAction":[{"@type":"SearchAction","target":{"@type":"EntryPoint","urlTemplate":"https:\/\/www.gitesdomainedelachapelle.com\/?s={search_term_string}"},"query-input":{"@type":"PropertyValueSpecification","valueRequired":true,"valueName":"search_term_string"}}],"inLanguage":"de"},{"@type":"Organization","@id":"https:\/\/www.gitesdomainedelachapelle.com\/#organization","name":"Ferienh\u00e4user Domaine de la Chappelle","url":"https:\/\/www.gitesdomainedelachapelle.com\/","logo":{"@type":"ImageObject","inLanguage":"de","@id":"https:\/\/www.gitesdomainedelachapelle.com\/#\/schema\/logo\/image\/","url":"https:\/\/www.gitesdomainedelachapelle.com\/wp-content\/uploads\/2025\/11\/LOGO-removebg-preview-1.webp","contentUrl":"https:\/\/www.gitesdomainedelachapelle.com\/wp-content\/uploads\/2025\/11\/LOGO-removebg-preview-1.webp","width":300,"height":300,"caption":"Gites Domaine de la Chappelle"},"image":{"@id":"https:\/\/www.gitesdomainedelachapelle.com\/#\/schema\/logo\/image\/"}},{"@type":"Person","@id":"https:\/\/www.gitesdomainedelachapelle.com\/#\/schema\/person\/820b01290b5b0e5d56db451762c0e004","name":"Patrice","pronouns":"nous","image":{"@type":"ImageObject","inLanguage":"de","@id":"https:\/\/secure.gravatar.com\/avatar\/e3f93a01e7806e1fe58fdbecfe9ca6bb725d62824cfd4bcd93ab79fb93dc4f5d?s=96&d=mm&r=g","url":"https:\/\/secure.gravatar.com\/avatar\/e3f93a01e7806e1fe58fdbecfe9ca6bb725d62824cfd4bcd93ab79fb93dc4f5d?s=96&d=mm&r=g","contentUrl":"https:\/\/secure.gravatar.com\/avatar\/e3f93a01e7806e1fe58fdbecfe9ca6bb725d62824cfd4bcd93ab79fb93dc4f5d?s=96&d=mm&r=g","caption":"Patrice"},"description":"Propri\u00e9taire des G\u00eetes Domaine de la Chapelle, je propose des h\u00e9bergements de charme situ\u00e9s \u00e0 Roquefort-les-Pins, au c\u0153ur de l\u2019arri\u00e8re-pays ni\u00e7ois, entre Nice, Cannes et Grasse, sur la C\u00f4te d\u2019Azur. Nous proposons des locations de vacances haut de gamme, pens\u00e9es pour les couples \u00e0 la recherche d\u2019un s\u00e9jour en amoureux, d\u2019un week-end d\u00e9tente ou de vacances bien-\u00eatre en Provence, avec piscine chauff\u00e9e et jacuzzi privatif, dans un environnement calme, naturel et sans vis-\u00e0-vis. Chaque logement est con\u00e7u pour offrir confort, intimit\u00e9 et qualit\u00e9, avec une attention particuli\u00e8re port\u00e9e \u00e0 l\u2019accueil, aux \u00e9quipements et \u00e0 l\u2019exp\u00e9rience globale du s\u00e9jour. Notre objectif est simple : permettre \u00e0 nos h\u00f4tes de se ressourcer et de profiter pleinement du soleil du Sud, d\u2019un cadre idyllique et des richesses de la C\u00f4te d\u2019Azur.","sameAs":["https:\/\/www.gitesdomainedelachapelle.com","https:\/\/www.facebook.com\/patrice.campanella\/","https:\/\/www.instagram.com\/piscine_jacuzzi_cotedazur\/","https:\/\/www.linkedin.com\/in\/g\u00eetes-domaine-de-la-chapelle-avec-piscine-chauff\u00e9e-et-jacuzzi-privatifs-sur-la-c\u00f4te-d-azur-54053572\/","https:\/\/fr.pinterest.com\/gitesdomainedelachapelle\/","https:\/\/www.youtube.com\/@gitesdomainedelachapelle"],"url":"https:\/\/www.gitesdomainedelachapelle.com\/de\/author\/patrice\/"}]}},"_links":{"self":[{"href":"https:\/\/www.gitesdomainedelachapelle.com\/de\/wp-json\/wp\/v2\/posts\/26572105","targetHints":{"allow":["GET"]}}],"collection":[{"href":"https:\/\/www.gitesdomainedelachapelle.com\/de\/wp-json\/wp\/v2\/posts"}],"about":[{"href":"https:\/\/www.gitesdomainedelachapelle.com\/de\/wp-json\/wp\/v2\/types\/post"}],"author":[{"embeddable":true,"href":"https:\/\/www.gitesdomainedelachapelle.com\/de\/wp-json\/wp\/v2\/users\/3"}],"replies":[{"embeddable":true,"href":"https:\/\/www.gitesdomainedelachapelle.com\/de\/wp-json\/wp\/v2\/comments?post=26572105"}],"version-history":[{"count":4,"href":"https:\/\/www.gitesdomainedelachapelle.com\/de\/wp-json\/wp\/v2\/posts\/26572105\/revisions"}],"predecessor-version":[{"id":26572264,"href":"https:\/\/www.gitesdomainedelachapelle.com\/de\/wp-json\/wp\/v2\/posts\/26572105\/revisions\/26572264"}],"wp:featuredmedia":[{"embeddable":true,"href":"https:\/\/www.gitesdomainedelachapelle.com\/de\/wp-json\/wp\/v2\/media\/26572106"}],"wp:attachment":[{"href":"https:\/\/www.gitesdomainedelachapelle.com\/de\/wp-json\/wp\/v2\/media?parent=26572105"}],"wp:term":[{"taxonomy":"category","embeddable":true,"href":"https:\/\/www.gitesdomainedelachapelle.com\/de\/wp-json\/wp\/v2\/categories?post=26572105"},{"taxonomy":"post_tag","embeddable":true,"href":"https:\/\/www.gitesdomainedelachapelle.com\/de\/wp-json\/wp\/v2\/tags?post=26572105"},{"taxonomy":"dipi_cpt_category","embeddable":true,"href":"https:\/\/www.gitesdomainedelachapelle.com\/de\/wp-json\/wp\/v2\/dipi_cpt_category?post=26572105"}],"curies":[{"name":"wp","href":"https:\/\/api.w.org\/{rel}","templated":true}]}}