{"id":26572070,"date":"2026-04-22T06:24:18","date_gmt":"2026-04-22T05:24:18","guid":{"rendered":"https:\/\/www.gitesdomainedelachapelle.com\/?p=26572070"},"modified":"2026-04-22T06:28:17","modified_gmt":"2026-04-22T05:28:17","slug":"marches-provencaux-cote-azur","status":"publish","type":"post","link":"https:\/\/www.gitesdomainedelachapelle.com\/en\/marches-provencaux-cote-azur\/","title":{"rendered":"Proven\u00e7al Markets on the French Riviera: The Most Beautiful Markets to Discover"},"content":{"rendered":"<h2 class=\"wp-block-heading\">Where to find the best Proven\u00e7al markets on the French Riviera<\/h2>\n\n\n\n<p>The French Riviera is renowned for its Proven\u00e7al markets, vibrant hubs where colours, flavours, and traditions blend. Between Nice, Antibes, Menton, and Valbonne, each market offers a unique atmosphere.<\/p>\n\n\n\n<p>Whether you're looking for local produce, Proven\u00e7al specialities, or simply a typical stroll, the markets are an unmissable stop.<\/p>\n\n\n\n<p>In practice, it's often the most authentic markets that offer the best experience.<\/p>\n\n\n\n<h2 class=\"wp-block-heading\">Why visit Proven\u00e7al markets<\/h2>\n\n\n\n<p>The markets in the region are not just places to shop, they are real experiences:<\/p>\n\n\n\n<ul class=\"wp-block-list\">\n<li>Fresh and seasonal produce<\/li>\n\n\n\n<li>local producers<\/li>\n\n\n\n<li>Friendly atmosphere<\/li>\n\n\n\n<li>Regional craft<\/li>\n<\/ul>\n\n\n\n<p>It is also an opportunity to discover:<\/p>\n\n\n\n<ul class=\"wp-block-list\">\n<li>local fruits and vegetables<\/li>\n\n\n\n<li>olive oils<\/li>\n\n\n\n<li>cheeses<\/li>\n\n\n\n<li>Proven\u00e7al specialities<\/li>\n<\/ul>\n\n\n\n<h2 class=\"wp-block-heading\">The most beautiful Proven\u00e7al markets on the French Riviera<\/h2>\n\n\n\n<h3 class=\"wp-block-heading\">The Cours Saleya Market in Nice: The Most Iconic<\/h3>\n\n\n\n<p>The Cours Saleya market is undoubtedly the most famous market on the French Riviera.<\/p>\n\n\n\n<p>Located in the heart of Old Nice, it appeals to both locals and visitors.<\/p>\n\n\n\n<p>It contains:<\/p>\n\n\n\n<ul class=\"wp-block-list\">\n<li>Fresh fruit and vegetables<\/li>\n\n\n\n<li>Flowers<\/li>\n\n\n\n<li>Ni\u00e7oise specialities<\/li>\n<\/ul>\n\n\n\n<p>The atmosphere is particularly lively, with its typical colours and scents.<\/p>\n\n\n\n<p>Ideal for a complete immersion in Proven\u00e7al culture.<\/p>\n\n\n\n<hr class=\"wp-block-separator has-alpha-channel-opacity\"\/>\n\n\n\n<h3 class=\"wp-block-heading\">Proven\u00e7al Market of Antibes: Authenticity and Local Produce<\/h3>\n\n\n\n<p>The Proven\u00e7al market in Antibes is a must-see in the old town.<\/p>\n\n\n\n<p>Set in a charming location, it offers:<\/p>\n\n\n\n<ul class=\"wp-block-list\">\n<li>Local produce<\/li>\n\n\n\n<li>spices<\/li>\n\n\n\n<li>cheeses<\/li>\n\n\n\n<li>local specialities<\/li>\n<\/ul>\n\n\n\n<p>This is a market valued for:<\/p>\n\n\n\n<ul class=\"wp-block-list\">\n<li>its authenticity<\/li>\n\n\n\n<li>its typical setting<\/li>\n\n\n\n<li>the quality of the products<\/li>\n<\/ul>\n\n\n\n<p>Perfect for a gourmet stroll.<\/p>\n\n\n\n<hr class=\"wp-block-separator has-alpha-channel-opacity\"\/>\n\n\n\n<h3 class=\"wp-block-heading\">Menton Market: Between the Sea and Traditions<\/h3>\n\n\n\n<p>The Les Halles de Menton market offers a different experience, on the Italian border.<\/p>\n\n\n\n<p>It includes:<\/p>\n\n\n\n<ul class=\"wp-block-list\">\n<li>Mediterranean products<\/li>\n\n\n\n<li>local specialities<\/li>\n\n\n\n<li>Warm ambiance<\/li>\n<\/ul>\n\n\n\n<p>Menton being known for its citrus fruits, you can discover unique lemon-related products there.<\/p>\n\n\n\n<p>Ideal for discovering a different facet of the C\u00f4te d'Azur.<\/p>\n\n\n\n<hr class=\"wp-block-separator has-alpha-channel-opacity\"\/>\n\n\n\n<h3 class=\"wp-block-heading\">Valbonne Market: charm and conviviality in the pedestrian streets<\/h3>\n\n\n\n<p>Valbonne Market is one of the most popular markets in the hinterland.<\/p>\n\n\n\n<p>He is standing <strong>every Friday<\/strong> in the <strong>village pedestrian streets<\/strong>, offering a particularly authentic atmosphere.<\/p>\n\n\n\n<p>It contains:<\/p>\n\n\n\n<ul class=\"wp-block-list\">\n<li>Local products<\/li>\n\n\n\n<li>Craftsmanship<\/li>\n\n\n\n<li>Proven\u00e7al specialities<\/li>\n<\/ul>\n\n\n\n<p>This market is distinguished by:<\/p>\n\n\n\n<ul class=\"wp-block-list\">\n<li>Its convivial atmosphere<\/li>\n\n\n\n<li>its typical setting<\/li>\n\n\n\n<li>its charming alleyways<\/li>\n<\/ul>\n\n\n\n<p>In practice, it's a market on a human scale where you can take your time to wander and discover the products.<\/p>\n\n\n\n<p>Ideal for an authentic moment, far from the hustle and bustle.<\/p>\n\n\n\n<hr class=\"wp-block-separator has-alpha-channel-opacity\"\/>\n\n\n\n<h2 class=\"wp-block-heading\">How to make the most of Proven\u00e7al markets<\/h2>\n\n\n\n<p>To live a real experience, a few simple tips:<\/p>\n\n\n\n<h3 class=\"wp-block-heading\">Arrive early<\/h3>\n\n\n\n<p>The best products go quickly, especially in season.<\/p>\n\n\n\n<h3 class=\"wp-block-heading\">To take the time to discuss<\/h3>\n\n\n\n<p>Local producers often share their passion and advice.<\/p>\n\n\n\n<h3 class=\"wp-block-heading\">Eat in<\/h3>\n\n\n\n<p>It's the best way to discover regional specialities.<\/p>\n\n\n\n<h2 class=\"wp-block-heading\">Mistakes to avoid<\/h2>\n\n\n\n<ul class=\"wp-block-list\">\n<li>to arrive too late<\/li>\n\n\n\n<li>to limit ourselves to the tourist stalls<\/li>\n\n\n\n<li>Do not compare products<\/li>\n\n\n\n<li>forgetting to arrange for cash<\/li>\n<\/ul>\n\n\n\n<h2 class=\"wp-block-heading\">Enjoy the markets during your stay<\/h2>\n\n\n\n<p>Visiting Proven\u00e7al markets is to discover the soul of the C\u00f4te d'Azur. Each market offers a different experience blending gastronomy, traditions, and conviviality.<\/p>\n\n\n\n<p>In practice, integrating a market into your stay allows you to experience the region like a local.<\/p>\n\n\n\n<h2 class=\"wp-block-heading\">Staying near the markets<\/h2>\n\n\n\n<p>To make the most of your stay on the French Riviera and access the markets easily, it is advisable to stay nearby.<\/p>\n\n\n\n<figure class=\"wp-block-embed is-type-wp-embed is-provider-g-tes-domaine-de-la-chapelle wp-block-embed-g-tes-domaine-de-la-chapelle\"><div class=\"wp-block-embed__wrapper\">\n<blockquote class=\"wp-embedded-content\" data-secret=\"WIxnYt0zw8\"><a href=\"https:\/\/www.gitesdomainedelachapelle.com\/nos-appartements\/\">Our Apartments<\/a><\/blockquote><iframe loading=\"lazy\" class=\"wp-embedded-content\" sandbox=\"allow-scripts\" security=\"restricted\" style=\"position: absolute; visibility: hidden;\" title=\"\u00abOur Apartments\u00bb - G\u00eetes Domaine de la Chapelle\" src=\"https:\/\/www.gitesdomainedelachapelle.com\/nos-appartements\/embed\/#?secret=RwuUWonHLC#?secret=WIxnYt0zw8\" data-secret=\"WIxnYt0zw8\" width=\"600\" height=\"338\" frameborder=\"0\" marginwidth=\"0\" marginheight=\"0\" scrolling=\"no\"><\/iframe>\n<\/div><\/figure>","protected":false},"excerpt":{"rendered":"<p>O\u00f9 trouver les meilleurs march\u00e9s proven\u00e7aux sur la C\u00f4te d\u2019Azur La C\u00f4te d\u2019Azur est r\u00e9put\u00e9e pour ses march\u00e9s proven\u00e7aux, v\u00e9ritables lieux de vie o\u00f9 se m\u00ealent couleurs, saveurs et traditions. Entre Nice, Antibes, Menton et Valbonne, chaque march\u00e9 offre une ambiance unique. Que vous soyez \u00e0 la recherche de produits locaux, de sp\u00e9cialit\u00e9s proven\u00e7ales ou [&hellip;]<\/p>\n","protected":false},"author":3,"featured_media":26572072,"comment_status":"open","ping_status":"open","sticky":false,"template":"","format":"standard","meta":{"_et_pb_use_builder":"off","_et_pb_old_content":"","_et_gb_content_width":"","footnotes":""},"categories":[18],"tags":[105,114,101,103,100,112,107,113,102,111,106,108,109,110,104],"dipi_cpt_category":[],"class_list":["post-26572070","post","type-post","status-publish","format-standard","has-post-thumbnail","hentry","category-activites-idees","tag-marche-antibes","tag-marche-cote-dazur","tag-marche-du-sud-de-la-france","tag-marche-menton","tag-marche-nice-cours-saleya","tag-marche-traditionnel","tag-marche-valbonne-vendredi","tag-marches-provencaux","tag-produits-locaux-provence","tag-que-faire-cote-dazur","tag-sejour-provence","tag-specialites-provencales","tag-tourisme-cote-dazur","tag-villages-provencaux","tag-visite-cote-dazur"],"yoast_head":"<!-- This site is optimized with the Yoast SEO plugin v27.4 - https:\/\/yoast.com\/product\/yoast-seo-wordpress\/ -->\n<title>March\u00e9s proven\u00e7aux C\u00f4te d\u2019Azur : les plus beaux \u00e0 d\u00e9couvrir<\/title>\n<meta name=\"description\" content=\"D\u00e9couvrez les plus beaux march\u00e9s proven\u00e7aux de la C\u00f4te d\u2019Azur : produits locaux, ambiance typique et villages authentiques.\" \/>\n<meta name=\"robots\" content=\"index, follow, max-snippet:-1, max-image-preview:large, max-video-preview:-1\" \/>\n<link rel=\"canonical\" href=\"https:\/\/www.gitesdomainedelachapelle.com\/en\/marches-provencaux-cote-azur\/\" \/>\n<meta property=\"og:locale\" content=\"en_GB\" \/>\n<meta property=\"og:type\" content=\"article\" \/>\n<meta property=\"og:title\" content=\"March\u00e9s proven\u00e7aux C\u00f4te d\u2019Azur : les plus beaux \u00e0 d\u00e9couvrir\" \/>\n<meta property=\"og:description\" content=\"D\u00e9couvrez les plus beaux march\u00e9s proven\u00e7aux de la C\u00f4te d\u2019Azur : produits locaux, ambiance typique et villages authentiques.\" \/>\n<meta property=\"og:url\" content=\"https:\/\/www.gitesdomainedelachapelle.com\/en\/marches-provencaux-cote-azur\/\" \/>\n<meta property=\"og:site_name\" content=\"G\u00eetes Domaine de la Chapelle\" \/>\n<meta property=\"article:author\" content=\"https:\/\/www.facebook.com\/patrice.campanella\/\" \/>\n<meta property=\"article:published_time\" content=\"2026-04-22T05:24:18+00:00\" \/>\n<meta property=\"article:modified_time\" content=\"2026-04-22T05:28:17+00:00\" \/>\n<meta property=\"og:image\" content=\"https:\/\/www.gitesdomainedelachapelle.com\/wp-content\/uploads\/2026\/04\/produits-terroir-valbonne-marche.webp\" \/>\n\t<meta property=\"og:image:width\" content=\"1600\" \/>\n\t<meta property=\"og:image:height\" content=\"1067\" \/>\n\t<meta property=\"og:image:type\" content=\"image\/webp\" \/>\n<meta name=\"author\" content=\"Patrice\" \/>\n<meta name=\"twitter:card\" content=\"summary_large_image\" \/>\n<meta name=\"twitter:label1\" content=\"Written by\" \/>\n\t<meta name=\"twitter:data1\" content=\"Patrice\" \/>\n\t<meta name=\"twitter:label2\" content=\"Estimated reading time\" \/>\n\t<meta name=\"twitter:data2\" content=\"4 minutes\" \/>\n<script type=\"application\/ld+json\" class=\"yoast-schema-graph\">{\"@context\":\"https:\\\/\\\/schema.org\",\"@graph\":[{\"@type\":\"Article\",\"@id\":\"https:\\\/\\\/www.gitesdomainedelachapelle.com\\\/marches-provencaux-cote-azur\\\/#article\",\"isPartOf\":{\"@id\":\"https:\\\/\\\/www.gitesdomainedelachapelle.com\\\/marches-provencaux-cote-azur\\\/\"},\"author\":{\"name\":\"Patrice\",\"@id\":\"https:\\\/\\\/www.gitesdomainedelachapelle.com\\\/#\\\/schema\\\/person\\\/820b01290b5b0e5d56db451762c0e004\"},\"headline\":\"March\u00e9s proven\u00e7aux sur la C\u00f4te d\u2019Azur : les plus beaux march\u00e9s \u00e0 d\u00e9couvrir\",\"datePublished\":\"2026-04-22T05:24:18+00:00\",\"dateModified\":\"2026-04-22T05:28:17+00:00\",\"mainEntityOfPage\":{\"@id\":\"https:\\\/\\\/www.gitesdomainedelachapelle.com\\\/marches-provencaux-cote-azur\\\/\"},\"wordCount\":691,\"commentCount\":0,\"publisher\":{\"@id\":\"https:\\\/\\\/www.gitesdomainedelachapelle.com\\\/#organization\"},\"image\":{\"@id\":\"https:\\\/\\\/www.gitesdomainedelachapelle.com\\\/marches-provencaux-cote-azur\\\/#primaryimage\"},\"thumbnailUrl\":\"https:\\\/\\\/www.gitesdomainedelachapelle.com\\\/wp-content\\\/uploads\\\/2026\\\/04\\\/produits-terroir-valbonne-marche.webp\",\"keywords\":[\"march\u00e9 Antibes\",\"march\u00e9 C\u00f4te d\u2019Azur\",\"march\u00e9 du sud de la France\",\"march\u00e9 Menton\",\"march\u00e9 Nice cours Saleya\",\"march\u00e9 traditionnel\",\"march\u00e9 Valbonne vendredi\",\"march\u00e9s proven\u00e7aux\",\"produits locaux Provence\",\"que faire C\u00f4te d\u2019Azur\",\"s\u00e9jour Provence\",\"sp\u00e9cialit\u00e9s proven\u00e7ales\",\"tourisme C\u00f4te d\u2019Azur\",\"villages proven\u00e7aux\",\"visite C\u00f4te d\u2019Azur\"],\"articleSection\":[\"Activit\u00e9s\"],\"inLanguage\":\"en-GB\",\"potentialAction\":[{\"@type\":\"CommentAction\",\"name\":\"Comment\",\"target\":[\"https:\\\/\\\/www.gitesdomainedelachapelle.com\\\/marches-provencaux-cote-azur\\\/#respond\"]}]},{\"@type\":\"WebPage\",\"@id\":\"https:\\\/\\\/www.gitesdomainedelachapelle.com\\\/marches-provencaux-cote-azur\\\/\",\"url\":\"https:\\\/\\\/www.gitesdomainedelachapelle.com\\\/marches-provencaux-cote-azur\\\/\",\"name\":\"March\u00e9s proven\u00e7aux C\u00f4te d\u2019Azur : les plus beaux \u00e0 d\u00e9couvrir\",\"isPartOf\":{\"@id\":\"https:\\\/\\\/www.gitesdomainedelachapelle.com\\\/#website\"},\"primaryImageOfPage\":{\"@id\":\"https:\\\/\\\/www.gitesdomainedelachapelle.com\\\/marches-provencaux-cote-azur\\\/#primaryimage\"},\"image\":{\"@id\":\"https:\\\/\\\/www.gitesdomainedelachapelle.com\\\/marches-provencaux-cote-azur\\\/#primaryimage\"},\"thumbnailUrl\":\"https:\\\/\\\/www.gitesdomainedelachapelle.com\\\/wp-content\\\/uploads\\\/2026\\\/04\\\/produits-terroir-valbonne-marche.webp\",\"datePublished\":\"2026-04-22T05:24:18+00:00\",\"dateModified\":\"2026-04-22T05:28:17+00:00\",\"description\":\"D\u00e9couvrez les plus beaux march\u00e9s proven\u00e7aux de la C\u00f4te d\u2019Azur : produits locaux, ambiance typique et villages authentiques.\",\"breadcrumb\":{\"@id\":\"https:\\\/\\\/www.gitesdomainedelachapelle.com\\\/marches-provencaux-cote-azur\\\/#breadcrumb\"},\"inLanguage\":\"en-GB\",\"potentialAction\":[{\"@type\":\"ReadAction\",\"target\":[\"https:\\\/\\\/www.gitesdomainedelachapelle.com\\\/marches-provencaux-cote-azur\\\/\"]}]},{\"@type\":\"ImageObject\",\"inLanguage\":\"en-GB\",\"@id\":\"https:\\\/\\\/www.gitesdomainedelachapelle.com\\\/marches-provencaux-cote-azur\\\/#primaryimage\",\"url\":\"https:\\\/\\\/www.gitesdomainedelachapelle.com\\\/wp-content\\\/uploads\\\/2026\\\/04\\\/produits-terroir-valbonne-marche.webp\",\"contentUrl\":\"https:\\\/\\\/www.gitesdomainedelachapelle.com\\\/wp-content\\\/uploads\\\/2026\\\/04\\\/produits-terroir-valbonne-marche.webp\",\"width\":1600,\"height\":1067,\"caption\":\"Produits locaux sur un march\u00e9 proven\u00e7al typique de la C\u00f4te d\u2019Azur.\"},{\"@type\":\"BreadcrumbList\",\"@id\":\"https:\\\/\\\/www.gitesdomainedelachapelle.com\\\/marches-provencaux-cote-azur\\\/#breadcrumb\",\"itemListElement\":[{\"@type\":\"ListItem\",\"position\":1,\"name\":\"Accueil\",\"item\":\"https:\\\/\\\/www.gitesdomainedelachapelle.com\\\/\"},{\"@type\":\"ListItem\",\"position\":2,\"name\":\"March\u00e9s proven\u00e7aux sur la C\u00f4te d\u2019Azur : les plus beaux march\u00e9s \u00e0 d\u00e9couvrir\"}]},{\"@type\":\"WebSite\",\"@id\":\"https:\\\/\\\/www.gitesdomainedelachapelle.com\\\/#website\",\"url\":\"https:\\\/\\\/www.gitesdomainedelachapelle.com\\\/\",\"name\":\"Gites Domaine de la Chappelle\",\"description\":\"G\u00eetes de charme avec piscine chauff\u00e9e et jacuzzi privatif sur la C\u00f4te d\u2019Azur\",\"publisher\":{\"@id\":\"https:\\\/\\\/www.gitesdomainedelachapelle.com\\\/#organization\"},\"potentialAction\":[{\"@type\":\"SearchAction\",\"target\":{\"@type\":\"EntryPoint\",\"urlTemplate\":\"https:\\\/\\\/www.gitesdomainedelachapelle.com\\\/?s={search_term_string}\"},\"query-input\":{\"@type\":\"PropertyValueSpecification\",\"valueRequired\":true,\"valueName\":\"search_term_string\"}}],\"inLanguage\":\"en-GB\"},{\"@type\":\"Organization\",\"@id\":\"https:\\\/\\\/www.gitesdomainedelachapelle.com\\\/#organization\",\"name\":\"Gites Domaine de la Chappelle\",\"url\":\"https:\\\/\\\/www.gitesdomainedelachapelle.com\\\/\",\"logo\":{\"@type\":\"ImageObject\",\"inLanguage\":\"en-GB\",\"@id\":\"https:\\\/\\\/www.gitesdomainedelachapelle.com\\\/#\\\/schema\\\/logo\\\/image\\\/\",\"url\":\"https:\\\/\\\/www.gitesdomainedelachapelle.com\\\/wp-content\\\/uploads\\\/2025\\\/11\\\/LOGO-removebg-preview-1.webp\",\"contentUrl\":\"https:\\\/\\\/www.gitesdomainedelachapelle.com\\\/wp-content\\\/uploads\\\/2025\\\/11\\\/LOGO-removebg-preview-1.webp\",\"width\":300,\"height\":300,\"caption\":\"Gites Domaine de la Chappelle\"},\"image\":{\"@id\":\"https:\\\/\\\/www.gitesdomainedelachapelle.com\\\/#\\\/schema\\\/logo\\\/image\\\/\"}},{\"@type\":\"Person\",\"@id\":\"https:\\\/\\\/www.gitesdomainedelachapelle.com\\\/#\\\/schema\\\/person\\\/820b01290b5b0e5d56db451762c0e004\",\"name\":\"Patrice\",\"pronouns\":\"nous\",\"image\":{\"@type\":\"ImageObject\",\"inLanguage\":\"en-GB\",\"@id\":\"https:\\\/\\\/secure.gravatar.com\\\/avatar\\\/e3f93a01e7806e1fe58fdbecfe9ca6bb725d62824cfd4bcd93ab79fb93dc4f5d?s=96&d=mm&r=g\",\"url\":\"https:\\\/\\\/secure.gravatar.com\\\/avatar\\\/e3f93a01e7806e1fe58fdbecfe9ca6bb725d62824cfd4bcd93ab79fb93dc4f5d?s=96&d=mm&r=g\",\"contentUrl\":\"https:\\\/\\\/secure.gravatar.com\\\/avatar\\\/e3f93a01e7806e1fe58fdbecfe9ca6bb725d62824cfd4bcd93ab79fb93dc4f5d?s=96&d=mm&r=g\",\"caption\":\"Patrice\"},\"description\":\"Propri\u00e9taire des G\u00eetes Domaine de la Chapelle, je propose des h\u00e9bergements de charme situ\u00e9s \u00e0 Roquefort-les-Pins, au c\u0153ur de l\u2019arri\u00e8re-pays ni\u00e7ois, entre Nice, Cannes et Grasse, sur la C\u00f4te d\u2019Azur. Nous proposons des locations de vacances haut de gamme, pens\u00e9es pour les couples \u00e0 la recherche d\u2019un s\u00e9jour en amoureux, d\u2019un week-end d\u00e9tente ou de vacances bien-\u00eatre en Provence, avec piscine chauff\u00e9e et jacuzzi privatif, dans un environnement calme, naturel et sans vis-\u00e0-vis. Chaque logement est con\u00e7u pour offrir confort, intimit\u00e9 et qualit\u00e9, avec une attention particuli\u00e8re port\u00e9e \u00e0 l\u2019accueil, aux \u00e9quipements et \u00e0 l\u2019exp\u00e9rience globale du s\u00e9jour. Notre objectif est simple : permettre \u00e0 nos h\u00f4tes de se ressourcer et de profiter pleinement du soleil du Sud, d\u2019un cadre idyllique et des richesses de la C\u00f4te d\u2019Azur.\",\"sameAs\":[\"https:\\\/\\\/www.gitesdomainedelachapelle.com\",\"https:\\\/\\\/www.facebook.com\\\/patrice.campanella\\\/\",\"https:\\\/\\\/www.instagram.com\\\/piscine_jacuzzi_cotedazur\\\/\",\"https:\\\/\\\/www.linkedin.com\\\/in\\\/g\u00eetes-domaine-de-la-chapelle-avec-piscine-chauff\u00e9e-et-jacuzzi-privatifs-sur-la-c\u00f4te-d-azur-54053572\\\/\",\"https:\\\/\\\/fr.pinterest.com\\\/gitesdomainedelachapelle\\\/\",\"https:\\\/\\\/www.youtube.com\\\/@gitesdomainedelachapelle\"],\"url\":\"https:\\\/\\\/www.gitesdomainedelachapelle.com\\\/en\\\/author\\\/patrice\\\/\"}]}<\/script>\n<!-- \/ Yoast SEO plugin. -->","yoast_head_json":{"title":"March\u00e9s proven\u00e7aux C\u00f4te d\u2019Azur : les plus beaux \u00e0 d\u00e9couvrir","description":"D\u00e9couvrez les plus beaux march\u00e9s proven\u00e7aux de la C\u00f4te d\u2019Azur : produits locaux, ambiance typique et villages authentiques.","robots":{"index":"index","follow":"follow","max-snippet":"max-snippet:-1","max-image-preview":"max-image-preview:large","max-video-preview":"max-video-preview:-1"},"canonical":"https:\/\/www.gitesdomainedelachapelle.com\/en\/marches-provencaux-cote-azur\/","og_locale":"en_GB","og_type":"article","og_title":"March\u00e9s proven\u00e7aux C\u00f4te d\u2019Azur : les plus beaux \u00e0 d\u00e9couvrir","og_description":"D\u00e9couvrez les plus beaux march\u00e9s proven\u00e7aux de la C\u00f4te d\u2019Azur : produits locaux, ambiance typique et villages authentiques.","og_url":"https:\/\/www.gitesdomainedelachapelle.com\/en\/marches-provencaux-cote-azur\/","og_site_name":"G\u00eetes Domaine de la Chapelle","article_author":"https:\/\/www.facebook.com\/patrice.campanella\/","article_published_time":"2026-04-22T05:24:18+00:00","article_modified_time":"2026-04-22T05:28:17+00:00","og_image":[{"width":1600,"height":1067,"url":"https:\/\/www.gitesdomainedelachapelle.com\/wp-content\/uploads\/2026\/04\/produits-terroir-valbonne-marche.webp","type":"image\/webp"}],"author":"Patrice","twitter_card":"summary_large_image","twitter_misc":{"Written by":"Patrice","Estimated reading time":"4 minutes"},"schema":{"@context":"https:\/\/schema.org","@graph":[{"@type":"Article","@id":"https:\/\/www.gitesdomainedelachapelle.com\/marches-provencaux-cote-azur\/#article","isPartOf":{"@id":"https:\/\/www.gitesdomainedelachapelle.com\/marches-provencaux-cote-azur\/"},"author":{"name":"Patrice","@id":"https:\/\/www.gitesdomainedelachapelle.com\/#\/schema\/person\/820b01290b5b0e5d56db451762c0e004"},"headline":"March\u00e9s proven\u00e7aux sur la C\u00f4te d\u2019Azur : les plus beaux march\u00e9s \u00e0 d\u00e9couvrir","datePublished":"2026-04-22T05:24:18+00:00","dateModified":"2026-04-22T05:28:17+00:00","mainEntityOfPage":{"@id":"https:\/\/www.gitesdomainedelachapelle.com\/marches-provencaux-cote-azur\/"},"wordCount":691,"commentCount":0,"publisher":{"@id":"https:\/\/www.gitesdomainedelachapelle.com\/#organization"},"image":{"@id":"https:\/\/www.gitesdomainedelachapelle.com\/marches-provencaux-cote-azur\/#primaryimage"},"thumbnailUrl":"https:\/\/www.gitesdomainedelachapelle.com\/wp-content\/uploads\/2026\/04\/produits-terroir-valbonne-marche.webp","keywords":["march\u00e9 Antibes","march\u00e9 C\u00f4te d\u2019Azur","march\u00e9 du sud de la France","march\u00e9 Menton","march\u00e9 Nice cours Saleya","march\u00e9 traditionnel","march\u00e9 Valbonne vendredi","march\u00e9s proven\u00e7aux","produits locaux Provence","que faire C\u00f4te d\u2019Azur","s\u00e9jour Provence","sp\u00e9cialit\u00e9s proven\u00e7ales","tourisme C\u00f4te d\u2019Azur","villages proven\u00e7aux","visite C\u00f4te d\u2019Azur"],"articleSection":["Activit\u00e9s"],"inLanguage":"en-GB","potentialAction":[{"@type":"CommentAction","name":"Comment","target":["https:\/\/www.gitesdomainedelachapelle.com\/marches-provencaux-cote-azur\/#respond"]}]},{"@type":"WebPage","@id":"https:\/\/www.gitesdomainedelachapelle.com\/marches-provencaux-cote-azur\/","url":"https:\/\/www.gitesdomainedelachapelle.com\/marches-provencaux-cote-azur\/","name":"March\u00e9s proven\u00e7aux C\u00f4te d\u2019Azur : les plus beaux \u00e0 d\u00e9couvrir","isPartOf":{"@id":"https:\/\/www.gitesdomainedelachapelle.com\/#website"},"primaryImageOfPage":{"@id":"https:\/\/www.gitesdomainedelachapelle.com\/marches-provencaux-cote-azur\/#primaryimage"},"image":{"@id":"https:\/\/www.gitesdomainedelachapelle.com\/marches-provencaux-cote-azur\/#primaryimage"},"thumbnailUrl":"https:\/\/www.gitesdomainedelachapelle.com\/wp-content\/uploads\/2026\/04\/produits-terroir-valbonne-marche.webp","datePublished":"2026-04-22T05:24:18+00:00","dateModified":"2026-04-22T05:28:17+00:00","description":"D\u00e9couvrez les plus beaux march\u00e9s proven\u00e7aux de la C\u00f4te d\u2019Azur : produits locaux, ambiance typique et villages authentiques.","breadcrumb":{"@id":"https:\/\/www.gitesdomainedelachapelle.com\/marches-provencaux-cote-azur\/#breadcrumb"},"inLanguage":"en-GB","potentialAction":[{"@type":"ReadAction","target":["https:\/\/www.gitesdomainedelachapelle.com\/marches-provencaux-cote-azur\/"]}]},{"@type":"ImageObject","inLanguage":"en-GB","@id":"https:\/\/www.gitesdomainedelachapelle.com\/marches-provencaux-cote-azur\/#primaryimage","url":"https:\/\/www.gitesdomainedelachapelle.com\/wp-content\/uploads\/2026\/04\/produits-terroir-valbonne-marche.webp","contentUrl":"https:\/\/www.gitesdomainedelachapelle.com\/wp-content\/uploads\/2026\/04\/produits-terroir-valbonne-marche.webp","width":1600,"height":1067,"caption":"Produits locaux sur un march\u00e9 proven\u00e7al typique de la C\u00f4te d\u2019Azur."},{"@type":"BreadcrumbList","@id":"https:\/\/www.gitesdomainedelachapelle.com\/marches-provencaux-cote-azur\/#breadcrumb","itemListElement":[{"@type":"ListItem","position":1,"name":"Accueil","item":"https:\/\/www.gitesdomainedelachapelle.com\/"},{"@type":"ListItem","position":2,"name":"March\u00e9s proven\u00e7aux sur la C\u00f4te d\u2019Azur : les plus beaux march\u00e9s \u00e0 d\u00e9couvrir"}]},{"@type":"WebSite","@id":"https:\/\/www.gitesdomainedelachapelle.com\/#website","url":"https:\/\/www.gitesdomainedelachapelle.com\/","name":"Gites Domaine de la Chappelle","description":"G\u00eetes de charme avec piscine chauff\u00e9e et jacuzzi privatif sur la C\u00f4te d\u2019Azur","publisher":{"@id":"https:\/\/www.gitesdomainedelachapelle.com\/#organization"},"potentialAction":[{"@type":"SearchAction","target":{"@type":"EntryPoint","urlTemplate":"https:\/\/www.gitesdomainedelachapelle.com\/?s={search_term_string}"},"query-input":{"@type":"PropertyValueSpecification","valueRequired":true,"valueName":"search_term_string"}}],"inLanguage":"en-GB"},{"@type":"Organization","@id":"https:\/\/www.gitesdomainedelachapelle.com\/#organization","name":"Gites Domaine de la Chappelle","url":"https:\/\/www.gitesdomainedelachapelle.com\/","logo":{"@type":"ImageObject","inLanguage":"en-GB","@id":"https:\/\/www.gitesdomainedelachapelle.com\/#\/schema\/logo\/image\/","url":"https:\/\/www.gitesdomainedelachapelle.com\/wp-content\/uploads\/2025\/11\/LOGO-removebg-preview-1.webp","contentUrl":"https:\/\/www.gitesdomainedelachapelle.com\/wp-content\/uploads\/2025\/11\/LOGO-removebg-preview-1.webp","width":300,"height":300,"caption":"Gites Domaine de la Chappelle"},"image":{"@id":"https:\/\/www.gitesdomainedelachapelle.com\/#\/schema\/logo\/image\/"}},{"@type":"Person","@id":"https:\/\/www.gitesdomainedelachapelle.com\/#\/schema\/person\/820b01290b5b0e5d56db451762c0e004","name":"Patrice","pronouns":"nous","image":{"@type":"ImageObject","inLanguage":"en-GB","@id":"https:\/\/secure.gravatar.com\/avatar\/e3f93a01e7806e1fe58fdbecfe9ca6bb725d62824cfd4bcd93ab79fb93dc4f5d?s=96&d=mm&r=g","url":"https:\/\/secure.gravatar.com\/avatar\/e3f93a01e7806e1fe58fdbecfe9ca6bb725d62824cfd4bcd93ab79fb93dc4f5d?s=96&d=mm&r=g","contentUrl":"https:\/\/secure.gravatar.com\/avatar\/e3f93a01e7806e1fe58fdbecfe9ca6bb725d62824cfd4bcd93ab79fb93dc4f5d?s=96&d=mm&r=g","caption":"Patrice"},"description":"Propri\u00e9taire des G\u00eetes Domaine de la Chapelle, je propose des h\u00e9bergements de charme situ\u00e9s \u00e0 Roquefort-les-Pins, au c\u0153ur de l\u2019arri\u00e8re-pays ni\u00e7ois, entre Nice, Cannes et Grasse, sur la C\u00f4te d\u2019Azur. Nous proposons des locations de vacances haut de gamme, pens\u00e9es pour les couples \u00e0 la recherche d\u2019un s\u00e9jour en amoureux, d\u2019un week-end d\u00e9tente ou de vacances bien-\u00eatre en Provence, avec piscine chauff\u00e9e et jacuzzi privatif, dans un environnement calme, naturel et sans vis-\u00e0-vis. Chaque logement est con\u00e7u pour offrir confort, intimit\u00e9 et qualit\u00e9, avec une attention particuli\u00e8re port\u00e9e \u00e0 l\u2019accueil, aux \u00e9quipements et \u00e0 l\u2019exp\u00e9rience globale du s\u00e9jour. Notre objectif est simple : permettre \u00e0 nos h\u00f4tes de se ressourcer et de profiter pleinement du soleil du Sud, d\u2019un cadre idyllique et des richesses de la C\u00f4te d\u2019Azur.","sameAs":["https:\/\/www.gitesdomainedelachapelle.com","https:\/\/www.facebook.com\/patrice.campanella\/","https:\/\/www.instagram.com\/piscine_jacuzzi_cotedazur\/","https:\/\/www.linkedin.com\/in\/g\u00eetes-domaine-de-la-chapelle-avec-piscine-chauff\u00e9e-et-jacuzzi-privatifs-sur-la-c\u00f4te-d-azur-54053572\/","https:\/\/fr.pinterest.com\/gitesdomainedelachapelle\/","https:\/\/www.youtube.com\/@gitesdomainedelachapelle"],"url":"https:\/\/www.gitesdomainedelachapelle.com\/en\/author\/patrice\/"}]}},"_links":{"self":[{"href":"https:\/\/www.gitesdomainedelachapelle.com\/en\/wp-json\/wp\/v2\/posts\/26572070","targetHints":{"allow":["GET"]}}],"collection":[{"href":"https:\/\/www.gitesdomainedelachapelle.com\/en\/wp-json\/wp\/v2\/posts"}],"about":[{"href":"https:\/\/www.gitesdomainedelachapelle.com\/en\/wp-json\/wp\/v2\/types\/post"}],"author":[{"embeddable":true,"href":"https:\/\/www.gitesdomainedelachapelle.com\/en\/wp-json\/wp\/v2\/users\/3"}],"replies":[{"embeddable":true,"href":"https:\/\/www.gitesdomainedelachapelle.com\/en\/wp-json\/wp\/v2\/comments?post=26572070"}],"version-history":[{"count":1,"href":"https:\/\/www.gitesdomainedelachapelle.com\/en\/wp-json\/wp\/v2\/posts\/26572070\/revisions"}],"predecessor-version":[{"id":26572073,"href":"https:\/\/www.gitesdomainedelachapelle.com\/en\/wp-json\/wp\/v2\/posts\/26572070\/revisions\/26572073"}],"wp:featuredmedia":[{"embeddable":true,"href":"https:\/\/www.gitesdomainedelachapelle.com\/en\/wp-json\/wp\/v2\/media\/26572072"}],"wp:attachment":[{"href":"https:\/\/www.gitesdomainedelachapelle.com\/en\/wp-json\/wp\/v2\/media?parent=26572070"}],"wp:term":[{"taxonomy":"category","embeddable":true,"href":"https:\/\/www.gitesdomainedelachapelle.com\/en\/wp-json\/wp\/v2\/categories?post=26572070"},{"taxonomy":"post_tag","embeddable":true,"href":"https:\/\/www.gitesdomainedelachapelle.com\/en\/wp-json\/wp\/v2\/tags?post=26572070"},{"taxonomy":"dipi_cpt_category","embeddable":true,"href":"https:\/\/www.gitesdomainedelachapelle.com\/en\/wp-json\/wp\/v2\/dipi_cpt_category?post=26572070"}],"curies":[{"name":"wp","href":"https:\/\/api.w.org\/{rel}","templated":true}]}}