{"id":26572105,"date":"2026-04-25T17:28:03","date_gmt":"2026-04-25T16:28:03","guid":{"rendered":"https:\/\/www.gitesdomainedelachapelle.com\/?p=26572105"},"modified":"2026-04-27T16:40:05","modified_gmt":"2026-04-27T15:40:05","slug":"musees-cote-azur-nice-antibes","status":"publish","type":"post","link":"https:\/\/www.gitesdomainedelachapelle.com\/en\/musees-cote-azur-nice-antibes\/","title":{"rendered":"The most beautiful museums on the French Riviera to discover"},"content":{"rendered":"<p>La C\u00f4te d\u2019Azur ne se r\u00e9sume pas \u00e0 ses plages et son soleil. C\u2019est aussi une destination incontournable pour les amateurs d\u2019art et de culture. Entre Nice, Antibes, Biot, Saint-Paul-de-Vence et Monaco, la r\u00e9gion regorge de mus\u00e9es prestigieux.<\/p>\n\n\n\n<p>Depuis les <strong>G\u00eetes Domaine de la Chapelle \u00e0 Roquefort-les-Pins<\/strong>, vous acc\u00e9dez facilement aux plus grands sites culturels de la French Riviera, parfait pour un s\u00e9jour m\u00ealant d\u00e9couverte, patrimoine et d\u00e9tente.<\/p>\n\n\n\n<hr class=\"wp-block-separator has-alpha-channel-opacity\"\/>\n\n\n\n<h2 class=\"wp-block-heading\">Mus\u00e9e Picasso d\u2019Antibes (Ch\u00e2teau Grimaldi)<\/h2>\n\n\n\n<p>Situ\u00e9 dans le c\u00e9l\u00e8bre ch\u00e2teau Grimaldi, le mus\u00e9e Picasso d\u2019Antibes est l\u2019un des lieux les plus embl\u00e9matiques de la C\u00f4te d\u2019Azur.<br>C\u2019est ici que Pablo Picasso a s\u00e9journ\u00e9 en 1946 et r\u00e9alis\u00e9 plusieurs \u0153uvres majeures.<\/p>\n\n\n\n<p>Le mus\u00e9e propose :<\/p>\n\n\n\n<ul class=\"wp-block-list\">\n<li>une collection d\u2019\u0153uvres originales<\/li>\n\n\n\n<li>des sculptures expos\u00e9es en terrasse<\/li>\n\n\n\n<li>une vue exceptionnelle sur la mer M\u00e9diterran\u00e9e<\/li>\n<\/ul>\n\n\n\n<p>Un incontournable \u00e0 visiter lors de votre s\u00e9jour sur la C\u00f4te d\u2019Azur.<\/p>\n\n\n\n<hr class=\"wp-block-separator has-alpha-channel-opacity\"\/>\n\n\n\n<h2 class=\"wp-block-heading\">Mus\u00e9e national Marc Chagall \u00e0 Nice<\/h2>\n\n\n\n<p>Le mus\u00e9e Marc Chagall abrite la plus grande collection publique au monde d\u00e9di\u00e9e \u00e0 l\u2019artiste.<br>Ses \u0153uvres color\u00e9es, inspir\u00e9es de la Bible, offrent une exp\u00e9rience artistique unique.<\/p>\n\n\n\n<p>You will find there:<\/p>\n\n\n\n<ul class=\"wp-block-list\">\n<li>un mus\u00e9e lumineux et moderne<\/li>\n\n\n\n<li>un jardin m\u00e9diterran\u00e9en apaisant<\/li>\n\n\n\n<li>des vitraux remarquables<\/li>\n<\/ul>\n\n\n\n<p>Id\u00e9al pour une visite culturelle calme et enrichissante \u00e0 Nice.<\/p>\n\n\n\n<hr class=\"wp-block-separator has-alpha-channel-opacity\"\/>\n\n\n\n<h2 class=\"wp-block-heading\">Fondation Maeght \u00e0 Saint-Paul-de-Vence<\/h2>\n\n\n\n<p>Perch\u00e9e sur les hauteurs de Saint-Paul-de-Vence, la Fondation Maeght est l\u2019un des plus grands centres d\u2019art moderne et contemporain d\u2019Europe.<\/p>\n\n\n\n<p>\u00c0 d\u00e9couvrir :<\/p>\n\n\n\n<ul class=\"wp-block-list\">\n<li>des \u0153uvres de Mir\u00f3, Giacometti, Calder<\/li>\n\n\n\n<li>un jardin de sculptures exceptionnel<\/li>\n\n\n\n<li>une architecture int\u00e9gr\u00e9e dans la nature<\/li>\n<\/ul>\n\n\n\n<p>\ud83d\udc49 Une visite unique entre art et paysage proven\u00e7al.<\/p>\n\n\n\n<hr class=\"wp-block-separator has-alpha-channel-opacity\"\/>\n\n\n\n<h2 class=\"wp-block-heading\">Mus\u00e9e Fernand L\u00e9ger \u00e0 Biot<\/h2>\n\n\n\n<p>Situ\u00e9 \u00e0 Biot, ce mus\u00e9e met en valeur l\u2019\u0153uvre color\u00e9e et moderne de Fernand L\u00e9ger.<\/p>\n\n\n\n<p>Points forts :<\/p>\n\n\n\n<ul class=\"wp-block-list\">\n<li>fresques monumentales en fa\u00e7ade<\/li>\n\n\n\n<li>plus de 400 \u0153uvres expos\u00e9es<\/li>\n\n\n\n<li>cadre naturel m\u00e9diterran\u00e9en<\/li>\n<\/ul>\n\n\n\n<p>Une visite accessible et dynamique, id\u00e9ale pour d\u00e9couvrir l\u2019art moderne.<\/p>\n\n\n\n<hr class=\"wp-block-separator has-alpha-channel-opacity\"\/>\n\n\n\n<h2 class=\"wp-block-heading\">MAMAC \u2013 Mus\u00e9e d\u2019Art Moderne et Contemporain de Nice<\/h2>\n\n\n\n<p>Le MAMAC est un mus\u00e9e incontournable \u00e0 Nice, d\u00e9di\u00e9 \u00e0 l\u2019art contemporain.<\/p>\n\n\n\n<p>Vous y d\u00e9couvrirez :<\/p>\n\n\n\n<ul class=\"wp-block-list\">\n<li>des \u0153uvres d\u2019artistes majeurs comme Yves Klein<\/li>\n\n\n\n<li>des expositions modernes et vari\u00e9es<\/li>\n\n\n\n<li>des terrasses offrant une vue sur la ville<\/li>\n<\/ul>\n\n\n\n<p>Le mus\u00e9e est actuellement en r\u00e9novation, mais reste une r\u00e9f\u00e9rence culturelle sur la C\u00f4te d\u2019Azur.<\/p>\n\n\n\n<hr class=\"wp-block-separator has-alpha-channel-opacity\"\/>\n\n\n\n<h2 class=\"wp-block-heading\">Mus\u00e9e Matisse \u00e0 Nice<\/h2>\n\n\n\n<p>Install\u00e9 dans une superbe villa \u00e0 Cimiez, le mus\u00e9e Matisse retrace l\u2019\u00e9volution de l\u2019artiste.<\/p>\n\n\n\n<p>\u00c0 d\u00e9couvrir :<\/p>\n\n\n\n<ul class=\"wp-block-list\">\n<li>peintures, dessins et sculptures<\/li>\n\n\n\n<li>objets personnels de Matisse<\/li>\n\n\n\n<li>un cadre paisible entour\u00e9 d\u2019oliviers<\/li>\n<\/ul>\n\n\n\n<p>Parfait pour une visite culturelle au calme.<\/p>\n\n\n\n<hr class=\"wp-block-separator has-alpha-channel-opacity\"\/>\n\n\n\n<h2 class=\"wp-block-heading\">Mus\u00e9e Renoir \u00e0 Cagnes-sur-Mer<\/h2>\n\n\n\n<p>Situ\u00e9 dans la maison o\u00f9 Renoir a v\u00e9cu, ce mus\u00e9e offre une immersion dans son univers.<\/p>\n\n\n\n<p>You will find there:<\/p>\n\n\n\n<ul class=\"wp-block-list\">\n<li>son atelier d\u2019origine<\/li>\n\n\n\n<li>ses \u0153uvres<\/li>\n\n\n\n<li>un jardin avec vue sur la mer<\/li>\n<\/ul>\n\n\n\n<p>Un lieu plein de charme et d\u2019histoire.<\/p>\n\n\n\n<hr class=\"wp-block-separator has-alpha-channel-opacity\"\/>\n\n\n\n<h2 class=\"wp-block-heading\">Mus\u00e9e Oc\u00e9anographique de Monaco<\/h2>\n\n\n\n<p>Perch\u00e9 sur un rocher face \u00e0 la M\u00e9diterran\u00e9e, ce mus\u00e9e est l\u2019un des plus impressionnants de la r\u00e9gion.<\/p>\n\n\n\n<p>Il propose :<\/p>\n\n\n\n<ul class=\"wp-block-list\">\n<li>des aquariums spectaculaires<\/li>\n\n\n\n<li>des expositions sur le monde marin<\/li>\n\n\n\n<li>un panorama exceptionnel<\/li>\n<\/ul>\n\n\n\n<p>Une visite incontournable pour petits et grands.<\/p>\n\n\n\n<hr class=\"wp-block-separator has-alpha-channel-opacity\"\/>\n\n\n\n<h2 class=\"wp-block-heading\">O\u00f9 s\u00e9journer pour visiter les mus\u00e9es de la C\u00f4te d\u2019Azur ?<\/h2>\n\n\n\n<p>The <strong>G\u00eetes Domaine de la Chapelle \u00e0 Roquefort-les-Pins<\/strong> b\u00e9n\u00e9ficient d\u2019un emplacement id\u00e9al pour d\u00e9couvrir tous ces mus\u00e9es.<\/p>\n\n\n\n<p>\u2714 Entre Nice, Antibes, Cannes et l\u2019arri\u00e8re-pays<br>\u2714 Acc\u00e8s rapide aux principaux sites culturels<br>\u2714 Environnement calme et naturel<br>\u2714 Piscine chauff\u00e9e et jacuzzi privatif pour se d\u00e9tendre apr\u00e8s vos visites<\/p>\n\n\n\n<hr class=\"wp-block-separator has-alpha-channel-opacity\"\/>\n\n\n\n<h2 class=\"wp-block-heading\">FAQ \u2013 Mus\u00e9es C\u00f4te d\u2019Azur<\/h2>\n\n\n\n<p><strong>Quels sont les mus\u00e9es incontournables sur la C\u00f4te d\u2019Azur ?<\/strong><br>Le mus\u00e9e Picasso d\u2019Antibes, le mus\u00e9e Chagall \u00e0 Nice, la Fondation Maeght et le mus\u00e9e L\u00e9ger \u00e0 Biot font partie des plus visit\u00e9s.<\/p>\n\n\n\n<p><strong>Peut-on visiter plusieurs mus\u00e9es en un week-end ?<\/strong><br>Oui, la proximit\u00e9 entre les villes permet de d\u00e9couvrir plusieurs mus\u00e9es en quelques jours.<\/p>\n\n\n\n<p><strong>Quel mus\u00e9e visiter pr\u00e8s de Roquefort-les-Pins ?<\/strong><br>Les plus proches sont ceux de Biot, Antibes, Nice et Saint-Paul-de-Vence.<\/p>\n\n\n\n<hr class=\"wp-block-separator has-alpha-channel-opacity\"\/>\n\n\n\n<h2 class=\"wp-block-heading\">Conclusion<\/h2>\n\n\n\n<p>La C\u00f4te d\u2019Azur est un v\u00e9ritable territoire artistique, riche en mus\u00e9es et en lieux culturels.<br>Entre art moderne, patrimoine et paysages exceptionnels, chaque visite devient une exp\u00e9rience unique.<\/p>\n\n\n\n<p>Profitez de votre s\u00e9jour aux G\u00eetes Domaine de la Chapelle pour allier d\u00e9couverte culturelle et d\u00e9tente sur la French Riviera.<\/p>\n\n\n\n<figure class=\"wp-block-embed is-type-wp-embed is-provider-g-tes-domaine-de-la-chapelle wp-block-embed-g-tes-domaine-de-la-chapelle\"><div class=\"wp-block-embed__wrapper\">\nhttps:\/\/www.gitesdomainedelachapelle.com\/nos-appartements\n<\/div><\/figure>","protected":false},"excerpt":{"rendered":"<p>La C\u00f4te d\u2019Azur ne se r\u00e9sume pas \u00e0 ses plages et son soleil. C\u2019est aussi une destination incontournable pour les amateurs d\u2019art et de culture. Entre Nice, Antibes, Biot, Saint-Paul-de-Vence et Monaco, la r\u00e9gion regorge de mus\u00e9es prestigieux. Depuis les G\u00eetes Domaine de la Chapelle \u00e0 Roquefort-les-Pins, vous acc\u00e9dez facilement aux plus grands sites culturels [&hellip;]<\/p>\n","protected":false},"author":3,"featured_media":26572106,"comment_status":"open","ping_status":"open","sticky":false,"template":"","format":"standard","meta":{"_et_pb_use_builder":"off","_et_pb_old_content":"","_et_gb_content_width":"","footnotes":""},"categories":[18],"tags":[164,235,236,237],"dipi_cpt_category":[],"class_list":["post-26572105","post","type-post","status-publish","format-standard","has-post-thumbnail","hentry","category-activites-idees-cote-azur","tag-musee-antibes","tag-musee-nice-2","tag-musees-cote-dazur","tag-visite-culturelle-cote-dazur"],"yoast_head":"<!-- This site is optimized with the Yoast SEO plugin v27.4 - https:\/\/yoast.com\/product\/yoast-seo-wordpress\/ -->\n<title>Mus\u00e9es C\u00f4te d\u2019Azur : incontournables \u00e0 Nice et Antibes<\/title>\n<meta name=\"description\" content=\"D\u00e9couvrez les plus beaux mus\u00e9es de la C\u00f4te d\u2019Azur \u00e0 Nice et Antibes. Art, culture et patrimoine \u00e0 visiter pr\u00e8s de Roquefort-les-Pins.\" \/>\n<meta name=\"robots\" content=\"index, follow, max-snippet:-1, max-image-preview:large, max-video-preview:-1\" \/>\n<link rel=\"canonical\" href=\"https:\/\/www.gitesdomainedelachapelle.com\/en\/musees-cote-azur-nice-antibes\/\" \/>\n<meta property=\"og:locale\" content=\"en_GB\" \/>\n<meta property=\"og:type\" content=\"article\" \/>\n<meta property=\"og:title\" content=\"Mus\u00e9es C\u00f4te d\u2019Azur : incontournables \u00e0 Nice et Antibes\" \/>\n<meta property=\"og:description\" content=\"D\u00e9couvrez les plus beaux mus\u00e9es de la C\u00f4te d\u2019Azur \u00e0 Nice et Antibes. Art, culture et patrimoine \u00e0 visiter pr\u00e8s de Roquefort-les-Pins.\" \/>\n<meta property=\"og:url\" content=\"https:\/\/www.gitesdomainedelachapelle.com\/en\/musees-cote-azur-nice-antibes\/\" \/>\n<meta property=\"og:site_name\" content=\"G\u00eetes Domaine de la Chapelle\" \/>\n<meta property=\"article:author\" content=\"https:\/\/www.facebook.com\/patrice.campanella\/\" \/>\n<meta property=\"article:published_time\" content=\"2026-04-25T16:28:03+00:00\" \/>\n<meta property=\"article:modified_time\" content=\"2026-04-27T15:40:05+00:00\" \/>\n<meta property=\"og:image\" content=\"https:\/\/www.gitesdomainedelachapelle.com\/wp-content\/uploads\/2026\/04\/musees-cote-d-azur-art-culture-nice-antibes-monaco-roquefort-les-pins.webp\" \/>\n\t<meta property=\"og:image:width\" content=\"1200\" \/>\n\t<meta property=\"og:image:height\" content=\"627\" \/>\n\t<meta property=\"og:image:type\" content=\"image\/webp\" \/>\n<meta name=\"author\" content=\"Patrice\" \/>\n<meta name=\"twitter:card\" content=\"summary_large_image\" \/>\n<meta name=\"twitter:label1\" content=\"Written by\" \/>\n\t<meta name=\"twitter:data1\" content=\"Patrice\" \/>\n\t<meta name=\"twitter:label2\" content=\"Estimated reading time\" \/>\n\t<meta name=\"twitter:data2\" content=\"4 minutes\" \/>\n<script type=\"application\/ld+json\" class=\"yoast-schema-graph\">{\"@context\":\"https:\\\/\\\/schema.org\",\"@graph\":[{\"@type\":\"Article\",\"@id\":\"https:\\\/\\\/www.gitesdomainedelachapelle.com\\\/musees-cote-azur-nice-antibes\\\/#article\",\"isPartOf\":{\"@id\":\"https:\\\/\\\/www.gitesdomainedelachapelle.com\\\/musees-cote-azur-nice-antibes\\\/\"},\"author\":{\"name\":\"Patrice\",\"@id\":\"https:\\\/\\\/www.gitesdomainedelachapelle.com\\\/#\\\/schema\\\/person\\\/820b01290b5b0e5d56db451762c0e004\"},\"headline\":\"Les plus beaux mus\u00e9es de la C\u00f4te d\u2019Azur \u00e0 d\u00e9couvrir\",\"datePublished\":\"2026-04-25T16:28:03+00:00\",\"dateModified\":\"2026-04-27T15:40:05+00:00\",\"mainEntityOfPage\":{\"@id\":\"https:\\\/\\\/www.gitesdomainedelachapelle.com\\\/musees-cote-azur-nice-antibes\\\/\"},\"wordCount\":792,\"commentCount\":0,\"publisher\":{\"@id\":\"https:\\\/\\\/www.gitesdomainedelachapelle.com\\\/#organization\"},\"image\":{\"@id\":\"https:\\\/\\\/www.gitesdomainedelachapelle.com\\\/musees-cote-azur-nice-antibes\\\/#primaryimage\"},\"thumbnailUrl\":\"https:\\\/\\\/www.gitesdomainedelachapelle.com\\\/wp-content\\\/uploads\\\/2026\\\/04\\\/musees-cote-d-azur-art-culture-nice-antibes-monaco-roquefort-les-pins.webp\",\"keywords\":[\"mus\u00e9e antibes\",\"mus\u00e9e nice\",\"mus\u00e9es c\u00f4te d\u2019azur\",\"visite culturelle c\u00f4te d\u2019azur\"],\"articleSection\":[\"Activit\u00e9s &amp; Id\u00e9es sur la C\u00f4te d'Azur\"],\"inLanguage\":\"en-GB\",\"potentialAction\":[{\"@type\":\"CommentAction\",\"name\":\"Comment\",\"target\":[\"https:\\\/\\\/www.gitesdomainedelachapelle.com\\\/musees-cote-azur-nice-antibes\\\/#respond\"]}]},{\"@type\":\"WebPage\",\"@id\":\"https:\\\/\\\/www.gitesdomainedelachapelle.com\\\/musees-cote-azur-nice-antibes\\\/\",\"url\":\"https:\\\/\\\/www.gitesdomainedelachapelle.com\\\/musees-cote-azur-nice-antibes\\\/\",\"name\":\"Mus\u00e9es C\u00f4te d\u2019Azur : incontournables \u00e0 Nice et Antibes\",\"isPartOf\":{\"@id\":\"https:\\\/\\\/www.gitesdomainedelachapelle.com\\\/#website\"},\"primaryImageOfPage\":{\"@id\":\"https:\\\/\\\/www.gitesdomainedelachapelle.com\\\/musees-cote-azur-nice-antibes\\\/#primaryimage\"},\"image\":{\"@id\":\"https:\\\/\\\/www.gitesdomainedelachapelle.com\\\/musees-cote-azur-nice-antibes\\\/#primaryimage\"},\"thumbnailUrl\":\"https:\\\/\\\/www.gitesdomainedelachapelle.com\\\/wp-content\\\/uploads\\\/2026\\\/04\\\/musees-cote-d-azur-art-culture-nice-antibes-monaco-roquefort-les-pins.webp\",\"datePublished\":\"2026-04-25T16:28:03+00:00\",\"dateModified\":\"2026-04-27T15:40:05+00:00\",\"description\":\"D\u00e9couvrez les plus beaux mus\u00e9es de la C\u00f4te d\u2019Azur \u00e0 Nice et Antibes. Art, culture et patrimoine \u00e0 visiter pr\u00e8s de Roquefort-les-Pins.\",\"breadcrumb\":{\"@id\":\"https:\\\/\\\/www.gitesdomainedelachapelle.com\\\/musees-cote-azur-nice-antibes\\\/#breadcrumb\"},\"inLanguage\":\"en-GB\",\"potentialAction\":[{\"@type\":\"ReadAction\",\"target\":[\"https:\\\/\\\/www.gitesdomainedelachapelle.com\\\/musees-cote-azur-nice-antibes\\\/\"]}]},{\"@type\":\"ImageObject\",\"inLanguage\":\"en-GB\",\"@id\":\"https:\\\/\\\/www.gitesdomainedelachapelle.com\\\/musees-cote-azur-nice-antibes\\\/#primaryimage\",\"url\":\"https:\\\/\\\/www.gitesdomainedelachapelle.com\\\/wp-content\\\/uploads\\\/2026\\\/04\\\/musees-cote-d-azur-art-culture-nice-antibes-monaco-roquefort-les-pins.webp\",\"contentUrl\":\"https:\\\/\\\/www.gitesdomainedelachapelle.com\\\/wp-content\\\/uploads\\\/2026\\\/04\\\/musees-cote-d-azur-art-culture-nice-antibes-monaco-roquefort-les-pins.webp\",\"width\":1200,\"height\":627,\"caption\":\"Explorez les plus beaux mus\u00e9es de la C\u00f4te d\u2019Azur et plongez dans l\u2019art et la culture entre Nice, Antibes et Monaco.\"},{\"@type\":\"BreadcrumbList\",\"@id\":\"https:\\\/\\\/www.gitesdomainedelachapelle.com\\\/musees-cote-azur-nice-antibes\\\/#breadcrumb\",\"itemListElement\":[{\"@type\":\"ListItem\",\"position\":1,\"name\":\"Accueil\",\"item\":\"https:\\\/\\\/www.gitesdomainedelachapelle.com\\\/\"},{\"@type\":\"ListItem\",\"position\":2,\"name\":\"Les plus beaux mus\u00e9es de la C\u00f4te d\u2019Azur \u00e0 d\u00e9couvrir\"}]},{\"@type\":\"WebSite\",\"@id\":\"https:\\\/\\\/www.gitesdomainedelachapelle.com\\\/#website\",\"url\":\"https:\\\/\\\/www.gitesdomainedelachapelle.com\\\/\",\"name\":\"Gites Domaine de la Chappelle\",\"description\":\"G\u00eetes de charme avec piscine chauff\u00e9e et jacuzzi privatif sur la C\u00f4te d\u2019Azur\",\"publisher\":{\"@id\":\"https:\\\/\\\/www.gitesdomainedelachapelle.com\\\/#organization\"},\"potentialAction\":[{\"@type\":\"SearchAction\",\"target\":{\"@type\":\"EntryPoint\",\"urlTemplate\":\"https:\\\/\\\/www.gitesdomainedelachapelle.com\\\/?s={search_term_string}\"},\"query-input\":{\"@type\":\"PropertyValueSpecification\",\"valueRequired\":true,\"valueName\":\"search_term_string\"}}],\"inLanguage\":\"en-GB\"},{\"@type\":\"Organization\",\"@id\":\"https:\\\/\\\/www.gitesdomainedelachapelle.com\\\/#organization\",\"name\":\"Gites Domaine de la Chappelle\",\"url\":\"https:\\\/\\\/www.gitesdomainedelachapelle.com\\\/\",\"logo\":{\"@type\":\"ImageObject\",\"inLanguage\":\"en-GB\",\"@id\":\"https:\\\/\\\/www.gitesdomainedelachapelle.com\\\/#\\\/schema\\\/logo\\\/image\\\/\",\"url\":\"https:\\\/\\\/www.gitesdomainedelachapelle.com\\\/wp-content\\\/uploads\\\/2025\\\/11\\\/LOGO-removebg-preview-1.webp\",\"contentUrl\":\"https:\\\/\\\/www.gitesdomainedelachapelle.com\\\/wp-content\\\/uploads\\\/2025\\\/11\\\/LOGO-removebg-preview-1.webp\",\"width\":300,\"height\":300,\"caption\":\"Gites Domaine de la Chappelle\"},\"image\":{\"@id\":\"https:\\\/\\\/www.gitesdomainedelachapelle.com\\\/#\\\/schema\\\/logo\\\/image\\\/\"}},{\"@type\":\"Person\",\"@id\":\"https:\\\/\\\/www.gitesdomainedelachapelle.com\\\/#\\\/schema\\\/person\\\/820b01290b5b0e5d56db451762c0e004\",\"name\":\"Patrice\",\"pronouns\":\"nous\",\"image\":{\"@type\":\"ImageObject\",\"inLanguage\":\"en-GB\",\"@id\":\"https:\\\/\\\/secure.gravatar.com\\\/avatar\\\/e3f93a01e7806e1fe58fdbecfe9ca6bb725d62824cfd4bcd93ab79fb93dc4f5d?s=96&d=mm&r=g\",\"url\":\"https:\\\/\\\/secure.gravatar.com\\\/avatar\\\/e3f93a01e7806e1fe58fdbecfe9ca6bb725d62824cfd4bcd93ab79fb93dc4f5d?s=96&d=mm&r=g\",\"contentUrl\":\"https:\\\/\\\/secure.gravatar.com\\\/avatar\\\/e3f93a01e7806e1fe58fdbecfe9ca6bb725d62824cfd4bcd93ab79fb93dc4f5d?s=96&d=mm&r=g\",\"caption\":\"Patrice\"},\"description\":\"Propri\u00e9taire des G\u00eetes Domaine de la Chapelle, je propose des h\u00e9bergements de charme situ\u00e9s \u00e0 Roquefort-les-Pins, au c\u0153ur de l\u2019arri\u00e8re-pays ni\u00e7ois, entre Nice, Cannes et Grasse, sur la C\u00f4te d\u2019Azur. Nous proposons des locations de vacances haut de gamme, pens\u00e9es pour les couples \u00e0 la recherche d\u2019un s\u00e9jour en amoureux, d\u2019un week-end d\u00e9tente ou de vacances bien-\u00eatre en Provence, avec piscine chauff\u00e9e et jacuzzi privatif, dans un environnement calme, naturel et sans vis-\u00e0-vis. Chaque logement est con\u00e7u pour offrir confort, intimit\u00e9 et qualit\u00e9, avec une attention particuli\u00e8re port\u00e9e \u00e0 l\u2019accueil, aux \u00e9quipements et \u00e0 l\u2019exp\u00e9rience globale du s\u00e9jour. Notre objectif est simple : permettre \u00e0 nos h\u00f4tes de se ressourcer et de profiter pleinement du soleil du Sud, d\u2019un cadre idyllique et des richesses de la C\u00f4te d\u2019Azur.\",\"sameAs\":[\"https:\\\/\\\/www.gitesdomainedelachapelle.com\",\"https:\\\/\\\/www.facebook.com\\\/patrice.campanella\\\/\",\"https:\\\/\\\/www.instagram.com\\\/piscine_jacuzzi_cotedazur\\\/\",\"https:\\\/\\\/www.linkedin.com\\\/in\\\/g\u00eetes-domaine-de-la-chapelle-avec-piscine-chauff\u00e9e-et-jacuzzi-privatifs-sur-la-c\u00f4te-d-azur-54053572\\\/\",\"https:\\\/\\\/fr.pinterest.com\\\/gitesdomainedelachapelle\\\/\",\"https:\\\/\\\/www.youtube.com\\\/@gitesdomainedelachapelle\"],\"url\":\"https:\\\/\\\/www.gitesdomainedelachapelle.com\\\/en\\\/author\\\/patrice\\\/\"}]}<\/script>\n<!-- \/ Yoast SEO plugin. -->","yoast_head_json":{"title":"Mus\u00e9es C\u00f4te d\u2019Azur : incontournables \u00e0 Nice et Antibes","description":"D\u00e9couvrez les plus beaux mus\u00e9es de la C\u00f4te d\u2019Azur \u00e0 Nice et Antibes. Art, culture et patrimoine \u00e0 visiter pr\u00e8s de Roquefort-les-Pins.","robots":{"index":"index","follow":"follow","max-snippet":"max-snippet:-1","max-image-preview":"max-image-preview:large","max-video-preview":"max-video-preview:-1"},"canonical":"https:\/\/www.gitesdomainedelachapelle.com\/en\/musees-cote-azur-nice-antibes\/","og_locale":"en_GB","og_type":"article","og_title":"Mus\u00e9es C\u00f4te d\u2019Azur : incontournables \u00e0 Nice et Antibes","og_description":"D\u00e9couvrez les plus beaux mus\u00e9es de la C\u00f4te d\u2019Azur \u00e0 Nice et Antibes. Art, culture et patrimoine \u00e0 visiter pr\u00e8s de Roquefort-les-Pins.","og_url":"https:\/\/www.gitesdomainedelachapelle.com\/en\/musees-cote-azur-nice-antibes\/","og_site_name":"G\u00eetes Domaine de la Chapelle","article_author":"https:\/\/www.facebook.com\/patrice.campanella\/","article_published_time":"2026-04-25T16:28:03+00:00","article_modified_time":"2026-04-27T15:40:05+00:00","og_image":[{"width":1200,"height":627,"url":"https:\/\/www.gitesdomainedelachapelle.com\/wp-content\/uploads\/2026\/04\/musees-cote-d-azur-art-culture-nice-antibes-monaco-roquefort-les-pins.webp","type":"image\/webp"}],"author":"Patrice","twitter_card":"summary_large_image","twitter_misc":{"Written by":"Patrice","Estimated reading time":"4 minutes"},"schema":{"@context":"https:\/\/schema.org","@graph":[{"@type":"Article","@id":"https:\/\/www.gitesdomainedelachapelle.com\/musees-cote-azur-nice-antibes\/#article","isPartOf":{"@id":"https:\/\/www.gitesdomainedelachapelle.com\/musees-cote-azur-nice-antibes\/"},"author":{"name":"Patrice","@id":"https:\/\/www.gitesdomainedelachapelle.com\/#\/schema\/person\/820b01290b5b0e5d56db451762c0e004"},"headline":"Les plus beaux mus\u00e9es de la C\u00f4te d\u2019Azur \u00e0 d\u00e9couvrir","datePublished":"2026-04-25T16:28:03+00:00","dateModified":"2026-04-27T15:40:05+00:00","mainEntityOfPage":{"@id":"https:\/\/www.gitesdomainedelachapelle.com\/musees-cote-azur-nice-antibes\/"},"wordCount":792,"commentCount":0,"publisher":{"@id":"https:\/\/www.gitesdomainedelachapelle.com\/#organization"},"image":{"@id":"https:\/\/www.gitesdomainedelachapelle.com\/musees-cote-azur-nice-antibes\/#primaryimage"},"thumbnailUrl":"https:\/\/www.gitesdomainedelachapelle.com\/wp-content\/uploads\/2026\/04\/musees-cote-d-azur-art-culture-nice-antibes-monaco-roquefort-les-pins.webp","keywords":["mus\u00e9e antibes","mus\u00e9e nice","mus\u00e9es c\u00f4te d\u2019azur","visite culturelle c\u00f4te d\u2019azur"],"articleSection":["Activit\u00e9s &amp; Id\u00e9es sur la C\u00f4te d'Azur"],"inLanguage":"en-GB","potentialAction":[{"@type":"CommentAction","name":"Comment","target":["https:\/\/www.gitesdomainedelachapelle.com\/musees-cote-azur-nice-antibes\/#respond"]}]},{"@type":"WebPage","@id":"https:\/\/www.gitesdomainedelachapelle.com\/musees-cote-azur-nice-antibes\/","url":"https:\/\/www.gitesdomainedelachapelle.com\/musees-cote-azur-nice-antibes\/","name":"Mus\u00e9es C\u00f4te d\u2019Azur : incontournables \u00e0 Nice et Antibes","isPartOf":{"@id":"https:\/\/www.gitesdomainedelachapelle.com\/#website"},"primaryImageOfPage":{"@id":"https:\/\/www.gitesdomainedelachapelle.com\/musees-cote-azur-nice-antibes\/#primaryimage"},"image":{"@id":"https:\/\/www.gitesdomainedelachapelle.com\/musees-cote-azur-nice-antibes\/#primaryimage"},"thumbnailUrl":"https:\/\/www.gitesdomainedelachapelle.com\/wp-content\/uploads\/2026\/04\/musees-cote-d-azur-art-culture-nice-antibes-monaco-roquefort-les-pins.webp","datePublished":"2026-04-25T16:28:03+00:00","dateModified":"2026-04-27T15:40:05+00:00","description":"D\u00e9couvrez les plus beaux mus\u00e9es de la C\u00f4te d\u2019Azur \u00e0 Nice et Antibes. Art, culture et patrimoine \u00e0 visiter pr\u00e8s de Roquefort-les-Pins.","breadcrumb":{"@id":"https:\/\/www.gitesdomainedelachapelle.com\/musees-cote-azur-nice-antibes\/#breadcrumb"},"inLanguage":"en-GB","potentialAction":[{"@type":"ReadAction","target":["https:\/\/www.gitesdomainedelachapelle.com\/musees-cote-azur-nice-antibes\/"]}]},{"@type":"ImageObject","inLanguage":"en-GB","@id":"https:\/\/www.gitesdomainedelachapelle.com\/musees-cote-azur-nice-antibes\/#primaryimage","url":"https:\/\/www.gitesdomainedelachapelle.com\/wp-content\/uploads\/2026\/04\/musees-cote-d-azur-art-culture-nice-antibes-monaco-roquefort-les-pins.webp","contentUrl":"https:\/\/www.gitesdomainedelachapelle.com\/wp-content\/uploads\/2026\/04\/musees-cote-d-azur-art-culture-nice-antibes-monaco-roquefort-les-pins.webp","width":1200,"height":627,"caption":"Explorez les plus beaux mus\u00e9es de la C\u00f4te d\u2019Azur et plongez dans l\u2019art et la culture entre Nice, Antibes et Monaco."},{"@type":"BreadcrumbList","@id":"https:\/\/www.gitesdomainedelachapelle.com\/musees-cote-azur-nice-antibes\/#breadcrumb","itemListElement":[{"@type":"ListItem","position":1,"name":"Accueil","item":"https:\/\/www.gitesdomainedelachapelle.com\/"},{"@type":"ListItem","position":2,"name":"Les plus beaux mus\u00e9es de la C\u00f4te d\u2019Azur \u00e0 d\u00e9couvrir"}]},{"@type":"WebSite","@id":"https:\/\/www.gitesdomainedelachapelle.com\/#website","url":"https:\/\/www.gitesdomainedelachapelle.com\/","name":"Gites Domaine de la Chappelle","description":"G\u00eetes de charme avec piscine chauff\u00e9e et jacuzzi privatif sur la C\u00f4te d\u2019Azur","publisher":{"@id":"https:\/\/www.gitesdomainedelachapelle.com\/#organization"},"potentialAction":[{"@type":"SearchAction","target":{"@type":"EntryPoint","urlTemplate":"https:\/\/www.gitesdomainedelachapelle.com\/?s={search_term_string}"},"query-input":{"@type":"PropertyValueSpecification","valueRequired":true,"valueName":"search_term_string"}}],"inLanguage":"en-GB"},{"@type":"Organization","@id":"https:\/\/www.gitesdomainedelachapelle.com\/#organization","name":"Gites Domaine de la Chappelle","url":"https:\/\/www.gitesdomainedelachapelle.com\/","logo":{"@type":"ImageObject","inLanguage":"en-GB","@id":"https:\/\/www.gitesdomainedelachapelle.com\/#\/schema\/logo\/image\/","url":"https:\/\/www.gitesdomainedelachapelle.com\/wp-content\/uploads\/2025\/11\/LOGO-removebg-preview-1.webp","contentUrl":"https:\/\/www.gitesdomainedelachapelle.com\/wp-content\/uploads\/2025\/11\/LOGO-removebg-preview-1.webp","width":300,"height":300,"caption":"Gites Domaine de la Chappelle"},"image":{"@id":"https:\/\/www.gitesdomainedelachapelle.com\/#\/schema\/logo\/image\/"}},{"@type":"Person","@id":"https:\/\/www.gitesdomainedelachapelle.com\/#\/schema\/person\/820b01290b5b0e5d56db451762c0e004","name":"Patrice","pronouns":"nous","image":{"@type":"ImageObject","inLanguage":"en-GB","@id":"https:\/\/secure.gravatar.com\/avatar\/e3f93a01e7806e1fe58fdbecfe9ca6bb725d62824cfd4bcd93ab79fb93dc4f5d?s=96&d=mm&r=g","url":"https:\/\/secure.gravatar.com\/avatar\/e3f93a01e7806e1fe58fdbecfe9ca6bb725d62824cfd4bcd93ab79fb93dc4f5d?s=96&d=mm&r=g","contentUrl":"https:\/\/secure.gravatar.com\/avatar\/e3f93a01e7806e1fe58fdbecfe9ca6bb725d62824cfd4bcd93ab79fb93dc4f5d?s=96&d=mm&r=g","caption":"Patrice"},"description":"Propri\u00e9taire des G\u00eetes Domaine de la Chapelle, je propose des h\u00e9bergements de charme situ\u00e9s \u00e0 Roquefort-les-Pins, au c\u0153ur de l\u2019arri\u00e8re-pays ni\u00e7ois, entre Nice, Cannes et Grasse, sur la C\u00f4te d\u2019Azur. Nous proposons des locations de vacances haut de gamme, pens\u00e9es pour les couples \u00e0 la recherche d\u2019un s\u00e9jour en amoureux, d\u2019un week-end d\u00e9tente ou de vacances bien-\u00eatre en Provence, avec piscine chauff\u00e9e et jacuzzi privatif, dans un environnement calme, naturel et sans vis-\u00e0-vis. Chaque logement est con\u00e7u pour offrir confort, intimit\u00e9 et qualit\u00e9, avec une attention particuli\u00e8re port\u00e9e \u00e0 l\u2019accueil, aux \u00e9quipements et \u00e0 l\u2019exp\u00e9rience globale du s\u00e9jour. Notre objectif est simple : permettre \u00e0 nos h\u00f4tes de se ressourcer et de profiter pleinement du soleil du Sud, d\u2019un cadre idyllique et des richesses de la C\u00f4te d\u2019Azur.","sameAs":["https:\/\/www.gitesdomainedelachapelle.com","https:\/\/www.facebook.com\/patrice.campanella\/","https:\/\/www.instagram.com\/piscine_jacuzzi_cotedazur\/","https:\/\/www.linkedin.com\/in\/g\u00eetes-domaine-de-la-chapelle-avec-piscine-chauff\u00e9e-et-jacuzzi-privatifs-sur-la-c\u00f4te-d-azur-54053572\/","https:\/\/fr.pinterest.com\/gitesdomainedelachapelle\/","https:\/\/www.youtube.com\/@gitesdomainedelachapelle"],"url":"https:\/\/www.gitesdomainedelachapelle.com\/en\/author\/patrice\/"}]}},"_links":{"self":[{"href":"https:\/\/www.gitesdomainedelachapelle.com\/en\/wp-json\/wp\/v2\/posts\/26572105","targetHints":{"allow":["GET"]}}],"collection":[{"href":"https:\/\/www.gitesdomainedelachapelle.com\/en\/wp-json\/wp\/v2\/posts"}],"about":[{"href":"https:\/\/www.gitesdomainedelachapelle.com\/en\/wp-json\/wp\/v2\/types\/post"}],"author":[{"embeddable":true,"href":"https:\/\/www.gitesdomainedelachapelle.com\/en\/wp-json\/wp\/v2\/users\/3"}],"replies":[{"embeddable":true,"href":"https:\/\/www.gitesdomainedelachapelle.com\/en\/wp-json\/wp\/v2\/comments?post=26572105"}],"version-history":[{"count":4,"href":"https:\/\/www.gitesdomainedelachapelle.com\/en\/wp-json\/wp\/v2\/posts\/26572105\/revisions"}],"predecessor-version":[{"id":26572264,"href":"https:\/\/www.gitesdomainedelachapelle.com\/en\/wp-json\/wp\/v2\/posts\/26572105\/revisions\/26572264"}],"wp:featuredmedia":[{"embeddable":true,"href":"https:\/\/www.gitesdomainedelachapelle.com\/en\/wp-json\/wp\/v2\/media\/26572106"}],"wp:attachment":[{"href":"https:\/\/www.gitesdomainedelachapelle.com\/en\/wp-json\/wp\/v2\/media?parent=26572105"}],"wp:term":[{"taxonomy":"category","embeddable":true,"href":"https:\/\/www.gitesdomainedelachapelle.com\/en\/wp-json\/wp\/v2\/categories?post=26572105"},{"taxonomy":"post_tag","embeddable":true,"href":"https:\/\/www.gitesdomainedelachapelle.com\/en\/wp-json\/wp\/v2\/tags?post=26572105"},{"taxonomy":"dipi_cpt_category","embeddable":true,"href":"https:\/\/www.gitesdomainedelachapelle.com\/en\/wp-json\/wp\/v2\/dipi_cpt_category?post=26572105"}],"curies":[{"name":"wp","href":"https:\/\/api.w.org\/{rel}","templated":true}]}}