{"id":26572070,"date":"2026-04-22T06:24:18","date_gmt":"2026-04-22T05:24:18","guid":{"rendered":"https:\/\/www.gitesdomainedelachapelle.com\/?p=26572070"},"modified":"2026-04-22T06:28:17","modified_gmt":"2026-04-22T05:28:17","slug":"marches-provencaux-cote-azur","status":"publish","type":"post","link":"https:\/\/www.gitesdomainedelachapelle.com\/es\/marches-provencaux-cote-azur\/","title":{"rendered":"Mercados provenzales en la Costa Azul: los mercados m\u00e1s bonitos para descubrir"},"content":{"rendered":"<h2 class=\"wp-block-heading\">\u00bfD\u00f3nde encontrar los mejores mercados provenzales en la Costa Azul?<\/h2>\n\n\n\n<p>La Costa Azul es famosa por sus mercados provenzales, verdaderos lugares de vida donde se mezclan colores, sabores y tradiciones. Entre Niza, Antibes, Menton y Valbonne, cada mercado ofrece un ambiente \u00fanico.<\/p>\n\n\n\n<p>Ya sea que busques productos locales, especialidades provenzales o simplemente un paseo t\u00edpico, los mercados son una parada obligatoria.<\/p>\n\n\n\n<p>En la pr\u00e1ctica, suelen ser los mercados m\u00e1s aut\u00e9nticos los que ofrecen la mejor experiencia.<\/p>\n\n\n\n<h2 class=\"wp-block-heading\">Por qu\u00e9 visitar los mercados de Provenza<\/h2>\n\n\n\n<p>Los mercados de la regi\u00f3n no son solo lugares de compra, son verdaderas experiencias:<\/p>\n\n\n\n<ul class=\"wp-block-list\">\n<li>productos frescos y de temporada<\/li>\n\n\n\n<li>productores locales<\/li>\n\n\n\n<li>ambiente convivial<\/li>\n\n\n\n<li>artesan\u00eda regional<\/li>\n<\/ul>\n\n\n\n<p>Es tambi\u00e9n la ocasi\u00f3n de descubrir:<\/p>\n\n\n\n<ul class=\"wp-block-list\">\n<li>frutas y verduras de la regi\u00f3n<\/li>\n\n\n\n<li>aceites de oliva<\/li>\n\n\n\n<li>quesos<\/li>\n\n\n\n<li>especialidades provenzales<\/li>\n<\/ul>\n\n\n\n<h2 class=\"wp-block-heading\">Los mercados provenzales m\u00e1s bellos de la Costa Azul<\/h2>\n\n\n\n<h3 class=\"wp-block-heading\">Mercado del Cours Saleya en Niza: el m\u00e1s emblem\u00e1tico<\/h3>\n\n\n\n<p>El mercado del Cours Saleya es sin duda el mercado m\u00e1s famoso de la Costa Azul.<\/p>\n\n\n\n<p>Situado en el coraz\u00f3n del casco antiguo de Niza, atrae tanto a lugare\u00f1os como a visitantes.<\/p>\n\n\n\n<p>Se encuentra:<\/p>\n\n\n\n<ul class=\"wp-block-list\">\n<li>frutas y verduras frescas<\/li>\n\n\n\n<li>flores<\/li>\n\n\n\n<li>especialidades de Niza<\/li>\n<\/ul>\n\n\n\n<p>El ambiente es particularmente animado, con sus colores y sus aromas t\u00edpicos.<\/p>\n\n\n\n<p>\ud83d\udc49 Ideal para una inmersi\u00f3n completa en la cultura provenzal.<\/p>\n\n\n\n<hr class=\"wp-block-separator has-alpha-channel-opacity\"\/>\n\n\n\n<h3 class=\"wp-block-heading\">Mercado provenzal de Antibes: autenticidad y productos locales<\/h3>\n\n\n\n<p>El mercado provenzal de Antibes es una visita obligada en el casco antiguo.<\/p>\n\n\n\n<p>Instalado en un entorno encantador, ofrece:<\/p>\n\n\n\n<ul class=\"wp-block-list\">\n<li>productos del terru\u00f1o<\/li>\n\n\n\n<li>especias<\/li>\n\n\n\n<li>quesos<\/li>\n\n\n\n<li>especialidades locales<\/li>\n<\/ul>\n\n\n\n<p>Es un mercado apreciado por:<\/p>\n\n\n\n<ul class=\"wp-block-list\">\n<li>su autenticidad<\/li>\n\n\n\n<li>su cuadro t\u00edpico<\/li>\n\n\n\n<li>la calidad de los productos<\/li>\n<\/ul>\n\n\n\n<p>Perfecto para un paseo gastron\u00f3mico.<\/p>\n\n\n\n<hr class=\"wp-block-separator has-alpha-channel-opacity\"\/>\n\n\n\n<h3 class=\"wp-block-heading\">Mercado de Menton: entre el mar y las tradiciones<\/h3>\n\n\n\n<p>El Mercado de las Halles de Menton ofrece una experiencia diferente, en la frontera italiana.<\/p>\n\n\n\n<p>En \u00e9l encontramos:<\/p>\n\n\n\n<ul class=\"wp-block-list\">\n<li>productos mediterr\u00e1neos<\/li>\n\n\n\n<li>especialidades locales<\/li>\n\n\n\n<li>ambiente c\u00e1lido<\/li>\n<\/ul>\n\n\n\n<p>Al ser Menton conocida por sus c\u00edtricos, podr\u00e1 descubrir productos \u00fanicos relacionados con el lim\u00f3n.<\/p>\n\n\n\n<p>Ideal para descubrir otra faceta de la Costa Azul.<\/p>\n\n\n\n<hr class=\"wp-block-separator has-alpha-channel-opacity\"\/>\n\n\n\n<h3 class=\"wp-block-heading\">Mercado de Valbonne: encanto y ambiente acogedor en las calles peatonales<\/h3>\n\n\n\n<p>El mercado de Valbonne es uno de los mercados m\u00e1s apreciados del interior.<\/p>\n\n\n\n<p>Se mantiene <strong>todos los viernes<\/strong> en los <strong>calles peatonales del pueblo<\/strong>, ofreciendo un ambiente particularmente aut\u00e9ntico.<\/p>\n\n\n\n<p>Se encuentra:<\/p>\n\n\n\n<ul class=\"wp-block-list\">\n<li>productos locales<\/li>\n\n\n\n<li>artesan\u00eda<\/li>\n\n\n\n<li>especialidades provenzales<\/li>\n<\/ul>\n\n\n\n<p>Este mercado se distingue por:<\/p>\n\n\n\n<ul class=\"wp-block-list\">\n<li>ambiente agradable<\/li>\n\n\n\n<li>su cuadro t\u00edpico<\/li>\n\n\n\n<li>sus callejones llenos de encanto<\/li>\n<\/ul>\n\n\n\n<p>En la pr\u00e1ctica, es un mercado a escala humana donde uno se toma el tiempo de curiosear y descubrir los productos.<\/p>\n\n\n\n<p>\ud83d\udc49 Ideal para un momento aut\u00e9ntico, lejos del ajetreo.<\/p>\n\n\n\n<hr class=\"wp-block-separator has-alpha-channel-opacity\"\/>\n\n\n\n<h2 class=\"wp-block-heading\">C\u00f3mo aprovechar al m\u00e1ximo los mercados de Provenza<\/h2>\n\n\n\n<p>Para vivir una verdadera experiencia, algunos consejos sencillos:<\/p>\n\n\n\n<h3 class=\"wp-block-heading\">Llegar pronto<\/h3>\n\n\n\n<p>Los mejores productos se agotan r\u00e1pidamente, especialmente en temporada.<\/p>\n\n\n\n<h3 class=\"wp-block-heading\">Tomarse el tiempo de discutir<\/h3>\n\n\n\n<p>Los productores locales a menudo comparten su pasi\u00f3n y sus consejos.<\/p>\n\n\n\n<h3 class=\"wp-block-heading\">Degustaci\u00f3n en el lugar<\/h3>\n\n\n\n<p>Es la mejor manera de descubrir las especialidades regionales.<\/p>\n\n\n\n<h2 class=\"wp-block-heading\">Los errores a evitar<\/h2>\n\n\n\n<ul class=\"wp-block-list\">\n<li>llegar demasiado tarde<\/li>\n\n\n\n<li>limitarse a los puestos tur\u00edsticos<\/li>\n\n\n\n<li>no comparar los productos<\/li>\n\n\n\n<li>olvidar prever efectivo<\/li>\n<\/ul>\n\n\n\n<h2 class=\"wp-block-heading\">Disfrute de los mercados durante su estancia<\/h2>\n\n\n\n<p>Visitar los mercados provenzales es descubrir el alma de la Costa Azul. Cada mercado ofrece una experiencia diferente entre gastronom\u00eda, tradiciones y convivialidad.<\/p>\n\n\n\n<p>En la pr\u00e1ctica, integrar un mercado en tu estancia te permite vivir la regi\u00f3n como un local.<\/p>\n\n\n\n<h2 class=\"wp-block-heading\">Alojarse cerca de los mercados<\/h2>\n\n\n\n<p>Para disfrutar al m\u00e1ximo de su estancia en la Costa Azul y acceder f\u00e1cilmente a los mercados, se recomienda alojarse cerca.<\/p>\n\n\n\n<figure class=\"wp-block-embed is-type-wp-embed is-provider-g-tes-domaine-de-la-chapelle wp-block-embed-g-tes-domaine-de-la-chapelle\"><div class=\"wp-block-embed__wrapper\">\n<blockquote class=\"wp-embedded-content\" data-secret=\"WIxnYt0zw8\"><a href=\"https:\/\/www.gitesdomainedelachapelle.com\/nos-appartements\/\">Nuestros Apartamentos<\/a><\/blockquote><iframe loading=\"lazy\" class=\"wp-embedded-content\" sandbox=\"allow-scripts\" security=\"restricted\" style=\"position: absolute; visibility: hidden;\" title=\"\u00ab Nuestros Apartamentos \u00bb \u2014 G\u00eetes Domaine de la Chapelle\" src=\"https:\/\/www.gitesdomainedelachapelle.com\/nos-appartements\/embed\/#?secret=RwuUWonHLC#?secret=WIxnYt0zw8\" data-secret=\"WIxnYt0zw8\" width=\"600\" height=\"338\" frameborder=\"0\" marginwidth=\"0\" marginheight=\"0\" scrolling=\"no\"><\/iframe>\n<\/div><\/figure>","protected":false},"excerpt":{"rendered":"<p>O\u00f9 trouver les meilleurs march\u00e9s proven\u00e7aux sur la C\u00f4te d\u2019Azur La C\u00f4te d\u2019Azur est r\u00e9put\u00e9e pour ses march\u00e9s proven\u00e7aux, v\u00e9ritables lieux de vie o\u00f9 se m\u00ealent couleurs, saveurs et traditions. Entre Nice, Antibes, Menton et Valbonne, chaque march\u00e9 offre une ambiance unique. Que vous soyez \u00e0 la recherche de produits locaux, de sp\u00e9cialit\u00e9s proven\u00e7ales ou [&hellip;]<\/p>\n","protected":false},"author":3,"featured_media":26572072,"comment_status":"open","ping_status":"open","sticky":false,"template":"","format":"standard","meta":{"_et_pb_use_builder":"off","_et_pb_old_content":"","_et_gb_content_width":"","footnotes":""},"categories":[18],"tags":[105,114,101,103,100,112,107,113,102,111,106,108,109,110,104],"dipi_cpt_category":[],"class_list":["post-26572070","post","type-post","status-publish","format-standard","has-post-thumbnail","hentry","category-activites-idees","tag-marche-antibes","tag-marche-cote-dazur","tag-marche-du-sud-de-la-france","tag-marche-menton","tag-marche-nice-cours-saleya","tag-marche-traditionnel","tag-marche-valbonne-vendredi","tag-marches-provencaux","tag-produits-locaux-provence","tag-que-faire-cote-dazur","tag-sejour-provence","tag-specialites-provencales","tag-tourisme-cote-dazur","tag-villages-provencaux","tag-visite-cote-dazur"],"yoast_head":"<!-- This site is optimized with the Yoast SEO plugin v27.4 - https:\/\/yoast.com\/product\/yoast-seo-wordpress\/ -->\n<title>March\u00e9s proven\u00e7aux C\u00f4te d\u2019Azur : les plus beaux \u00e0 d\u00e9couvrir<\/title>\n<meta name=\"description\" content=\"D\u00e9couvrez les plus beaux march\u00e9s proven\u00e7aux de la C\u00f4te d\u2019Azur : produits locaux, ambiance typique et villages authentiques.\" \/>\n<meta name=\"robots\" content=\"index, follow, max-snippet:-1, max-image-preview:large, max-video-preview:-1\" \/>\n<link rel=\"canonical\" href=\"https:\/\/www.gitesdomainedelachapelle.com\/es\/marches-provencaux-cote-azur\/\" \/>\n<meta property=\"og:locale\" content=\"es_ES\" \/>\n<meta property=\"og:type\" content=\"article\" \/>\n<meta property=\"og:title\" content=\"March\u00e9s proven\u00e7aux C\u00f4te d\u2019Azur : les plus beaux \u00e0 d\u00e9couvrir\" \/>\n<meta property=\"og:description\" content=\"D\u00e9couvrez les plus beaux march\u00e9s proven\u00e7aux de la C\u00f4te d\u2019Azur : produits locaux, ambiance typique et villages authentiques.\" \/>\n<meta property=\"og:url\" content=\"https:\/\/www.gitesdomainedelachapelle.com\/es\/marches-provencaux-cote-azur\/\" \/>\n<meta property=\"og:site_name\" content=\"G\u00eetes Domaine de la Chapelle\" \/>\n<meta property=\"article:author\" content=\"https:\/\/www.facebook.com\/patrice.campanella\/\" \/>\n<meta property=\"article:published_time\" content=\"2026-04-22T05:24:18+00:00\" \/>\n<meta property=\"article:modified_time\" content=\"2026-04-22T05:28:17+00:00\" \/>\n<meta property=\"og:image\" content=\"https:\/\/www.gitesdomainedelachapelle.com\/wp-content\/uploads\/2026\/04\/produits-terroir-valbonne-marche.webp\" \/>\n\t<meta property=\"og:image:width\" content=\"1600\" \/>\n\t<meta property=\"og:image:height\" content=\"1067\" \/>\n\t<meta property=\"og:image:type\" content=\"image\/webp\" \/>\n<meta name=\"author\" content=\"Patrice\" \/>\n<meta name=\"twitter:card\" content=\"summary_large_image\" \/>\n<meta name=\"twitter:label1\" content=\"Escrito por\" \/>\n\t<meta name=\"twitter:data1\" content=\"Patrice\" \/>\n\t<meta name=\"twitter:label2\" content=\"Tiempo de lectura\" \/>\n\t<meta name=\"twitter:data2\" content=\"4 minutos\" \/>\n<script type=\"application\/ld+json\" class=\"yoast-schema-graph\">{\"@context\":\"https:\\\/\\\/schema.org\",\"@graph\":[{\"@type\":\"Article\",\"@id\":\"https:\\\/\\\/www.gitesdomainedelachapelle.com\\\/marches-provencaux-cote-azur\\\/#article\",\"isPartOf\":{\"@id\":\"https:\\\/\\\/www.gitesdomainedelachapelle.com\\\/marches-provencaux-cote-azur\\\/\"},\"author\":{\"name\":\"Patrice\",\"@id\":\"https:\\\/\\\/www.gitesdomainedelachapelle.com\\\/#\\\/schema\\\/person\\\/820b01290b5b0e5d56db451762c0e004\"},\"headline\":\"March\u00e9s proven\u00e7aux sur la C\u00f4te d\u2019Azur : les plus beaux march\u00e9s \u00e0 d\u00e9couvrir\",\"datePublished\":\"2026-04-22T05:24:18+00:00\",\"dateModified\":\"2026-04-22T05:28:17+00:00\",\"mainEntityOfPage\":{\"@id\":\"https:\\\/\\\/www.gitesdomainedelachapelle.com\\\/marches-provencaux-cote-azur\\\/\"},\"wordCount\":691,\"commentCount\":0,\"publisher\":{\"@id\":\"https:\\\/\\\/www.gitesdomainedelachapelle.com\\\/#organization\"},\"image\":{\"@id\":\"https:\\\/\\\/www.gitesdomainedelachapelle.com\\\/marches-provencaux-cote-azur\\\/#primaryimage\"},\"thumbnailUrl\":\"https:\\\/\\\/www.gitesdomainedelachapelle.com\\\/wp-content\\\/uploads\\\/2026\\\/04\\\/produits-terroir-valbonne-marche.webp\",\"keywords\":[\"march\u00e9 Antibes\",\"march\u00e9 C\u00f4te d\u2019Azur\",\"march\u00e9 du sud de la France\",\"march\u00e9 Menton\",\"march\u00e9 Nice cours Saleya\",\"march\u00e9 traditionnel\",\"march\u00e9 Valbonne vendredi\",\"march\u00e9s proven\u00e7aux\",\"produits locaux Provence\",\"que faire C\u00f4te d\u2019Azur\",\"s\u00e9jour Provence\",\"sp\u00e9cialit\u00e9s proven\u00e7ales\",\"tourisme C\u00f4te d\u2019Azur\",\"villages proven\u00e7aux\",\"visite C\u00f4te d\u2019Azur\"],\"articleSection\":[\"Activit\u00e9s\"],\"inLanguage\":\"es\",\"potentialAction\":[{\"@type\":\"CommentAction\",\"name\":\"Comment\",\"target\":[\"https:\\\/\\\/www.gitesdomainedelachapelle.com\\\/marches-provencaux-cote-azur\\\/#respond\"]}]},{\"@type\":\"WebPage\",\"@id\":\"https:\\\/\\\/www.gitesdomainedelachapelle.com\\\/marches-provencaux-cote-azur\\\/\",\"url\":\"https:\\\/\\\/www.gitesdomainedelachapelle.com\\\/marches-provencaux-cote-azur\\\/\",\"name\":\"March\u00e9s proven\u00e7aux C\u00f4te d\u2019Azur : les plus beaux \u00e0 d\u00e9couvrir\",\"isPartOf\":{\"@id\":\"https:\\\/\\\/www.gitesdomainedelachapelle.com\\\/#website\"},\"primaryImageOfPage\":{\"@id\":\"https:\\\/\\\/www.gitesdomainedelachapelle.com\\\/marches-provencaux-cote-azur\\\/#primaryimage\"},\"image\":{\"@id\":\"https:\\\/\\\/www.gitesdomainedelachapelle.com\\\/marches-provencaux-cote-azur\\\/#primaryimage\"},\"thumbnailUrl\":\"https:\\\/\\\/www.gitesdomainedelachapelle.com\\\/wp-content\\\/uploads\\\/2026\\\/04\\\/produits-terroir-valbonne-marche.webp\",\"datePublished\":\"2026-04-22T05:24:18+00:00\",\"dateModified\":\"2026-04-22T05:28:17+00:00\",\"description\":\"D\u00e9couvrez les plus beaux march\u00e9s proven\u00e7aux de la C\u00f4te d\u2019Azur : produits locaux, ambiance typique et villages authentiques.\",\"breadcrumb\":{\"@id\":\"https:\\\/\\\/www.gitesdomainedelachapelle.com\\\/marches-provencaux-cote-azur\\\/#breadcrumb\"},\"inLanguage\":\"es\",\"potentialAction\":[{\"@type\":\"ReadAction\",\"target\":[\"https:\\\/\\\/www.gitesdomainedelachapelle.com\\\/marches-provencaux-cote-azur\\\/\"]}]},{\"@type\":\"ImageObject\",\"inLanguage\":\"es\",\"@id\":\"https:\\\/\\\/www.gitesdomainedelachapelle.com\\\/marches-provencaux-cote-azur\\\/#primaryimage\",\"url\":\"https:\\\/\\\/www.gitesdomainedelachapelle.com\\\/wp-content\\\/uploads\\\/2026\\\/04\\\/produits-terroir-valbonne-marche.webp\",\"contentUrl\":\"https:\\\/\\\/www.gitesdomainedelachapelle.com\\\/wp-content\\\/uploads\\\/2026\\\/04\\\/produits-terroir-valbonne-marche.webp\",\"width\":1600,\"height\":1067,\"caption\":\"Produits locaux sur un march\u00e9 proven\u00e7al typique de la C\u00f4te d\u2019Azur.\"},{\"@type\":\"BreadcrumbList\",\"@id\":\"https:\\\/\\\/www.gitesdomainedelachapelle.com\\\/marches-provencaux-cote-azur\\\/#breadcrumb\",\"itemListElement\":[{\"@type\":\"ListItem\",\"position\":1,\"name\":\"Accueil\",\"item\":\"https:\\\/\\\/www.gitesdomainedelachapelle.com\\\/\"},{\"@type\":\"ListItem\",\"position\":2,\"name\":\"March\u00e9s proven\u00e7aux sur la C\u00f4te d\u2019Azur : les plus beaux march\u00e9s \u00e0 d\u00e9couvrir\"}]},{\"@type\":\"WebSite\",\"@id\":\"https:\\\/\\\/www.gitesdomainedelachapelle.com\\\/#website\",\"url\":\"https:\\\/\\\/www.gitesdomainedelachapelle.com\\\/\",\"name\":\"Gites Domaine de la Chappelle\",\"description\":\"G\u00eetes de charme avec piscine chauff\u00e9e et jacuzzi privatif sur la C\u00f4te d\u2019Azur\",\"publisher\":{\"@id\":\"https:\\\/\\\/www.gitesdomainedelachapelle.com\\\/#organization\"},\"potentialAction\":[{\"@type\":\"SearchAction\",\"target\":{\"@type\":\"EntryPoint\",\"urlTemplate\":\"https:\\\/\\\/www.gitesdomainedelachapelle.com\\\/?s={search_term_string}\"},\"query-input\":{\"@type\":\"PropertyValueSpecification\",\"valueRequired\":true,\"valueName\":\"search_term_string\"}}],\"inLanguage\":\"es\"},{\"@type\":\"Organization\",\"@id\":\"https:\\\/\\\/www.gitesdomainedelachapelle.com\\\/#organization\",\"name\":\"Gites Domaine de la Chappelle\",\"url\":\"https:\\\/\\\/www.gitesdomainedelachapelle.com\\\/\",\"logo\":{\"@type\":\"ImageObject\",\"inLanguage\":\"es\",\"@id\":\"https:\\\/\\\/www.gitesdomainedelachapelle.com\\\/#\\\/schema\\\/logo\\\/image\\\/\",\"url\":\"https:\\\/\\\/www.gitesdomainedelachapelle.com\\\/wp-content\\\/uploads\\\/2025\\\/11\\\/LOGO-removebg-preview-1.webp\",\"contentUrl\":\"https:\\\/\\\/www.gitesdomainedelachapelle.com\\\/wp-content\\\/uploads\\\/2025\\\/11\\\/LOGO-removebg-preview-1.webp\",\"width\":300,\"height\":300,\"caption\":\"Gites Domaine de la Chappelle\"},\"image\":{\"@id\":\"https:\\\/\\\/www.gitesdomainedelachapelle.com\\\/#\\\/schema\\\/logo\\\/image\\\/\"}},{\"@type\":\"Person\",\"@id\":\"https:\\\/\\\/www.gitesdomainedelachapelle.com\\\/#\\\/schema\\\/person\\\/820b01290b5b0e5d56db451762c0e004\",\"name\":\"Patrice\",\"pronouns\":\"nous\",\"image\":{\"@type\":\"ImageObject\",\"inLanguage\":\"es\",\"@id\":\"https:\\\/\\\/secure.gravatar.com\\\/avatar\\\/e3f93a01e7806e1fe58fdbecfe9ca6bb725d62824cfd4bcd93ab79fb93dc4f5d?s=96&d=mm&r=g\",\"url\":\"https:\\\/\\\/secure.gravatar.com\\\/avatar\\\/e3f93a01e7806e1fe58fdbecfe9ca6bb725d62824cfd4bcd93ab79fb93dc4f5d?s=96&d=mm&r=g\",\"contentUrl\":\"https:\\\/\\\/secure.gravatar.com\\\/avatar\\\/e3f93a01e7806e1fe58fdbecfe9ca6bb725d62824cfd4bcd93ab79fb93dc4f5d?s=96&d=mm&r=g\",\"caption\":\"Patrice\"},\"description\":\"Propri\u00e9taire des G\u00eetes Domaine de la Chapelle, je propose des h\u00e9bergements de charme situ\u00e9s \u00e0 Roquefort-les-Pins, au c\u0153ur de l\u2019arri\u00e8re-pays ni\u00e7ois, entre Nice, Cannes et Grasse, sur la C\u00f4te d\u2019Azur. Nous proposons des locations de vacances haut de gamme, pens\u00e9es pour les couples \u00e0 la recherche d\u2019un s\u00e9jour en amoureux, d\u2019un week-end d\u00e9tente ou de vacances bien-\u00eatre en Provence, avec piscine chauff\u00e9e et jacuzzi privatif, dans un environnement calme, naturel et sans vis-\u00e0-vis. Chaque logement est con\u00e7u pour offrir confort, intimit\u00e9 et qualit\u00e9, avec une attention particuli\u00e8re port\u00e9e \u00e0 l\u2019accueil, aux \u00e9quipements et \u00e0 l\u2019exp\u00e9rience globale du s\u00e9jour. Notre objectif est simple : permettre \u00e0 nos h\u00f4tes de se ressourcer et de profiter pleinement du soleil du Sud, d\u2019un cadre idyllique et des richesses de la C\u00f4te d\u2019Azur.\",\"sameAs\":[\"https:\\\/\\\/www.gitesdomainedelachapelle.com\",\"https:\\\/\\\/www.facebook.com\\\/patrice.campanella\\\/\",\"https:\\\/\\\/www.instagram.com\\\/piscine_jacuzzi_cotedazur\\\/\",\"https:\\\/\\\/www.linkedin.com\\\/in\\\/g\u00eetes-domaine-de-la-chapelle-avec-piscine-chauff\u00e9e-et-jacuzzi-privatifs-sur-la-c\u00f4te-d-azur-54053572\\\/\",\"https:\\\/\\\/fr.pinterest.com\\\/gitesdomainedelachapelle\\\/\",\"https:\\\/\\\/www.youtube.com\\\/@gitesdomainedelachapelle\"],\"url\":\"https:\\\/\\\/www.gitesdomainedelachapelle.com\\\/es\\\/author\\\/patrice\\\/\"}]}<\/script>\n<!-- \/ Yoast SEO plugin. -->","yoast_head_json":{"title":"March\u00e9s proven\u00e7aux C\u00f4te d\u2019Azur : les plus beaux \u00e0 d\u00e9couvrir","description":"D\u00e9couvrez les plus beaux march\u00e9s proven\u00e7aux de la C\u00f4te d\u2019Azur : produits locaux, ambiance typique et villages authentiques.","robots":{"index":"index","follow":"follow","max-snippet":"max-snippet:-1","max-image-preview":"max-image-preview:large","max-video-preview":"max-video-preview:-1"},"canonical":"https:\/\/www.gitesdomainedelachapelle.com\/es\/marches-provencaux-cote-azur\/","og_locale":"es_ES","og_type":"article","og_title":"March\u00e9s proven\u00e7aux C\u00f4te d\u2019Azur : les plus beaux \u00e0 d\u00e9couvrir","og_description":"D\u00e9couvrez les plus beaux march\u00e9s proven\u00e7aux de la C\u00f4te d\u2019Azur : produits locaux, ambiance typique et villages authentiques.","og_url":"https:\/\/www.gitesdomainedelachapelle.com\/es\/marches-provencaux-cote-azur\/","og_site_name":"G\u00eetes Domaine de la Chapelle","article_author":"https:\/\/www.facebook.com\/patrice.campanella\/","article_published_time":"2026-04-22T05:24:18+00:00","article_modified_time":"2026-04-22T05:28:17+00:00","og_image":[{"width":1600,"height":1067,"url":"https:\/\/www.gitesdomainedelachapelle.com\/wp-content\/uploads\/2026\/04\/produits-terroir-valbonne-marche.webp","type":"image\/webp"}],"author":"Patrice","twitter_card":"summary_large_image","twitter_misc":{"Escrito por":"Patrice","Tiempo de lectura":"4 minutos"},"schema":{"@context":"https:\/\/schema.org","@graph":[{"@type":"Article","@id":"https:\/\/www.gitesdomainedelachapelle.com\/marches-provencaux-cote-azur\/#article","isPartOf":{"@id":"https:\/\/www.gitesdomainedelachapelle.com\/marches-provencaux-cote-azur\/"},"author":{"name":"Patrice","@id":"https:\/\/www.gitesdomainedelachapelle.com\/#\/schema\/person\/820b01290b5b0e5d56db451762c0e004"},"headline":"March\u00e9s proven\u00e7aux sur la C\u00f4te d\u2019Azur : les plus beaux march\u00e9s \u00e0 d\u00e9couvrir","datePublished":"2026-04-22T05:24:18+00:00","dateModified":"2026-04-22T05:28:17+00:00","mainEntityOfPage":{"@id":"https:\/\/www.gitesdomainedelachapelle.com\/marches-provencaux-cote-azur\/"},"wordCount":691,"commentCount":0,"publisher":{"@id":"https:\/\/www.gitesdomainedelachapelle.com\/#organization"},"image":{"@id":"https:\/\/www.gitesdomainedelachapelle.com\/marches-provencaux-cote-azur\/#primaryimage"},"thumbnailUrl":"https:\/\/www.gitesdomainedelachapelle.com\/wp-content\/uploads\/2026\/04\/produits-terroir-valbonne-marche.webp","keywords":["march\u00e9 Antibes","march\u00e9 C\u00f4te d\u2019Azur","march\u00e9 du sud de la France","march\u00e9 Menton","march\u00e9 Nice cours Saleya","march\u00e9 traditionnel","march\u00e9 Valbonne vendredi","march\u00e9s proven\u00e7aux","produits locaux Provence","que faire C\u00f4te d\u2019Azur","s\u00e9jour Provence","sp\u00e9cialit\u00e9s proven\u00e7ales","tourisme C\u00f4te d\u2019Azur","villages proven\u00e7aux","visite C\u00f4te d\u2019Azur"],"articleSection":["Activit\u00e9s"],"inLanguage":"es","potentialAction":[{"@type":"CommentAction","name":"Comment","target":["https:\/\/www.gitesdomainedelachapelle.com\/marches-provencaux-cote-azur\/#respond"]}]},{"@type":"WebPage","@id":"https:\/\/www.gitesdomainedelachapelle.com\/marches-provencaux-cote-azur\/","url":"https:\/\/www.gitesdomainedelachapelle.com\/marches-provencaux-cote-azur\/","name":"March\u00e9s proven\u00e7aux C\u00f4te d\u2019Azur : les plus beaux \u00e0 d\u00e9couvrir","isPartOf":{"@id":"https:\/\/www.gitesdomainedelachapelle.com\/#website"},"primaryImageOfPage":{"@id":"https:\/\/www.gitesdomainedelachapelle.com\/marches-provencaux-cote-azur\/#primaryimage"},"image":{"@id":"https:\/\/www.gitesdomainedelachapelle.com\/marches-provencaux-cote-azur\/#primaryimage"},"thumbnailUrl":"https:\/\/www.gitesdomainedelachapelle.com\/wp-content\/uploads\/2026\/04\/produits-terroir-valbonne-marche.webp","datePublished":"2026-04-22T05:24:18+00:00","dateModified":"2026-04-22T05:28:17+00:00","description":"D\u00e9couvrez les plus beaux march\u00e9s proven\u00e7aux de la C\u00f4te d\u2019Azur : produits locaux, ambiance typique et villages authentiques.","breadcrumb":{"@id":"https:\/\/www.gitesdomainedelachapelle.com\/marches-provencaux-cote-azur\/#breadcrumb"},"inLanguage":"es","potentialAction":[{"@type":"ReadAction","target":["https:\/\/www.gitesdomainedelachapelle.com\/marches-provencaux-cote-azur\/"]}]},{"@type":"ImageObject","inLanguage":"es","@id":"https:\/\/www.gitesdomainedelachapelle.com\/marches-provencaux-cote-azur\/#primaryimage","url":"https:\/\/www.gitesdomainedelachapelle.com\/wp-content\/uploads\/2026\/04\/produits-terroir-valbonne-marche.webp","contentUrl":"https:\/\/www.gitesdomainedelachapelle.com\/wp-content\/uploads\/2026\/04\/produits-terroir-valbonne-marche.webp","width":1600,"height":1067,"caption":"Produits locaux sur un march\u00e9 proven\u00e7al typique de la C\u00f4te d\u2019Azur."},{"@type":"BreadcrumbList","@id":"https:\/\/www.gitesdomainedelachapelle.com\/marches-provencaux-cote-azur\/#breadcrumb","itemListElement":[{"@type":"ListItem","position":1,"name":"Accueil","item":"https:\/\/www.gitesdomainedelachapelle.com\/"},{"@type":"ListItem","position":2,"name":"March\u00e9s proven\u00e7aux sur la C\u00f4te d\u2019Azur : les plus beaux march\u00e9s \u00e0 d\u00e9couvrir"}]},{"@type":"WebSite","@id":"https:\/\/www.gitesdomainedelachapelle.com\/#website","url":"https:\/\/www.gitesdomainedelachapelle.com\/","name":"Gites Domaine de la Chappelle","description":"G\u00eetes de charme avec piscine chauff\u00e9e et jacuzzi privatif sur la C\u00f4te d\u2019Azur","publisher":{"@id":"https:\/\/www.gitesdomainedelachapelle.com\/#organization"},"potentialAction":[{"@type":"SearchAction","target":{"@type":"EntryPoint","urlTemplate":"https:\/\/www.gitesdomainedelachapelle.com\/?s={search_term_string}"},"query-input":{"@type":"PropertyValueSpecification","valueRequired":true,"valueName":"search_term_string"}}],"inLanguage":"es"},{"@type":"Organization","@id":"https:\/\/www.gitesdomainedelachapelle.com\/#organization","name":"Gites Domaine de la Chappelle","url":"https:\/\/www.gitesdomainedelachapelle.com\/","logo":{"@type":"ImageObject","inLanguage":"es","@id":"https:\/\/www.gitesdomainedelachapelle.com\/#\/schema\/logo\/image\/","url":"https:\/\/www.gitesdomainedelachapelle.com\/wp-content\/uploads\/2025\/11\/LOGO-removebg-preview-1.webp","contentUrl":"https:\/\/www.gitesdomainedelachapelle.com\/wp-content\/uploads\/2025\/11\/LOGO-removebg-preview-1.webp","width":300,"height":300,"caption":"Gites Domaine de la Chappelle"},"image":{"@id":"https:\/\/www.gitesdomainedelachapelle.com\/#\/schema\/logo\/image\/"}},{"@type":"Person","@id":"https:\/\/www.gitesdomainedelachapelle.com\/#\/schema\/person\/820b01290b5b0e5d56db451762c0e004","name":"Patrice","pronouns":"nous","image":{"@type":"ImageObject","inLanguage":"es","@id":"https:\/\/secure.gravatar.com\/avatar\/e3f93a01e7806e1fe58fdbecfe9ca6bb725d62824cfd4bcd93ab79fb93dc4f5d?s=96&d=mm&r=g","url":"https:\/\/secure.gravatar.com\/avatar\/e3f93a01e7806e1fe58fdbecfe9ca6bb725d62824cfd4bcd93ab79fb93dc4f5d?s=96&d=mm&r=g","contentUrl":"https:\/\/secure.gravatar.com\/avatar\/e3f93a01e7806e1fe58fdbecfe9ca6bb725d62824cfd4bcd93ab79fb93dc4f5d?s=96&d=mm&r=g","caption":"Patrice"},"description":"Propri\u00e9taire des G\u00eetes Domaine de la Chapelle, je propose des h\u00e9bergements de charme situ\u00e9s \u00e0 Roquefort-les-Pins, au c\u0153ur de l\u2019arri\u00e8re-pays ni\u00e7ois, entre Nice, Cannes et Grasse, sur la C\u00f4te d\u2019Azur. Nous proposons des locations de vacances haut de gamme, pens\u00e9es pour les couples \u00e0 la recherche d\u2019un s\u00e9jour en amoureux, d\u2019un week-end d\u00e9tente ou de vacances bien-\u00eatre en Provence, avec piscine chauff\u00e9e et jacuzzi privatif, dans un environnement calme, naturel et sans vis-\u00e0-vis. Chaque logement est con\u00e7u pour offrir confort, intimit\u00e9 et qualit\u00e9, avec une attention particuli\u00e8re port\u00e9e \u00e0 l\u2019accueil, aux \u00e9quipements et \u00e0 l\u2019exp\u00e9rience globale du s\u00e9jour. Notre objectif est simple : permettre \u00e0 nos h\u00f4tes de se ressourcer et de profiter pleinement du soleil du Sud, d\u2019un cadre idyllique et des richesses de la C\u00f4te d\u2019Azur.","sameAs":["https:\/\/www.gitesdomainedelachapelle.com","https:\/\/www.facebook.com\/patrice.campanella\/","https:\/\/www.instagram.com\/piscine_jacuzzi_cotedazur\/","https:\/\/www.linkedin.com\/in\/g\u00eetes-domaine-de-la-chapelle-avec-piscine-chauff\u00e9e-et-jacuzzi-privatifs-sur-la-c\u00f4te-d-azur-54053572\/","https:\/\/fr.pinterest.com\/gitesdomainedelachapelle\/","https:\/\/www.youtube.com\/@gitesdomainedelachapelle"],"url":"https:\/\/www.gitesdomainedelachapelle.com\/es\/author\/patrice\/"}]}},"_links":{"self":[{"href":"https:\/\/www.gitesdomainedelachapelle.com\/es\/wp-json\/wp\/v2\/posts\/26572070","targetHints":{"allow":["GET"]}}],"collection":[{"href":"https:\/\/www.gitesdomainedelachapelle.com\/es\/wp-json\/wp\/v2\/posts"}],"about":[{"href":"https:\/\/www.gitesdomainedelachapelle.com\/es\/wp-json\/wp\/v2\/types\/post"}],"author":[{"embeddable":true,"href":"https:\/\/www.gitesdomainedelachapelle.com\/es\/wp-json\/wp\/v2\/users\/3"}],"replies":[{"embeddable":true,"href":"https:\/\/www.gitesdomainedelachapelle.com\/es\/wp-json\/wp\/v2\/comments?post=26572070"}],"version-history":[{"count":1,"href":"https:\/\/www.gitesdomainedelachapelle.com\/es\/wp-json\/wp\/v2\/posts\/26572070\/revisions"}],"predecessor-version":[{"id":26572073,"href":"https:\/\/www.gitesdomainedelachapelle.com\/es\/wp-json\/wp\/v2\/posts\/26572070\/revisions\/26572073"}],"wp:featuredmedia":[{"embeddable":true,"href":"https:\/\/www.gitesdomainedelachapelle.com\/es\/wp-json\/wp\/v2\/media\/26572072"}],"wp:attachment":[{"href":"https:\/\/www.gitesdomainedelachapelle.com\/es\/wp-json\/wp\/v2\/media?parent=26572070"}],"wp:term":[{"taxonomy":"category","embeddable":true,"href":"https:\/\/www.gitesdomainedelachapelle.com\/es\/wp-json\/wp\/v2\/categories?post=26572070"},{"taxonomy":"post_tag","embeddable":true,"href":"https:\/\/www.gitesdomainedelachapelle.com\/es\/wp-json\/wp\/v2\/tags?post=26572070"},{"taxonomy":"dipi_cpt_category","embeddable":true,"href":"https:\/\/www.gitesdomainedelachapelle.com\/es\/wp-json\/wp\/v2\/dipi_cpt_category?post=26572070"}],"curies":[{"name":"wp","href":"https:\/\/api.w.org\/{rel}","templated":true}]}}