{"id":26572105,"date":"2026-04-25T17:28:03","date_gmt":"2026-04-25T16:28:03","guid":{"rendered":"https:\/\/www.gitesdomainedelachapelle.com\/?p=26572105"},"modified":"2026-04-27T16:40:05","modified_gmt":"2026-04-27T15:40:05","slug":"musees-cote-azur-nice-antibes","status":"publish","type":"post","link":"https:\/\/www.gitesdomainedelachapelle.com\/es\/musees-cote-azur-nice-antibes\/","title":{"rendered":"Los museos m\u00e1s bellos de la Costa Azul para descubrir"},"content":{"rendered":"<p>La Costa Azul no se resume a sus playas y su sol. Es tambi\u00e9n un destino ineludible para los amantes del arte y la cultura. Entre Niza, Antibes, Biot, Saint-Paul-de-Vence y M\u00f3naco, la regi\u00f3n rebosa de museos prestigiosos.<\/p>\n\n\n\n<p>Desde los <strong>Alojamientos rurales Domaine de la Chapelle en Roquefort-les-Pins<\/strong>, usted accede f\u00e1cilmente a los mayores sitios culturales de la Costa Azul, perfecto para una estancia que combine descubrimiento, patrimonio y relax.<\/p>\n\n\n\n<hr class=\"wp-block-separator has-alpha-channel-opacity\"\/>\n\n\n\n<h2 class=\"wp-block-heading\">Mus\u00e9e Picasso d\u2019Antibes (Ch\u00e2teau Grimaldi)<\/h2>\n\n\n\n<p>Situado en el famoso castillo Grimaldi, el museo Picasso de Antibes es uno de los lugares m\u00e1s emblem\u00e1ticos de la Costa Azul.<br>Aqu\u00ed es donde Pablo Picasso se aloj\u00f3 en 1946 y realiz\u00f3 varias obras importantes.<\/p>\n\n\n\n<p>El museo ofrece:<\/p>\n\n\n\n<ul class=\"wp-block-list\">\n<li>una colecci\u00f3n de obras originales<\/li>\n\n\n\n<li>esculturas expuestas en terraza<\/li>\n\n\n\n<li>una vista excepcional al mar Mediterr\u00e1neo<\/li>\n<\/ul>\n\n\n\n<p>Un incontournable \u00e0 visiter lors de votre s\u00e9jour sur la C\u00f4te d\u2019Azur.<\/p>\n\n\n\n<hr class=\"wp-block-separator has-alpha-channel-opacity\"\/>\n\n\n\n<h2 class=\"wp-block-heading\">Mus\u00e9e national Marc Chagall \u00e0 Nice<\/h2>\n\n\n\n<p>El Museo Marc Chagall alberga la mayor colecci\u00f3n p\u00fablica del mundo dedicada al artista.<br>Sus obras coloridas, inspiradas en la Biblia, ofrecen una experiencia art\u00edstica \u00fanica.<\/p>\n\n\n\n<p>Ah\u00ed encontrar\u00e1:<\/p>\n\n\n\n<ul class=\"wp-block-list\">\n<li>un museo luminoso y moderno<\/li>\n\n\n\n<li>un jard\u00edn mediterr\u00e1neo relajante<\/li>\n\n\n\n<li>vidrieras notables<\/li>\n<\/ul>\n\n\n\n<p>Id\u00e9al pour une visite culturelle calme et enrichissante \u00e0 Nice.<\/p>\n\n\n\n<hr class=\"wp-block-separator has-alpha-channel-opacity\"\/>\n\n\n\n<h2 class=\"wp-block-heading\">Fondation Maeght \u00e0 Saint-Paul-de-Vence<\/h2>\n\n\n\n<p>Ubicada en las alturas de Saint-Paul-de-Vence, la Fondation Maeght es uno de los centros de arte moderno y contempor\u00e1neo m\u00e1s grandes de Europa.<\/p>\n\n\n\n<p>Para descubrir:<\/p>\n\n\n\n<ul class=\"wp-block-list\">\n<li>obras de Mir\u00f3, Giacometti, Calder<\/li>\n\n\n\n<li>un jard\u00edn de esculturas excepcional<\/li>\n\n\n\n<li>una arquitectura integrada en la naturaleza<\/li>\n<\/ul>\n\n\n\n<p>\ud83d\udc49 Una visita \u00fanica entre arte y paisaje provenzal.<\/p>\n\n\n\n<hr class=\"wp-block-separator has-alpha-channel-opacity\"\/>\n\n\n\n<h2 class=\"wp-block-heading\">Mus\u00e9e Fernand L\u00e9ger \u00e0 Biot<\/h2>\n\n\n\n<p>Ubicado en Biot, este museo destaca la obra colorida y moderna de Fernand L\u00e9ger.<\/p>\n\n\n\n<p>Puntos fuertes:<\/p>\n\n\n\n<ul class=\"wp-block-list\">\n<li>freses monumentales en la fachada<\/li>\n\n\n\n<li>m\u00e1s de 400 obras expuestas<\/li>\n\n\n\n<li>entorno natural mediterr\u00e1neo<\/li>\n<\/ul>\n\n\n\n<p>Une visite accessible et dynamique, id\u00e9ale pour d\u00e9couvrir l\u2019art moderne.<\/p>\n\n\n\n<hr class=\"wp-block-separator has-alpha-channel-opacity\"\/>\n\n\n\n<h2 class=\"wp-block-heading\">MAMAC \u2013 Mus\u00e9e d\u2019Art Moderne et Contemporain de Nice<\/h2>\n\n\n\n<p>El MAMAC es un museo de visita obligada en Niza, dedicado al arte contempor\u00e1neo.<\/p>\n\n\n\n<p>En \u00e9l descubrir\u00e1s:<\/p>\n\n\n\n<ul class=\"wp-block-list\">\n<li>de obras de artistas importantes como Yves Klein<\/li>\n\n\n\n<li>exposiciones modernas y variadas<\/li>\n\n\n\n<li>terrazas con vistas a la ciudad<\/li>\n<\/ul>\n\n\n\n<p>Le mus\u00e9e est actuellement en r\u00e9novation, mais reste une r\u00e9f\u00e9rence culturelle sur la C\u00f4te d\u2019Azur.<\/p>\n\n\n\n<hr class=\"wp-block-separator has-alpha-channel-opacity\"\/>\n\n\n\n<h2 class=\"wp-block-heading\">Mus\u00e9e Matisse \u00e0 Nice<\/h2>\n\n\n\n<p>Instalado en una espl\u00e9ndida villa en Cimiez, el museo Matisse recorre la evoluci\u00f3n del artista.<\/p>\n\n\n\n<p>Para descubrir:<\/p>\n\n\n\n<ul class=\"wp-block-list\">\n<li>pinturas, dibujos y esculturas<\/li>\n\n\n\n<li>objetos personales de Matisse<\/li>\n\n\n\n<li>un entorno tranquilo rodeado de olivos<\/li>\n<\/ul>\n\n\n\n<p>Parfait pour une visite culturelle au calme.<\/p>\n\n\n\n<hr class=\"wp-block-separator has-alpha-channel-opacity\"\/>\n\n\n\n<h2 class=\"wp-block-heading\">Mus\u00e9e Renoir \u00e0 Cagnes-sur-Mer<\/h2>\n\n\n\n<p>Ubicado en la casa donde vivi\u00f3 Renoir, este museo ofrece una inmersi\u00f3n en su universo.<\/p>\n\n\n\n<p>Ah\u00ed encontrar\u00e1:<\/p>\n\n\n\n<ul class=\"wp-block-list\">\n<li>su taller de origen<\/li>\n\n\n\n<li>sus obras<\/li>\n\n\n\n<li>un jard\u00edn con vista al mar<\/li>\n<\/ul>\n\n\n\n<p>Un lieu plein de charme et d\u2019histoire.<\/p>\n\n\n\n<hr class=\"wp-block-separator has-alpha-channel-opacity\"\/>\n\n\n\n<h2 class=\"wp-block-heading\">Mus\u00e9e Oc\u00e9anographique de Monaco<\/h2>\n\n\n\n<p>Encaramado en una roca frente al Mediterr\u00e1neo, este museo es uno de los m\u00e1s impresionantes de la regi\u00f3n.<\/p>\n\n\n\n<p>\u00c9l propone:<\/p>\n\n\n\n<ul class=\"wp-block-list\">\n<li>acuarios espectaculares<\/li>\n\n\n\n<li>exposiciones sobre el mundo marino<\/li>\n\n\n\n<li>un panorama excepcional<\/li>\n<\/ul>\n\n\n\n<p>Une visite incontournable pour petits et grands.<\/p>\n\n\n\n<hr class=\"wp-block-separator has-alpha-channel-opacity\"\/>\n\n\n\n<h2 class=\"wp-block-heading\">O\u00f9 s\u00e9journer pour visiter les mus\u00e9es de la C\u00f4te d\u2019Azur ?<\/h2>\n\n\n\n<p>Les <strong>Alojamientos rurales Domaine de la Chapelle en Roquefort-les-Pins<\/strong> ofrecen una ubicaci\u00f3n ideal para descubrir todos estos museos.<\/p>\n\n\n\n<p>\u2714 Entre Niza, Antibes, Cannes y el interior<br>\u2714 Acceso r\u00e1pido a los principales sitios culturales<br>\u2714 Ambiente tranquilo y natural<br>\u2714 Piscina climatizada y jacuzzi privado para relajarse despu\u00e9s de sus visitas<\/p>\n\n\n\n<hr class=\"wp-block-separator has-alpha-channel-opacity\"\/>\n\n\n\n<h2 class=\"wp-block-heading\">FAQ \u2013 Mus\u00e9es C\u00f4te d\u2019Azur<\/h2>\n\n\n\n<p><strong>\u00bfCu\u00e1les son los museos imprescindibles en la Costa Azul?<\/strong><br>El Museo Picasso de Antibes, el Museo Chagall de Niza, la Fundaci\u00f3n Maeght y el Museo L\u00e9ger de Biot se encuentran entre los m\u00e1s visitados.<\/p>\n\n\n\n<p><strong>\u00bfPodemos visitar varios museos en un fin de semana?<\/strong><br>S\u00ed, la proximidad entre las ciudades permite descubrir varios museos en pocos d\u00edas.<\/p>\n\n\n\n<p><strong>\u00bfQu\u00e9 museo visitar cerca de Roquefort-les-Pins?<\/strong><br>Los m\u00e1s cercanos son los de Biot, Antibes, Niza y Saint-Paul-de-Vence.<\/p>\n\n\n\n<hr class=\"wp-block-separator has-alpha-channel-opacity\"\/>\n\n\n\n<h2 class=\"wp-block-heading\">Conclusion<\/h2>\n\n\n\n<p>La Costa Azul es un verdadero territorio art\u00edstico, rico en museos y lugares culturales.<br>Entre arte moderno, patrimonio y paisajes excepcionales, cada visita se convierte en una experiencia \u00fanica.<\/p>\n\n\n\n<p>Profitez de votre s\u00e9jour aux G\u00eetes Domaine de la Chapelle pour allier d\u00e9couverte culturelle et d\u00e9tente sur la French Riviera.<\/p>\n\n\n\n<figure class=\"wp-block-embed is-type-wp-embed is-provider-g-tes-domaine-de-la-chapelle wp-block-embed-g-tes-domaine-de-la-chapelle\"><div class=\"wp-block-embed__wrapper\">\nhttps:\/\/www.gitesdomainedelachapelle.com\/nos-appartements\n<\/div><\/figure>","protected":false},"excerpt":{"rendered":"<p>La C\u00f4te d\u2019Azur ne se r\u00e9sume pas \u00e0 ses plages et son soleil. C\u2019est aussi une destination incontournable pour les amateurs d\u2019art et de culture. Entre Nice, Antibes, Biot, Saint-Paul-de-Vence et Monaco, la r\u00e9gion regorge de mus\u00e9es prestigieux. Depuis les G\u00eetes Domaine de la Chapelle \u00e0 Roquefort-les-Pins, vous acc\u00e9dez facilement aux plus grands sites culturels [&hellip;]<\/p>\n","protected":false},"author":3,"featured_media":26572106,"comment_status":"open","ping_status":"open","sticky":false,"template":"","format":"standard","meta":{"_et_pb_use_builder":"off","_et_pb_old_content":"","_et_gb_content_width":"","footnotes":""},"categories":[18],"tags":[164,235,236,237],"dipi_cpt_category":[],"class_list":["post-26572105","post","type-post","status-publish","format-standard","has-post-thumbnail","hentry","category-activites-idees-cote-azur","tag-musee-antibes","tag-musee-nice-2","tag-musees-cote-dazur","tag-visite-culturelle-cote-dazur"],"yoast_head":"<!-- This site is optimized with the Yoast SEO plugin v27.4 - https:\/\/yoast.com\/product\/yoast-seo-wordpress\/ -->\n<title>Mus\u00e9es C\u00f4te d\u2019Azur : incontournables \u00e0 Nice et Antibes<\/title>\n<meta name=\"description\" content=\"D\u00e9couvrez les plus beaux mus\u00e9es de la C\u00f4te d\u2019Azur \u00e0 Nice et Antibes. Art, culture et patrimoine \u00e0 visiter pr\u00e8s de Roquefort-les-Pins.\" \/>\n<meta name=\"robots\" content=\"index, follow, max-snippet:-1, max-image-preview:large, max-video-preview:-1\" \/>\n<link rel=\"canonical\" href=\"https:\/\/www.gitesdomainedelachapelle.com\/es\/musees-cote-azur-nice-antibes\/\" \/>\n<meta property=\"og:locale\" content=\"es_ES\" \/>\n<meta property=\"og:type\" content=\"article\" \/>\n<meta property=\"og:title\" content=\"Mus\u00e9es C\u00f4te d\u2019Azur : incontournables \u00e0 Nice et Antibes\" \/>\n<meta property=\"og:description\" content=\"D\u00e9couvrez les plus beaux mus\u00e9es de la C\u00f4te d\u2019Azur \u00e0 Nice et Antibes. Art, culture et patrimoine \u00e0 visiter pr\u00e8s de Roquefort-les-Pins.\" \/>\n<meta property=\"og:url\" content=\"https:\/\/www.gitesdomainedelachapelle.com\/es\/musees-cote-azur-nice-antibes\/\" \/>\n<meta property=\"og:site_name\" content=\"G\u00eetes Domaine de la Chapelle\" \/>\n<meta property=\"article:author\" content=\"https:\/\/www.facebook.com\/patrice.campanella\/\" \/>\n<meta property=\"article:published_time\" content=\"2026-04-25T16:28:03+00:00\" \/>\n<meta property=\"article:modified_time\" content=\"2026-04-27T15:40:05+00:00\" \/>\n<meta property=\"og:image\" content=\"https:\/\/www.gitesdomainedelachapelle.com\/wp-content\/uploads\/2026\/04\/musees-cote-d-azur-art-culture-nice-antibes-monaco-roquefort-les-pins.webp\" \/>\n\t<meta property=\"og:image:width\" content=\"1200\" \/>\n\t<meta property=\"og:image:height\" content=\"627\" \/>\n\t<meta property=\"og:image:type\" content=\"image\/webp\" \/>\n<meta name=\"author\" content=\"Patrice\" \/>\n<meta name=\"twitter:card\" content=\"summary_large_image\" \/>\n<meta name=\"twitter:label1\" content=\"Escrito por\" \/>\n\t<meta name=\"twitter:data1\" content=\"Patrice\" \/>\n\t<meta name=\"twitter:label2\" content=\"Tiempo de lectura\" \/>\n\t<meta name=\"twitter:data2\" content=\"4 minutos\" \/>\n<script type=\"application\/ld+json\" class=\"yoast-schema-graph\">{\"@context\":\"https:\\\/\\\/schema.org\",\"@graph\":[{\"@type\":\"Article\",\"@id\":\"https:\\\/\\\/www.gitesdomainedelachapelle.com\\\/musees-cote-azur-nice-antibes\\\/#article\",\"isPartOf\":{\"@id\":\"https:\\\/\\\/www.gitesdomainedelachapelle.com\\\/musees-cote-azur-nice-antibes\\\/\"},\"author\":{\"name\":\"Patrice\",\"@id\":\"https:\\\/\\\/www.gitesdomainedelachapelle.com\\\/#\\\/schema\\\/person\\\/820b01290b5b0e5d56db451762c0e004\"},\"headline\":\"Les plus beaux mus\u00e9es de la C\u00f4te d\u2019Azur \u00e0 d\u00e9couvrir\",\"datePublished\":\"2026-04-25T16:28:03+00:00\",\"dateModified\":\"2026-04-27T15:40:05+00:00\",\"mainEntityOfPage\":{\"@id\":\"https:\\\/\\\/www.gitesdomainedelachapelle.com\\\/musees-cote-azur-nice-antibes\\\/\"},\"wordCount\":792,\"commentCount\":0,\"publisher\":{\"@id\":\"https:\\\/\\\/www.gitesdomainedelachapelle.com\\\/#organization\"},\"image\":{\"@id\":\"https:\\\/\\\/www.gitesdomainedelachapelle.com\\\/musees-cote-azur-nice-antibes\\\/#primaryimage\"},\"thumbnailUrl\":\"https:\\\/\\\/www.gitesdomainedelachapelle.com\\\/wp-content\\\/uploads\\\/2026\\\/04\\\/musees-cote-d-azur-art-culture-nice-antibes-monaco-roquefort-les-pins.webp\",\"keywords\":[\"mus\u00e9e antibes\",\"mus\u00e9e nice\",\"mus\u00e9es c\u00f4te d\u2019azur\",\"visite culturelle c\u00f4te d\u2019azur\"],\"articleSection\":[\"Activit\u00e9s &amp; Id\u00e9es sur la C\u00f4te d'Azur\"],\"inLanguage\":\"es\",\"potentialAction\":[{\"@type\":\"CommentAction\",\"name\":\"Comment\",\"target\":[\"https:\\\/\\\/www.gitesdomainedelachapelle.com\\\/musees-cote-azur-nice-antibes\\\/#respond\"]}]},{\"@type\":\"WebPage\",\"@id\":\"https:\\\/\\\/www.gitesdomainedelachapelle.com\\\/musees-cote-azur-nice-antibes\\\/\",\"url\":\"https:\\\/\\\/www.gitesdomainedelachapelle.com\\\/musees-cote-azur-nice-antibes\\\/\",\"name\":\"Mus\u00e9es C\u00f4te d\u2019Azur : incontournables \u00e0 Nice et Antibes\",\"isPartOf\":{\"@id\":\"https:\\\/\\\/www.gitesdomainedelachapelle.com\\\/#website\"},\"primaryImageOfPage\":{\"@id\":\"https:\\\/\\\/www.gitesdomainedelachapelle.com\\\/musees-cote-azur-nice-antibes\\\/#primaryimage\"},\"image\":{\"@id\":\"https:\\\/\\\/www.gitesdomainedelachapelle.com\\\/musees-cote-azur-nice-antibes\\\/#primaryimage\"},\"thumbnailUrl\":\"https:\\\/\\\/www.gitesdomainedelachapelle.com\\\/wp-content\\\/uploads\\\/2026\\\/04\\\/musees-cote-d-azur-art-culture-nice-antibes-monaco-roquefort-les-pins.webp\",\"datePublished\":\"2026-04-25T16:28:03+00:00\",\"dateModified\":\"2026-04-27T15:40:05+00:00\",\"description\":\"D\u00e9couvrez les plus beaux mus\u00e9es de la C\u00f4te d\u2019Azur \u00e0 Nice et Antibes. Art, culture et patrimoine \u00e0 visiter pr\u00e8s de Roquefort-les-Pins.\",\"breadcrumb\":{\"@id\":\"https:\\\/\\\/www.gitesdomainedelachapelle.com\\\/musees-cote-azur-nice-antibes\\\/#breadcrumb\"},\"inLanguage\":\"es\",\"potentialAction\":[{\"@type\":\"ReadAction\",\"target\":[\"https:\\\/\\\/www.gitesdomainedelachapelle.com\\\/musees-cote-azur-nice-antibes\\\/\"]}]},{\"@type\":\"ImageObject\",\"inLanguage\":\"es\",\"@id\":\"https:\\\/\\\/www.gitesdomainedelachapelle.com\\\/musees-cote-azur-nice-antibes\\\/#primaryimage\",\"url\":\"https:\\\/\\\/www.gitesdomainedelachapelle.com\\\/wp-content\\\/uploads\\\/2026\\\/04\\\/musees-cote-d-azur-art-culture-nice-antibes-monaco-roquefort-les-pins.webp\",\"contentUrl\":\"https:\\\/\\\/www.gitesdomainedelachapelle.com\\\/wp-content\\\/uploads\\\/2026\\\/04\\\/musees-cote-d-azur-art-culture-nice-antibes-monaco-roquefort-les-pins.webp\",\"width\":1200,\"height\":627,\"caption\":\"Explorez les plus beaux mus\u00e9es de la C\u00f4te d\u2019Azur et plongez dans l\u2019art et la culture entre Nice, Antibes et Monaco.\"},{\"@type\":\"BreadcrumbList\",\"@id\":\"https:\\\/\\\/www.gitesdomainedelachapelle.com\\\/musees-cote-azur-nice-antibes\\\/#breadcrumb\",\"itemListElement\":[{\"@type\":\"ListItem\",\"position\":1,\"name\":\"Accueil\",\"item\":\"https:\\\/\\\/www.gitesdomainedelachapelle.com\\\/\"},{\"@type\":\"ListItem\",\"position\":2,\"name\":\"Les plus beaux mus\u00e9es de la C\u00f4te d\u2019Azur \u00e0 d\u00e9couvrir\"}]},{\"@type\":\"WebSite\",\"@id\":\"https:\\\/\\\/www.gitesdomainedelachapelle.com\\\/#website\",\"url\":\"https:\\\/\\\/www.gitesdomainedelachapelle.com\\\/\",\"name\":\"Gites Domaine de la Chappelle\",\"description\":\"G\u00eetes de charme avec piscine chauff\u00e9e et jacuzzi privatif sur la C\u00f4te d\u2019Azur\",\"publisher\":{\"@id\":\"https:\\\/\\\/www.gitesdomainedelachapelle.com\\\/#organization\"},\"potentialAction\":[{\"@type\":\"SearchAction\",\"target\":{\"@type\":\"EntryPoint\",\"urlTemplate\":\"https:\\\/\\\/www.gitesdomainedelachapelle.com\\\/?s={search_term_string}\"},\"query-input\":{\"@type\":\"PropertyValueSpecification\",\"valueRequired\":true,\"valueName\":\"search_term_string\"}}],\"inLanguage\":\"es\"},{\"@type\":\"Organization\",\"@id\":\"https:\\\/\\\/www.gitesdomainedelachapelle.com\\\/#organization\",\"name\":\"Gites Domaine de la Chappelle\",\"url\":\"https:\\\/\\\/www.gitesdomainedelachapelle.com\\\/\",\"logo\":{\"@type\":\"ImageObject\",\"inLanguage\":\"es\",\"@id\":\"https:\\\/\\\/www.gitesdomainedelachapelle.com\\\/#\\\/schema\\\/logo\\\/image\\\/\",\"url\":\"https:\\\/\\\/www.gitesdomainedelachapelle.com\\\/wp-content\\\/uploads\\\/2025\\\/11\\\/LOGO-removebg-preview-1.webp\",\"contentUrl\":\"https:\\\/\\\/www.gitesdomainedelachapelle.com\\\/wp-content\\\/uploads\\\/2025\\\/11\\\/LOGO-removebg-preview-1.webp\",\"width\":300,\"height\":300,\"caption\":\"Gites Domaine de la Chappelle\"},\"image\":{\"@id\":\"https:\\\/\\\/www.gitesdomainedelachapelle.com\\\/#\\\/schema\\\/logo\\\/image\\\/\"}},{\"@type\":\"Person\",\"@id\":\"https:\\\/\\\/www.gitesdomainedelachapelle.com\\\/#\\\/schema\\\/person\\\/820b01290b5b0e5d56db451762c0e004\",\"name\":\"Patrice\",\"pronouns\":\"nous\",\"image\":{\"@type\":\"ImageObject\",\"inLanguage\":\"es\",\"@id\":\"https:\\\/\\\/secure.gravatar.com\\\/avatar\\\/e3f93a01e7806e1fe58fdbecfe9ca6bb725d62824cfd4bcd93ab79fb93dc4f5d?s=96&d=mm&r=g\",\"url\":\"https:\\\/\\\/secure.gravatar.com\\\/avatar\\\/e3f93a01e7806e1fe58fdbecfe9ca6bb725d62824cfd4bcd93ab79fb93dc4f5d?s=96&d=mm&r=g\",\"contentUrl\":\"https:\\\/\\\/secure.gravatar.com\\\/avatar\\\/e3f93a01e7806e1fe58fdbecfe9ca6bb725d62824cfd4bcd93ab79fb93dc4f5d?s=96&d=mm&r=g\",\"caption\":\"Patrice\"},\"description\":\"Propri\u00e9taire des G\u00eetes Domaine de la Chapelle, je propose des h\u00e9bergements de charme situ\u00e9s \u00e0 Roquefort-les-Pins, au c\u0153ur de l\u2019arri\u00e8re-pays ni\u00e7ois, entre Nice, Cannes et Grasse, sur la C\u00f4te d\u2019Azur. Nous proposons des locations de vacances haut de gamme, pens\u00e9es pour les couples \u00e0 la recherche d\u2019un s\u00e9jour en amoureux, d\u2019un week-end d\u00e9tente ou de vacances bien-\u00eatre en Provence, avec piscine chauff\u00e9e et jacuzzi privatif, dans un environnement calme, naturel et sans vis-\u00e0-vis. Chaque logement est con\u00e7u pour offrir confort, intimit\u00e9 et qualit\u00e9, avec une attention particuli\u00e8re port\u00e9e \u00e0 l\u2019accueil, aux \u00e9quipements et \u00e0 l\u2019exp\u00e9rience globale du s\u00e9jour. Notre objectif est simple : permettre \u00e0 nos h\u00f4tes de se ressourcer et de profiter pleinement du soleil du Sud, d\u2019un cadre idyllique et des richesses de la C\u00f4te d\u2019Azur.\",\"sameAs\":[\"https:\\\/\\\/www.gitesdomainedelachapelle.com\",\"https:\\\/\\\/www.facebook.com\\\/patrice.campanella\\\/\",\"https:\\\/\\\/www.instagram.com\\\/piscine_jacuzzi_cotedazur\\\/\",\"https:\\\/\\\/www.linkedin.com\\\/in\\\/g\u00eetes-domaine-de-la-chapelle-avec-piscine-chauff\u00e9e-et-jacuzzi-privatifs-sur-la-c\u00f4te-d-azur-54053572\\\/\",\"https:\\\/\\\/fr.pinterest.com\\\/gitesdomainedelachapelle\\\/\",\"https:\\\/\\\/www.youtube.com\\\/@gitesdomainedelachapelle\"],\"url\":\"https:\\\/\\\/www.gitesdomainedelachapelle.com\\\/es\\\/author\\\/patrice\\\/\"}]}<\/script>\n<!-- \/ Yoast SEO plugin. -->","yoast_head_json":{"title":"Mus\u00e9es C\u00f4te d\u2019Azur : incontournables \u00e0 Nice et Antibes","description":"D\u00e9couvrez les plus beaux mus\u00e9es de la C\u00f4te d\u2019Azur \u00e0 Nice et Antibes. Art, culture et patrimoine \u00e0 visiter pr\u00e8s de Roquefort-les-Pins.","robots":{"index":"index","follow":"follow","max-snippet":"max-snippet:-1","max-image-preview":"max-image-preview:large","max-video-preview":"max-video-preview:-1"},"canonical":"https:\/\/www.gitesdomainedelachapelle.com\/es\/musees-cote-azur-nice-antibes\/","og_locale":"es_ES","og_type":"article","og_title":"Mus\u00e9es C\u00f4te d\u2019Azur : incontournables \u00e0 Nice et Antibes","og_description":"D\u00e9couvrez les plus beaux mus\u00e9es de la C\u00f4te d\u2019Azur \u00e0 Nice et Antibes. Art, culture et patrimoine \u00e0 visiter pr\u00e8s de Roquefort-les-Pins.","og_url":"https:\/\/www.gitesdomainedelachapelle.com\/es\/musees-cote-azur-nice-antibes\/","og_site_name":"G\u00eetes Domaine de la Chapelle","article_author":"https:\/\/www.facebook.com\/patrice.campanella\/","article_published_time":"2026-04-25T16:28:03+00:00","article_modified_time":"2026-04-27T15:40:05+00:00","og_image":[{"width":1200,"height":627,"url":"https:\/\/www.gitesdomainedelachapelle.com\/wp-content\/uploads\/2026\/04\/musees-cote-d-azur-art-culture-nice-antibes-monaco-roquefort-les-pins.webp","type":"image\/webp"}],"author":"Patrice","twitter_card":"summary_large_image","twitter_misc":{"Escrito por":"Patrice","Tiempo de lectura":"4 minutos"},"schema":{"@context":"https:\/\/schema.org","@graph":[{"@type":"Article","@id":"https:\/\/www.gitesdomainedelachapelle.com\/musees-cote-azur-nice-antibes\/#article","isPartOf":{"@id":"https:\/\/www.gitesdomainedelachapelle.com\/musees-cote-azur-nice-antibes\/"},"author":{"name":"Patrice","@id":"https:\/\/www.gitesdomainedelachapelle.com\/#\/schema\/person\/820b01290b5b0e5d56db451762c0e004"},"headline":"Les plus beaux mus\u00e9es de la C\u00f4te d\u2019Azur \u00e0 d\u00e9couvrir","datePublished":"2026-04-25T16:28:03+00:00","dateModified":"2026-04-27T15:40:05+00:00","mainEntityOfPage":{"@id":"https:\/\/www.gitesdomainedelachapelle.com\/musees-cote-azur-nice-antibes\/"},"wordCount":792,"commentCount":0,"publisher":{"@id":"https:\/\/www.gitesdomainedelachapelle.com\/#organization"},"image":{"@id":"https:\/\/www.gitesdomainedelachapelle.com\/musees-cote-azur-nice-antibes\/#primaryimage"},"thumbnailUrl":"https:\/\/www.gitesdomainedelachapelle.com\/wp-content\/uploads\/2026\/04\/musees-cote-d-azur-art-culture-nice-antibes-monaco-roquefort-les-pins.webp","keywords":["mus\u00e9e antibes","mus\u00e9e nice","mus\u00e9es c\u00f4te d\u2019azur","visite culturelle c\u00f4te d\u2019azur"],"articleSection":["Activit\u00e9s &amp; Id\u00e9es sur la C\u00f4te d'Azur"],"inLanguage":"es","potentialAction":[{"@type":"CommentAction","name":"Comment","target":["https:\/\/www.gitesdomainedelachapelle.com\/musees-cote-azur-nice-antibes\/#respond"]}]},{"@type":"WebPage","@id":"https:\/\/www.gitesdomainedelachapelle.com\/musees-cote-azur-nice-antibes\/","url":"https:\/\/www.gitesdomainedelachapelle.com\/musees-cote-azur-nice-antibes\/","name":"Mus\u00e9es C\u00f4te d\u2019Azur : incontournables \u00e0 Nice et Antibes","isPartOf":{"@id":"https:\/\/www.gitesdomainedelachapelle.com\/#website"},"primaryImageOfPage":{"@id":"https:\/\/www.gitesdomainedelachapelle.com\/musees-cote-azur-nice-antibes\/#primaryimage"},"image":{"@id":"https:\/\/www.gitesdomainedelachapelle.com\/musees-cote-azur-nice-antibes\/#primaryimage"},"thumbnailUrl":"https:\/\/www.gitesdomainedelachapelle.com\/wp-content\/uploads\/2026\/04\/musees-cote-d-azur-art-culture-nice-antibes-monaco-roquefort-les-pins.webp","datePublished":"2026-04-25T16:28:03+00:00","dateModified":"2026-04-27T15:40:05+00:00","description":"D\u00e9couvrez les plus beaux mus\u00e9es de la C\u00f4te d\u2019Azur \u00e0 Nice et Antibes. Art, culture et patrimoine \u00e0 visiter pr\u00e8s de Roquefort-les-Pins.","breadcrumb":{"@id":"https:\/\/www.gitesdomainedelachapelle.com\/musees-cote-azur-nice-antibes\/#breadcrumb"},"inLanguage":"es","potentialAction":[{"@type":"ReadAction","target":["https:\/\/www.gitesdomainedelachapelle.com\/musees-cote-azur-nice-antibes\/"]}]},{"@type":"ImageObject","inLanguage":"es","@id":"https:\/\/www.gitesdomainedelachapelle.com\/musees-cote-azur-nice-antibes\/#primaryimage","url":"https:\/\/www.gitesdomainedelachapelle.com\/wp-content\/uploads\/2026\/04\/musees-cote-d-azur-art-culture-nice-antibes-monaco-roquefort-les-pins.webp","contentUrl":"https:\/\/www.gitesdomainedelachapelle.com\/wp-content\/uploads\/2026\/04\/musees-cote-d-azur-art-culture-nice-antibes-monaco-roquefort-les-pins.webp","width":1200,"height":627,"caption":"Explorez les plus beaux mus\u00e9es de la C\u00f4te d\u2019Azur et plongez dans l\u2019art et la culture entre Nice, Antibes et Monaco."},{"@type":"BreadcrumbList","@id":"https:\/\/www.gitesdomainedelachapelle.com\/musees-cote-azur-nice-antibes\/#breadcrumb","itemListElement":[{"@type":"ListItem","position":1,"name":"Accueil","item":"https:\/\/www.gitesdomainedelachapelle.com\/"},{"@type":"ListItem","position":2,"name":"Les plus beaux mus\u00e9es de la C\u00f4te d\u2019Azur \u00e0 d\u00e9couvrir"}]},{"@type":"WebSite","@id":"https:\/\/www.gitesdomainedelachapelle.com\/#website","url":"https:\/\/www.gitesdomainedelachapelle.com\/","name":"Gites Domaine de la Chappelle","description":"Casas rurales con encanto con piscina climatizada y jacuzzi privado en la Costa Azul","publisher":{"@id":"https:\/\/www.gitesdomainedelachapelle.com\/#organization"},"potentialAction":[{"@type":"SearchAction","target":{"@type":"EntryPoint","urlTemplate":"https:\/\/www.gitesdomainedelachapelle.com\/?s={search_term_string}"},"query-input":{"@type":"PropertyValueSpecification","valueRequired":true,"valueName":"search_term_string"}}],"inLanguage":"es"},{"@type":"Organization","@id":"https:\/\/www.gitesdomainedelachapelle.com\/#organization","name":"Gites Domaine de la Chappelle","url":"https:\/\/www.gitesdomainedelachapelle.com\/","logo":{"@type":"ImageObject","inLanguage":"es","@id":"https:\/\/www.gitesdomainedelachapelle.com\/#\/schema\/logo\/image\/","url":"https:\/\/www.gitesdomainedelachapelle.com\/wp-content\/uploads\/2025\/11\/LOGO-removebg-preview-1.webp","contentUrl":"https:\/\/www.gitesdomainedelachapelle.com\/wp-content\/uploads\/2025\/11\/LOGO-removebg-preview-1.webp","width":300,"height":300,"caption":"Gites Domaine de la Chappelle"},"image":{"@id":"https:\/\/www.gitesdomainedelachapelle.com\/#\/schema\/logo\/image\/"}},{"@type":"Person","@id":"https:\/\/www.gitesdomainedelachapelle.com\/#\/schema\/person\/820b01290b5b0e5d56db451762c0e004","name":"Patrice","pronouns":"nous","image":{"@type":"ImageObject","inLanguage":"es","@id":"https:\/\/secure.gravatar.com\/avatar\/e3f93a01e7806e1fe58fdbecfe9ca6bb725d62824cfd4bcd93ab79fb93dc4f5d?s=96&d=mm&r=g","url":"https:\/\/secure.gravatar.com\/avatar\/e3f93a01e7806e1fe58fdbecfe9ca6bb725d62824cfd4bcd93ab79fb93dc4f5d?s=96&d=mm&r=g","contentUrl":"https:\/\/secure.gravatar.com\/avatar\/e3f93a01e7806e1fe58fdbecfe9ca6bb725d62824cfd4bcd93ab79fb93dc4f5d?s=96&d=mm&r=g","caption":"Patrice"},"description":"Propri\u00e9taire des G\u00eetes Domaine de la Chapelle, je propose des h\u00e9bergements de charme situ\u00e9s \u00e0 Roquefort-les-Pins, au c\u0153ur de l\u2019arri\u00e8re-pays ni\u00e7ois, entre Nice, Cannes et Grasse, sur la C\u00f4te d\u2019Azur. Nous proposons des locations de vacances haut de gamme, pens\u00e9es pour les couples \u00e0 la recherche d\u2019un s\u00e9jour en amoureux, d\u2019un week-end d\u00e9tente ou de vacances bien-\u00eatre en Provence, avec piscine chauff\u00e9e et jacuzzi privatif, dans un environnement calme, naturel et sans vis-\u00e0-vis. Chaque logement est con\u00e7u pour offrir confort, intimit\u00e9 et qualit\u00e9, avec une attention particuli\u00e8re port\u00e9e \u00e0 l\u2019accueil, aux \u00e9quipements et \u00e0 l\u2019exp\u00e9rience globale du s\u00e9jour. Notre objectif est simple : permettre \u00e0 nos h\u00f4tes de se ressourcer et de profiter pleinement du soleil du Sud, d\u2019un cadre idyllique et des richesses de la C\u00f4te d\u2019Azur.","sameAs":["https:\/\/www.gitesdomainedelachapelle.com","https:\/\/www.facebook.com\/patrice.campanella\/","https:\/\/www.instagram.com\/piscine_jacuzzi_cotedazur\/","https:\/\/www.linkedin.com\/in\/g\u00eetes-domaine-de-la-chapelle-avec-piscine-chauff\u00e9e-et-jacuzzi-privatifs-sur-la-c\u00f4te-d-azur-54053572\/","https:\/\/fr.pinterest.com\/gitesdomainedelachapelle\/","https:\/\/www.youtube.com\/@gitesdomainedelachapelle"],"url":"https:\/\/www.gitesdomainedelachapelle.com\/es\/author\/patrice\/"}]}},"_links":{"self":[{"href":"https:\/\/www.gitesdomainedelachapelle.com\/es\/wp-json\/wp\/v2\/posts\/26572105","targetHints":{"allow":["GET"]}}],"collection":[{"href":"https:\/\/www.gitesdomainedelachapelle.com\/es\/wp-json\/wp\/v2\/posts"}],"about":[{"href":"https:\/\/www.gitesdomainedelachapelle.com\/es\/wp-json\/wp\/v2\/types\/post"}],"author":[{"embeddable":true,"href":"https:\/\/www.gitesdomainedelachapelle.com\/es\/wp-json\/wp\/v2\/users\/3"}],"replies":[{"embeddable":true,"href":"https:\/\/www.gitesdomainedelachapelle.com\/es\/wp-json\/wp\/v2\/comments?post=26572105"}],"version-history":[{"count":4,"href":"https:\/\/www.gitesdomainedelachapelle.com\/es\/wp-json\/wp\/v2\/posts\/26572105\/revisions"}],"predecessor-version":[{"id":26572264,"href":"https:\/\/www.gitesdomainedelachapelle.com\/es\/wp-json\/wp\/v2\/posts\/26572105\/revisions\/26572264"}],"wp:featuredmedia":[{"embeddable":true,"href":"https:\/\/www.gitesdomainedelachapelle.com\/es\/wp-json\/wp\/v2\/media\/26572106"}],"wp:attachment":[{"href":"https:\/\/www.gitesdomainedelachapelle.com\/es\/wp-json\/wp\/v2\/media?parent=26572105"}],"wp:term":[{"taxonomy":"category","embeddable":true,"href":"https:\/\/www.gitesdomainedelachapelle.com\/es\/wp-json\/wp\/v2\/categories?post=26572105"},{"taxonomy":"post_tag","embeddable":true,"href":"https:\/\/www.gitesdomainedelachapelle.com\/es\/wp-json\/wp\/v2\/tags?post=26572105"},{"taxonomy":"dipi_cpt_category","embeddable":true,"href":"https:\/\/www.gitesdomainedelachapelle.com\/es\/wp-json\/wp\/v2\/dipi_cpt_category?post=26572105"}],"curies":[{"name":"wp","href":"https:\/\/api.w.org\/{rel}","templated":true}]}}