{"id":26572070,"date":"2026-04-22T06:24:18","date_gmt":"2026-04-22T05:24:18","guid":{"rendered":"https:\/\/www.gitesdomainedelachapelle.com\/?p=26572070"},"modified":"2026-04-22T06:28:17","modified_gmt":"2026-04-22T05:28:17","slug":"marches-provencaux-cote-azur","status":"publish","type":"post","link":"https:\/\/www.gitesdomainedelachapelle.com\/it\/marches-provencaux-cote-azur\/","title":{"rendered":"Mercati provenzali sulla Costa Azzurra: i mercati pi\u00f9 belli da scoprire"},"content":{"rendered":"<h2 class=\"wp-block-heading\">Dove trovare i migliori mercati provenzali sulla Costa Azzurra<\/h2>\n\n\n\n<p>La Costa Azzurra \u00e8 rinomata per i suoi mercati provenzali, veri e propri luoghi di vita dove si mescolano colori, sapori e tradizioni. Tra Nizza, Antibes, Mentone e Valbonne, ogni mercato offre un'atmosfera unica.<\/p>\n\n\n\n<p>Sia che tu stia cercando prodotti locali, specialit\u00e0 provenzali o semplicemente una passeggiata tipica, i mercati sono una tappa obbligatoria.<\/p>\n\n\n\n<p>Nella pratica, sono spesso i mercati pi\u00f9 autentici a offrire l'esperienza migliore.<\/p>\n\n\n\n<h2 class=\"wp-block-heading\">Perch\u00e9 visitare i mercati provenzali<\/h2>\n\n\n\n<p>I mercati della zona non sono solo luoghi d'acquisto, sono vere e proprie esperienze:<\/p>\n\n\n\n<ul class=\"wp-block-list\">\n<li>prodotti freschi e di stagione<\/li>\n\n\n\n<li>produttori locali<\/li>\n\n\n\n<li>atmosfera conviviale<\/li>\n\n\n\n<li>artigianato regionale<\/li>\n<\/ul>\n\n\n\n<p>\u00c8 anche l'occasione per scoprire:<\/p>\n\n\n\n<ul class=\"wp-block-list\">\n<li>frutta e verdura del territorio<\/li>\n\n\n\n<li>Olii d\u2019oliva<\/li>\n\n\n\n<li>formaggi<\/li>\n\n\n\n<li>specialit\u00e0 provenzali<\/li>\n<\/ul>\n\n\n\n<h2 class=\"wp-block-heading\">I mercati provenzali pi\u00f9 belli della Costa Azzurra<\/h2>\n\n\n\n<h3 class=\"wp-block-heading\">Mercato del Cours Saleya a Nizza: il pi\u00f9 emblematico<\/h3>\n\n\n\n<p>Il March\u00e9 du Cours Saleya \u00e8 senza dubbio il mercato pi\u00f9 famoso della Costa Azzurra.<\/p>\n\n\n\n<p>Situato nel cuore della Vecchia Nizza, attira sia i locali che i visitatori.<\/p>\n\n\n\n<p>Ci troviamo:<\/p>\n\n\n\n<ul class=\"wp-block-list\">\n<li>frutta e verdura fresca<\/li>\n\n\n\n<li>fiori<\/li>\n\n\n\n<li>specialit\u00e0 nizzarde<\/li>\n<\/ul>\n\n\n\n<p>L'atmosfera \u00e8 particolarmente vivace, con i suoi colori e profumi tipici.<\/p>\n\n\n\n<p>\ud83d\udc49 Ideale per un'immersione completa nella cultura provenzale.<\/p>\n\n\n\n<hr class=\"wp-block-separator has-alpha-channel-opacity\"\/>\n\n\n\n<h3 class=\"wp-block-heading\">Mercato provenzale di Antibes: autenticit\u00e0 e prodotti locali<\/h3>\n\n\n\n<p>Il mercato provenzale di Antibes \u00e8 un imperdibile della citt\u00e0 vecchia.<\/p>\n\n\n\n<p>Situato in un ambiente incantevole, offre:<\/p>\n\n\n\n<ul class=\"wp-block-list\">\n<li>prodotti tipici locali<\/li>\n\n\n\n<li>spezie<\/li>\n\n\n\n<li>formaggi<\/li>\n\n\n\n<li>specialit\u00e0 locali<\/li>\n<\/ul>\n\n\n\n<p>\u00c8 un mercato apprezzato per:<\/p>\n\n\n\n<ul class=\"wp-block-list\">\n<li>la sua autenticit\u00e0<\/li>\n\n\n\n<li>la sua tipica cornice<\/li>\n\n\n\n<li>la qualit\u00e0 dei prodotti<\/li>\n<\/ul>\n\n\n\n<p>Ideale per una passeggiata golosa.<\/p>\n\n\n\n<hr class=\"wp-block-separator has-alpha-channel-opacity\"\/>\n\n\n\n<h3 class=\"wp-block-heading\">Mercato di Mentone: tra mare e tradizioni<\/h3>\n\n\n\n<p>Il mercato delle Halles di Mentone offre un'esperienza diversa, al confine con l'Italia.<\/p>\n\n\n\n<p>Si ritrova:<\/p>\n\n\n\n<ul class=\"wp-block-list\">\n<li>prodotti mediterranei<\/li>\n\n\n\n<li>specialit\u00e0 locali<\/li>\n\n\n\n<li>atmosfera accogliente<\/li>\n<\/ul>\n\n\n\n<p>Essendo Mentone nota per i suoi agrumi, potrete scoprirvi prodotti unici legati al limone.<\/p>\n\n\n\n<p>\ud83d\udc49 Ideale per scoprire un altro volto della Costa Azzurra.<\/p>\n\n\n\n<hr class=\"wp-block-separator has-alpha-channel-opacity\"\/>\n\n\n\n<h3 class=\"wp-block-heading\">Mercato di Valbonne: fascino e convivialit\u00e0 nelle strade pedonali<\/h3>\n\n\n\n<p>Il mercato di Valbonne \u00e8 uno dei mercati pi\u00f9 apprezzati dell'entroterra.<\/p>\n\n\n\n<p>Si tiene <strong>tutti i venerd\u00ec<\/strong> nei <strong>strade pedonali del villaggio<\/strong>, offrendo un'atmosfera particolarmente autentica.<\/p>\n\n\n\n<p>Ci troviamo:<\/p>\n\n\n\n<ul class=\"wp-block-list\">\n<li>prodotti locali<\/li>\n\n\n\n<li>artigianato<\/li>\n\n\n\n<li>specialit\u00e0 provenzali<\/li>\n<\/ul>\n\n\n\n<p>Questo mercato si distingue per:<\/p>\n\n\n\n<ul class=\"wp-block-list\">\n<li>la sua atmosfera conviviale<\/li>\n\n\n\n<li>la sua tipica cornice<\/li>\n\n\n\n<li>i suoi vicoli pieni di fascino<\/li>\n<\/ul>\n\n\n\n<p>Nella pratica, \u00e8 un mercato a misura d'uomo dove ci si prende il tempo di passeggiare e scoprire i prodotti.<\/p>\n\n\n\n<p>Ideale per un momento autentico, lontano dal trambusto.<\/p>\n\n\n\n<hr class=\"wp-block-separator has-alpha-channel-opacity\"\/>\n\n\n\n<h2 class=\"wp-block-heading\">Come godersi al meglio i mercati provenzali<\/h2>\n\n\n\n<p>Per vivere una vera esperienza, alcuni semplici consigli:<\/p>\n\n\n\n<h3 class=\"wp-block-heading\">Arrivere presto<\/h3>\n\n\n\n<p>I migliori prodotti vanno via velocemente, soprattutto in stagione.<\/p>\n\n\n\n<h3 class=\"wp-block-heading\">Prendetevi il tempo di discutere<\/h3>\n\n\n\n<p>I produttori locali condividono spesso la loro passione e i loro consigli.<\/p>\n\n\n\n<h3 class=\"wp-block-heading\">Assaggio sul posto<\/h3>\n\n\n\n<p>Questo \u00e8 il modo migliore per scoprire le specialit\u00e0 regionali.<\/p>\n\n\n\n<h2 class=\"wp-block-heading\">Gli errori da evitare<\/h2>\n\n\n\n<ul class=\"wp-block-list\">\n<li>arrivare troppo tardi<\/li>\n\n\n\n<li>se limitano agli stand turistici<\/li>\n\n\n\n<li>non confrontare i prodotti<\/li>\n\n\n\n<li>dimenticarsi di portare denaro contante<\/li>\n<\/ul>\n\n\n\n<h2 class=\"wp-block-heading\">Goditi i mercati durante il tuo soggiorno<\/h2>\n\n\n\n<p>Visitare i mercati provenzali significa scoprire l'anima della Costa Azzurra. Ogni mercato offre un'esperienza diversa tra gastronomia, tradizioni e convivialit\u00e0.<\/p>\n\n\n\n<p>In pratica, integrare un mercato nel tuo soggiorno ti permette di vivere la regione come un locale.<\/p>\n\n\n\n<h2 class=\"wp-block-heading\">Soggiornare vicino ai mercati<\/h2>\n\n\n\n<p>Per godere appieno del vostro soggiorno in Costa Azzurra e accedere facilmente ai mercati, \u00e8 consigliabile alloggiare nelle vicinanze.<\/p>\n\n\n\n<figure class=\"wp-block-embed is-type-wp-embed is-provider-g-tes-domaine-de-la-chapelle wp-block-embed-g-tes-domaine-de-la-chapelle\"><div class=\"wp-block-embed__wrapper\">\n<blockquote class=\"wp-embedded-content\" data-secret=\"WIxnYt0zw8\"><a href=\"https:\/\/www.gitesdomainedelachapelle.com\/nos-appartements\/\">I Nostri Appartamenti<\/a><\/blockquote><iframe loading=\"lazy\" class=\"wp-embedded-content\" sandbox=\"allow-scripts\" security=\"restricted\" style=\"position: absolute; visibility: hidden;\" title=\"\u00ab I Nostri Appartamenti \u00bb \u2014 G\u00eetes Domaine de la Chapelle\" src=\"https:\/\/www.gitesdomainedelachapelle.com\/nos-appartements\/embed\/#?secret=RwuUWonHLC#?secret=WIxnYt0zw8\" data-secret=\"WIxnYt0zw8\" width=\"600\" height=\"338\" frameborder=\"0\" marginwidth=\"0\" marginheight=\"0\" scrolling=\"no\"><\/iframe>\n<\/div><\/figure>","protected":false},"excerpt":{"rendered":"<p>O\u00f9 trouver les meilleurs march\u00e9s proven\u00e7aux sur la C\u00f4te d\u2019Azur La C\u00f4te d\u2019Azur est r\u00e9put\u00e9e pour ses march\u00e9s proven\u00e7aux, v\u00e9ritables lieux de vie o\u00f9 se m\u00ealent couleurs, saveurs et traditions. Entre Nice, Antibes, Menton et Valbonne, chaque march\u00e9 offre une ambiance unique. Que vous soyez \u00e0 la recherche de produits locaux, de sp\u00e9cialit\u00e9s proven\u00e7ales ou [&hellip;]<\/p>\n","protected":false},"author":3,"featured_media":26572072,"comment_status":"open","ping_status":"open","sticky":false,"template":"","format":"standard","meta":{"_et_pb_use_builder":"off","_et_pb_old_content":"","_et_gb_content_width":"","footnotes":""},"categories":[18],"tags":[105,114,101,103,100,112,107,113,102,111,106,108,109,110,104],"dipi_cpt_category":[],"class_list":["post-26572070","post","type-post","status-publish","format-standard","has-post-thumbnail","hentry","category-activites-idees","tag-marche-antibes","tag-marche-cote-dazur","tag-marche-du-sud-de-la-france","tag-marche-menton","tag-marche-nice-cours-saleya","tag-marche-traditionnel","tag-marche-valbonne-vendredi","tag-marches-provencaux","tag-produits-locaux-provence","tag-que-faire-cote-dazur","tag-sejour-provence","tag-specialites-provencales","tag-tourisme-cote-dazur","tag-villages-provencaux","tag-visite-cote-dazur"],"yoast_head":"<!-- This site is optimized with the Yoast SEO plugin v27.4 - https:\/\/yoast.com\/product\/yoast-seo-wordpress\/ -->\n<title>March\u00e9s proven\u00e7aux C\u00f4te d\u2019Azur : les plus beaux \u00e0 d\u00e9couvrir<\/title>\n<meta name=\"description\" content=\"D\u00e9couvrez les plus beaux march\u00e9s proven\u00e7aux de la C\u00f4te d\u2019Azur : produits locaux, ambiance typique et villages authentiques.\" \/>\n<meta name=\"robots\" content=\"index, follow, max-snippet:-1, max-image-preview:large, max-video-preview:-1\" \/>\n<link rel=\"canonical\" href=\"https:\/\/www.gitesdomainedelachapelle.com\/it\/marches-provencaux-cote-azur\/\" \/>\n<meta property=\"og:locale\" content=\"it_IT\" \/>\n<meta property=\"og:type\" content=\"article\" \/>\n<meta property=\"og:title\" content=\"March\u00e9s proven\u00e7aux C\u00f4te d\u2019Azur : les plus beaux \u00e0 d\u00e9couvrir\" \/>\n<meta property=\"og:description\" content=\"D\u00e9couvrez les plus beaux march\u00e9s proven\u00e7aux de la C\u00f4te d\u2019Azur : produits locaux, ambiance typique et villages authentiques.\" \/>\n<meta property=\"og:url\" content=\"https:\/\/www.gitesdomainedelachapelle.com\/it\/marches-provencaux-cote-azur\/\" \/>\n<meta property=\"og:site_name\" content=\"G\u00eetes Domaine de la Chapelle\" \/>\n<meta property=\"article:author\" content=\"https:\/\/www.facebook.com\/patrice.campanella\/\" \/>\n<meta property=\"article:published_time\" content=\"2026-04-22T05:24:18+00:00\" \/>\n<meta property=\"article:modified_time\" content=\"2026-04-22T05:28:17+00:00\" \/>\n<meta property=\"og:image\" content=\"https:\/\/www.gitesdomainedelachapelle.com\/wp-content\/uploads\/2026\/04\/produits-terroir-valbonne-marche.webp\" \/>\n\t<meta property=\"og:image:width\" content=\"1600\" \/>\n\t<meta property=\"og:image:height\" content=\"1067\" \/>\n\t<meta property=\"og:image:type\" content=\"image\/webp\" \/>\n<meta name=\"author\" content=\"Patrice\" \/>\n<meta name=\"twitter:card\" content=\"summary_large_image\" \/>\n<meta name=\"twitter:label1\" content=\"Scritto da\" \/>\n\t<meta name=\"twitter:data1\" content=\"Patrice\" \/>\n\t<meta name=\"twitter:label2\" content=\"Tempo di lettura stimato\" \/>\n\t<meta name=\"twitter:data2\" content=\"4 minuti\" \/>\n<script type=\"application\/ld+json\" class=\"yoast-schema-graph\">{\"@context\":\"https:\\\/\\\/schema.org\",\"@graph\":[{\"@type\":\"Article\",\"@id\":\"https:\\\/\\\/www.gitesdomainedelachapelle.com\\\/marches-provencaux-cote-azur\\\/#article\",\"isPartOf\":{\"@id\":\"https:\\\/\\\/www.gitesdomainedelachapelle.com\\\/marches-provencaux-cote-azur\\\/\"},\"author\":{\"name\":\"Patrice\",\"@id\":\"https:\\\/\\\/www.gitesdomainedelachapelle.com\\\/#\\\/schema\\\/person\\\/820b01290b5b0e5d56db451762c0e004\"},\"headline\":\"March\u00e9s proven\u00e7aux sur la C\u00f4te d\u2019Azur : les plus beaux march\u00e9s \u00e0 d\u00e9couvrir\",\"datePublished\":\"2026-04-22T05:24:18+00:00\",\"dateModified\":\"2026-04-22T05:28:17+00:00\",\"mainEntityOfPage\":{\"@id\":\"https:\\\/\\\/www.gitesdomainedelachapelle.com\\\/marches-provencaux-cote-azur\\\/\"},\"wordCount\":691,\"commentCount\":0,\"publisher\":{\"@id\":\"https:\\\/\\\/www.gitesdomainedelachapelle.com\\\/#organization\"},\"image\":{\"@id\":\"https:\\\/\\\/www.gitesdomainedelachapelle.com\\\/marches-provencaux-cote-azur\\\/#primaryimage\"},\"thumbnailUrl\":\"https:\\\/\\\/www.gitesdomainedelachapelle.com\\\/wp-content\\\/uploads\\\/2026\\\/04\\\/produits-terroir-valbonne-marche.webp\",\"keywords\":[\"march\u00e9 Antibes\",\"march\u00e9 C\u00f4te d\u2019Azur\",\"march\u00e9 du sud de la France\",\"march\u00e9 Menton\",\"march\u00e9 Nice cours Saleya\",\"march\u00e9 traditionnel\",\"march\u00e9 Valbonne vendredi\",\"march\u00e9s proven\u00e7aux\",\"produits locaux Provence\",\"que faire C\u00f4te d\u2019Azur\",\"s\u00e9jour Provence\",\"sp\u00e9cialit\u00e9s proven\u00e7ales\",\"tourisme C\u00f4te d\u2019Azur\",\"villages proven\u00e7aux\",\"visite C\u00f4te d\u2019Azur\"],\"articleSection\":[\"Activit\u00e9s\"],\"inLanguage\":\"it-IT\",\"potentialAction\":[{\"@type\":\"CommentAction\",\"name\":\"Comment\",\"target\":[\"https:\\\/\\\/www.gitesdomainedelachapelle.com\\\/marches-provencaux-cote-azur\\\/#respond\"]}]},{\"@type\":\"WebPage\",\"@id\":\"https:\\\/\\\/www.gitesdomainedelachapelle.com\\\/marches-provencaux-cote-azur\\\/\",\"url\":\"https:\\\/\\\/www.gitesdomainedelachapelle.com\\\/marches-provencaux-cote-azur\\\/\",\"name\":\"March\u00e9s proven\u00e7aux C\u00f4te d\u2019Azur : les plus beaux \u00e0 d\u00e9couvrir\",\"isPartOf\":{\"@id\":\"https:\\\/\\\/www.gitesdomainedelachapelle.com\\\/#website\"},\"primaryImageOfPage\":{\"@id\":\"https:\\\/\\\/www.gitesdomainedelachapelle.com\\\/marches-provencaux-cote-azur\\\/#primaryimage\"},\"image\":{\"@id\":\"https:\\\/\\\/www.gitesdomainedelachapelle.com\\\/marches-provencaux-cote-azur\\\/#primaryimage\"},\"thumbnailUrl\":\"https:\\\/\\\/www.gitesdomainedelachapelle.com\\\/wp-content\\\/uploads\\\/2026\\\/04\\\/produits-terroir-valbonne-marche.webp\",\"datePublished\":\"2026-04-22T05:24:18+00:00\",\"dateModified\":\"2026-04-22T05:28:17+00:00\",\"description\":\"D\u00e9couvrez les plus beaux march\u00e9s proven\u00e7aux de la C\u00f4te d\u2019Azur : produits locaux, ambiance typique et villages authentiques.\",\"breadcrumb\":{\"@id\":\"https:\\\/\\\/www.gitesdomainedelachapelle.com\\\/marches-provencaux-cote-azur\\\/#breadcrumb\"},\"inLanguage\":\"it-IT\",\"potentialAction\":[{\"@type\":\"ReadAction\",\"target\":[\"https:\\\/\\\/www.gitesdomainedelachapelle.com\\\/marches-provencaux-cote-azur\\\/\"]}]},{\"@type\":\"ImageObject\",\"inLanguage\":\"it-IT\",\"@id\":\"https:\\\/\\\/www.gitesdomainedelachapelle.com\\\/marches-provencaux-cote-azur\\\/#primaryimage\",\"url\":\"https:\\\/\\\/www.gitesdomainedelachapelle.com\\\/wp-content\\\/uploads\\\/2026\\\/04\\\/produits-terroir-valbonne-marche.webp\",\"contentUrl\":\"https:\\\/\\\/www.gitesdomainedelachapelle.com\\\/wp-content\\\/uploads\\\/2026\\\/04\\\/produits-terroir-valbonne-marche.webp\",\"width\":1600,\"height\":1067,\"caption\":\"Produits locaux sur un march\u00e9 proven\u00e7al typique de la C\u00f4te d\u2019Azur.\"},{\"@type\":\"BreadcrumbList\",\"@id\":\"https:\\\/\\\/www.gitesdomainedelachapelle.com\\\/marches-provencaux-cote-azur\\\/#breadcrumb\",\"itemListElement\":[{\"@type\":\"ListItem\",\"position\":1,\"name\":\"Accueil\",\"item\":\"https:\\\/\\\/www.gitesdomainedelachapelle.com\\\/\"},{\"@type\":\"ListItem\",\"position\":2,\"name\":\"March\u00e9s proven\u00e7aux sur la C\u00f4te d\u2019Azur : les plus beaux march\u00e9s \u00e0 d\u00e9couvrir\"}]},{\"@type\":\"WebSite\",\"@id\":\"https:\\\/\\\/www.gitesdomainedelachapelle.com\\\/#website\",\"url\":\"https:\\\/\\\/www.gitesdomainedelachapelle.com\\\/\",\"name\":\"Gites Domaine de la Chappelle\",\"description\":\"G\u00eetes de charme avec piscine chauff\u00e9e et jacuzzi privatif sur la C\u00f4te d\u2019Azur\",\"publisher\":{\"@id\":\"https:\\\/\\\/www.gitesdomainedelachapelle.com\\\/#organization\"},\"potentialAction\":[{\"@type\":\"SearchAction\",\"target\":{\"@type\":\"EntryPoint\",\"urlTemplate\":\"https:\\\/\\\/www.gitesdomainedelachapelle.com\\\/?s={search_term_string}\"},\"query-input\":{\"@type\":\"PropertyValueSpecification\",\"valueRequired\":true,\"valueName\":\"search_term_string\"}}],\"inLanguage\":\"it-IT\"},{\"@type\":\"Organization\",\"@id\":\"https:\\\/\\\/www.gitesdomainedelachapelle.com\\\/#organization\",\"name\":\"Gites Domaine de la Chappelle\",\"url\":\"https:\\\/\\\/www.gitesdomainedelachapelle.com\\\/\",\"logo\":{\"@type\":\"ImageObject\",\"inLanguage\":\"it-IT\",\"@id\":\"https:\\\/\\\/www.gitesdomainedelachapelle.com\\\/#\\\/schema\\\/logo\\\/image\\\/\",\"url\":\"https:\\\/\\\/www.gitesdomainedelachapelle.com\\\/wp-content\\\/uploads\\\/2025\\\/11\\\/LOGO-removebg-preview-1.webp\",\"contentUrl\":\"https:\\\/\\\/www.gitesdomainedelachapelle.com\\\/wp-content\\\/uploads\\\/2025\\\/11\\\/LOGO-removebg-preview-1.webp\",\"width\":300,\"height\":300,\"caption\":\"Gites Domaine de la Chappelle\"},\"image\":{\"@id\":\"https:\\\/\\\/www.gitesdomainedelachapelle.com\\\/#\\\/schema\\\/logo\\\/image\\\/\"}},{\"@type\":\"Person\",\"@id\":\"https:\\\/\\\/www.gitesdomainedelachapelle.com\\\/#\\\/schema\\\/person\\\/820b01290b5b0e5d56db451762c0e004\",\"name\":\"Patrice\",\"pronouns\":\"nous\",\"image\":{\"@type\":\"ImageObject\",\"inLanguage\":\"it-IT\",\"@id\":\"https:\\\/\\\/secure.gravatar.com\\\/avatar\\\/e3f93a01e7806e1fe58fdbecfe9ca6bb725d62824cfd4bcd93ab79fb93dc4f5d?s=96&d=mm&r=g\",\"url\":\"https:\\\/\\\/secure.gravatar.com\\\/avatar\\\/e3f93a01e7806e1fe58fdbecfe9ca6bb725d62824cfd4bcd93ab79fb93dc4f5d?s=96&d=mm&r=g\",\"contentUrl\":\"https:\\\/\\\/secure.gravatar.com\\\/avatar\\\/e3f93a01e7806e1fe58fdbecfe9ca6bb725d62824cfd4bcd93ab79fb93dc4f5d?s=96&d=mm&r=g\",\"caption\":\"Patrice\"},\"description\":\"Propri\u00e9taire des G\u00eetes Domaine de la Chapelle, je propose des h\u00e9bergements de charme situ\u00e9s \u00e0 Roquefort-les-Pins, au c\u0153ur de l\u2019arri\u00e8re-pays ni\u00e7ois, entre Nice, Cannes et Grasse, sur la C\u00f4te d\u2019Azur. Nous proposons des locations de vacances haut de gamme, pens\u00e9es pour les couples \u00e0 la recherche d\u2019un s\u00e9jour en amoureux, d\u2019un week-end d\u00e9tente ou de vacances bien-\u00eatre en Provence, avec piscine chauff\u00e9e et jacuzzi privatif, dans un environnement calme, naturel et sans vis-\u00e0-vis. Chaque logement est con\u00e7u pour offrir confort, intimit\u00e9 et qualit\u00e9, avec une attention particuli\u00e8re port\u00e9e \u00e0 l\u2019accueil, aux \u00e9quipements et \u00e0 l\u2019exp\u00e9rience globale du s\u00e9jour. Notre objectif est simple : permettre \u00e0 nos h\u00f4tes de se ressourcer et de profiter pleinement du soleil du Sud, d\u2019un cadre idyllique et des richesses de la C\u00f4te d\u2019Azur.\",\"sameAs\":[\"https:\\\/\\\/www.gitesdomainedelachapelle.com\",\"https:\\\/\\\/www.facebook.com\\\/patrice.campanella\\\/\",\"https:\\\/\\\/www.instagram.com\\\/piscine_jacuzzi_cotedazur\\\/\",\"https:\\\/\\\/www.linkedin.com\\\/in\\\/g\u00eetes-domaine-de-la-chapelle-avec-piscine-chauff\u00e9e-et-jacuzzi-privatifs-sur-la-c\u00f4te-d-azur-54053572\\\/\",\"https:\\\/\\\/fr.pinterest.com\\\/gitesdomainedelachapelle\\\/\",\"https:\\\/\\\/www.youtube.com\\\/@gitesdomainedelachapelle\"],\"url\":\"https:\\\/\\\/www.gitesdomainedelachapelle.com\\\/it\\\/author\\\/patrice\\\/\"}]}<\/script>\n<!-- \/ Yoast SEO plugin. -->","yoast_head_json":{"title":"March\u00e9s proven\u00e7aux C\u00f4te d\u2019Azur : les plus beaux \u00e0 d\u00e9couvrir","description":"D\u00e9couvrez les plus beaux march\u00e9s proven\u00e7aux de la C\u00f4te d\u2019Azur : produits locaux, ambiance typique et villages authentiques.","robots":{"index":"index","follow":"follow","max-snippet":"max-snippet:-1","max-image-preview":"max-image-preview:large","max-video-preview":"max-video-preview:-1"},"canonical":"https:\/\/www.gitesdomainedelachapelle.com\/it\/marches-provencaux-cote-azur\/","og_locale":"it_IT","og_type":"article","og_title":"March\u00e9s proven\u00e7aux C\u00f4te d\u2019Azur : les plus beaux \u00e0 d\u00e9couvrir","og_description":"D\u00e9couvrez les plus beaux march\u00e9s proven\u00e7aux de la C\u00f4te d\u2019Azur : produits locaux, ambiance typique et villages authentiques.","og_url":"https:\/\/www.gitesdomainedelachapelle.com\/it\/marches-provencaux-cote-azur\/","og_site_name":"G\u00eetes Domaine de la Chapelle","article_author":"https:\/\/www.facebook.com\/patrice.campanella\/","article_published_time":"2026-04-22T05:24:18+00:00","article_modified_time":"2026-04-22T05:28:17+00:00","og_image":[{"width":1600,"height":1067,"url":"https:\/\/www.gitesdomainedelachapelle.com\/wp-content\/uploads\/2026\/04\/produits-terroir-valbonne-marche.webp","type":"image\/webp"}],"author":"Patrice","twitter_card":"summary_large_image","twitter_misc":{"Scritto da":"Patrice","Tempo di lettura stimato":"4 minuti"},"schema":{"@context":"https:\/\/schema.org","@graph":[{"@type":"Article","@id":"https:\/\/www.gitesdomainedelachapelle.com\/marches-provencaux-cote-azur\/#article","isPartOf":{"@id":"https:\/\/www.gitesdomainedelachapelle.com\/marches-provencaux-cote-azur\/"},"author":{"name":"Patrice","@id":"https:\/\/www.gitesdomainedelachapelle.com\/#\/schema\/person\/820b01290b5b0e5d56db451762c0e004"},"headline":"March\u00e9s proven\u00e7aux sur la C\u00f4te d\u2019Azur : les plus beaux march\u00e9s \u00e0 d\u00e9couvrir","datePublished":"2026-04-22T05:24:18+00:00","dateModified":"2026-04-22T05:28:17+00:00","mainEntityOfPage":{"@id":"https:\/\/www.gitesdomainedelachapelle.com\/marches-provencaux-cote-azur\/"},"wordCount":691,"commentCount":0,"publisher":{"@id":"https:\/\/www.gitesdomainedelachapelle.com\/#organization"},"image":{"@id":"https:\/\/www.gitesdomainedelachapelle.com\/marches-provencaux-cote-azur\/#primaryimage"},"thumbnailUrl":"https:\/\/www.gitesdomainedelachapelle.com\/wp-content\/uploads\/2026\/04\/produits-terroir-valbonne-marche.webp","keywords":["march\u00e9 Antibes","march\u00e9 C\u00f4te d\u2019Azur","march\u00e9 du sud de la France","march\u00e9 Menton","march\u00e9 Nice cours Saleya","march\u00e9 traditionnel","march\u00e9 Valbonne vendredi","march\u00e9s proven\u00e7aux","produits locaux Provence","que faire C\u00f4te d\u2019Azur","s\u00e9jour Provence","sp\u00e9cialit\u00e9s proven\u00e7ales","tourisme C\u00f4te d\u2019Azur","villages proven\u00e7aux","visite C\u00f4te d\u2019Azur"],"articleSection":["Activit\u00e9s"],"inLanguage":"it-IT","potentialAction":[{"@type":"CommentAction","name":"Comment","target":["https:\/\/www.gitesdomainedelachapelle.com\/marches-provencaux-cote-azur\/#respond"]}]},{"@type":"WebPage","@id":"https:\/\/www.gitesdomainedelachapelle.com\/marches-provencaux-cote-azur\/","url":"https:\/\/www.gitesdomainedelachapelle.com\/marches-provencaux-cote-azur\/","name":"March\u00e9s proven\u00e7aux C\u00f4te d\u2019Azur : les plus beaux \u00e0 d\u00e9couvrir","isPartOf":{"@id":"https:\/\/www.gitesdomainedelachapelle.com\/#website"},"primaryImageOfPage":{"@id":"https:\/\/www.gitesdomainedelachapelle.com\/marches-provencaux-cote-azur\/#primaryimage"},"image":{"@id":"https:\/\/www.gitesdomainedelachapelle.com\/marches-provencaux-cote-azur\/#primaryimage"},"thumbnailUrl":"https:\/\/www.gitesdomainedelachapelle.com\/wp-content\/uploads\/2026\/04\/produits-terroir-valbonne-marche.webp","datePublished":"2026-04-22T05:24:18+00:00","dateModified":"2026-04-22T05:28:17+00:00","description":"D\u00e9couvrez les plus beaux march\u00e9s proven\u00e7aux de la C\u00f4te d\u2019Azur : produits locaux, ambiance typique et villages authentiques.","breadcrumb":{"@id":"https:\/\/www.gitesdomainedelachapelle.com\/marches-provencaux-cote-azur\/#breadcrumb"},"inLanguage":"it-IT","potentialAction":[{"@type":"ReadAction","target":["https:\/\/www.gitesdomainedelachapelle.com\/marches-provencaux-cote-azur\/"]}]},{"@type":"ImageObject","inLanguage":"it-IT","@id":"https:\/\/www.gitesdomainedelachapelle.com\/marches-provencaux-cote-azur\/#primaryimage","url":"https:\/\/www.gitesdomainedelachapelle.com\/wp-content\/uploads\/2026\/04\/produits-terroir-valbonne-marche.webp","contentUrl":"https:\/\/www.gitesdomainedelachapelle.com\/wp-content\/uploads\/2026\/04\/produits-terroir-valbonne-marche.webp","width":1600,"height":1067,"caption":"Produits locaux sur un march\u00e9 proven\u00e7al typique de la C\u00f4te d\u2019Azur."},{"@type":"BreadcrumbList","@id":"https:\/\/www.gitesdomainedelachapelle.com\/marches-provencaux-cote-azur\/#breadcrumb","itemListElement":[{"@type":"ListItem","position":1,"name":"Accueil","item":"https:\/\/www.gitesdomainedelachapelle.com\/"},{"@type":"ListItem","position":2,"name":"March\u00e9s proven\u00e7aux sur la C\u00f4te d\u2019Azur : les plus beaux march\u00e9s \u00e0 d\u00e9couvrir"}]},{"@type":"WebSite","@id":"https:\/\/www.gitesdomainedelachapelle.com\/#website","url":"https:\/\/www.gitesdomainedelachapelle.com\/","name":"Gites Domaine de la Chappelle","description":"G\u00eetes de charme avec piscine chauff\u00e9e et jacuzzi privatif sur la C\u00f4te d\u2019Azur","publisher":{"@id":"https:\/\/www.gitesdomainedelachapelle.com\/#organization"},"potentialAction":[{"@type":"SearchAction","target":{"@type":"EntryPoint","urlTemplate":"https:\/\/www.gitesdomainedelachapelle.com\/?s={search_term_string}"},"query-input":{"@type":"PropertyValueSpecification","valueRequired":true,"valueName":"search_term_string"}}],"inLanguage":"it-IT"},{"@type":"Organization","@id":"https:\/\/www.gitesdomainedelachapelle.com\/#organization","name":"Gites Domaine de la Chappelle","url":"https:\/\/www.gitesdomainedelachapelle.com\/","logo":{"@type":"ImageObject","inLanguage":"it-IT","@id":"https:\/\/www.gitesdomainedelachapelle.com\/#\/schema\/logo\/image\/","url":"https:\/\/www.gitesdomainedelachapelle.com\/wp-content\/uploads\/2025\/11\/LOGO-removebg-preview-1.webp","contentUrl":"https:\/\/www.gitesdomainedelachapelle.com\/wp-content\/uploads\/2025\/11\/LOGO-removebg-preview-1.webp","width":300,"height":300,"caption":"Gites Domaine de la Chappelle"},"image":{"@id":"https:\/\/www.gitesdomainedelachapelle.com\/#\/schema\/logo\/image\/"}},{"@type":"Person","@id":"https:\/\/www.gitesdomainedelachapelle.com\/#\/schema\/person\/820b01290b5b0e5d56db451762c0e004","name":"Patrice","pronouns":"nous","image":{"@type":"ImageObject","inLanguage":"it-IT","@id":"https:\/\/secure.gravatar.com\/avatar\/e3f93a01e7806e1fe58fdbecfe9ca6bb725d62824cfd4bcd93ab79fb93dc4f5d?s=96&d=mm&r=g","url":"https:\/\/secure.gravatar.com\/avatar\/e3f93a01e7806e1fe58fdbecfe9ca6bb725d62824cfd4bcd93ab79fb93dc4f5d?s=96&d=mm&r=g","contentUrl":"https:\/\/secure.gravatar.com\/avatar\/e3f93a01e7806e1fe58fdbecfe9ca6bb725d62824cfd4bcd93ab79fb93dc4f5d?s=96&d=mm&r=g","caption":"Patrice"},"description":"Propri\u00e9taire des G\u00eetes Domaine de la Chapelle, je propose des h\u00e9bergements de charme situ\u00e9s \u00e0 Roquefort-les-Pins, au c\u0153ur de l\u2019arri\u00e8re-pays ni\u00e7ois, entre Nice, Cannes et Grasse, sur la C\u00f4te d\u2019Azur. Nous proposons des locations de vacances haut de gamme, pens\u00e9es pour les couples \u00e0 la recherche d\u2019un s\u00e9jour en amoureux, d\u2019un week-end d\u00e9tente ou de vacances bien-\u00eatre en Provence, avec piscine chauff\u00e9e et jacuzzi privatif, dans un environnement calme, naturel et sans vis-\u00e0-vis. Chaque logement est con\u00e7u pour offrir confort, intimit\u00e9 et qualit\u00e9, avec une attention particuli\u00e8re port\u00e9e \u00e0 l\u2019accueil, aux \u00e9quipements et \u00e0 l\u2019exp\u00e9rience globale du s\u00e9jour. Notre objectif est simple : permettre \u00e0 nos h\u00f4tes de se ressourcer et de profiter pleinement du soleil du Sud, d\u2019un cadre idyllique et des richesses de la C\u00f4te d\u2019Azur.","sameAs":["https:\/\/www.gitesdomainedelachapelle.com","https:\/\/www.facebook.com\/patrice.campanella\/","https:\/\/www.instagram.com\/piscine_jacuzzi_cotedazur\/","https:\/\/www.linkedin.com\/in\/g\u00eetes-domaine-de-la-chapelle-avec-piscine-chauff\u00e9e-et-jacuzzi-privatifs-sur-la-c\u00f4te-d-azur-54053572\/","https:\/\/fr.pinterest.com\/gitesdomainedelachapelle\/","https:\/\/www.youtube.com\/@gitesdomainedelachapelle"],"url":"https:\/\/www.gitesdomainedelachapelle.com\/it\/author\/patrice\/"}]}},"_links":{"self":[{"href":"https:\/\/www.gitesdomainedelachapelle.com\/it\/wp-json\/wp\/v2\/posts\/26572070","targetHints":{"allow":["GET"]}}],"collection":[{"href":"https:\/\/www.gitesdomainedelachapelle.com\/it\/wp-json\/wp\/v2\/posts"}],"about":[{"href":"https:\/\/www.gitesdomainedelachapelle.com\/it\/wp-json\/wp\/v2\/types\/post"}],"author":[{"embeddable":true,"href":"https:\/\/www.gitesdomainedelachapelle.com\/it\/wp-json\/wp\/v2\/users\/3"}],"replies":[{"embeddable":true,"href":"https:\/\/www.gitesdomainedelachapelle.com\/it\/wp-json\/wp\/v2\/comments?post=26572070"}],"version-history":[{"count":1,"href":"https:\/\/www.gitesdomainedelachapelle.com\/it\/wp-json\/wp\/v2\/posts\/26572070\/revisions"}],"predecessor-version":[{"id":26572073,"href":"https:\/\/www.gitesdomainedelachapelle.com\/it\/wp-json\/wp\/v2\/posts\/26572070\/revisions\/26572073"}],"wp:featuredmedia":[{"embeddable":true,"href":"https:\/\/www.gitesdomainedelachapelle.com\/it\/wp-json\/wp\/v2\/media\/26572072"}],"wp:attachment":[{"href":"https:\/\/www.gitesdomainedelachapelle.com\/it\/wp-json\/wp\/v2\/media?parent=26572070"}],"wp:term":[{"taxonomy":"category","embeddable":true,"href":"https:\/\/www.gitesdomainedelachapelle.com\/it\/wp-json\/wp\/v2\/categories?post=26572070"},{"taxonomy":"post_tag","embeddable":true,"href":"https:\/\/www.gitesdomainedelachapelle.com\/it\/wp-json\/wp\/v2\/tags?post=26572070"},{"taxonomy":"dipi_cpt_category","embeddable":true,"href":"https:\/\/www.gitesdomainedelachapelle.com\/it\/wp-json\/wp\/v2\/dipi_cpt_category?post=26572070"}],"curies":[{"name":"wp","href":"https:\/\/api.w.org\/{rel}","templated":true}]}}