{"id":26572265,"date":"2026-04-27T16:48:41","date_gmt":"2026-04-27T15:48:41","guid":{"rendered":"https:\/\/www.gitesdomainedelachapelle.com\/?p=26572265"},"modified":"2026-04-27T16:48:45","modified_gmt":"2026-04-27T15:48:45","slug":"rallye-antibes-cote-azur-2026","status":"publish","type":"post","link":"https:\/\/www.gitesdomainedelachapelle.com\/it\/rallye-antibes-cote-azur-2026\/","title":{"rendered":"Rallye Antibes Costa Azzurra 2026: un evento automobilistico imperdibile"},"content":{"rendered":"<p>Il Rallye Antibes C\u00f4te d\u2019Azur \u00e8 uno degli eventi pi\u00f9 importanti del calendario automobilistico delle Alpi Marittime. Ogni anno, attira appassionati di rally, amanti dell\u2019adrenalina e visitatori desiderosi di scoprire l\u2019atmosfera unica di questa competizione sulle strade dell\u2019entroterra.<\/p>\n\n\n\n<p>L'edizione 2026 si svolger\u00e0 dal 14 al 17 maggio ad Antibes e in tutta la regione circostante.<\/p>\n\n\n\n<hr class=\"wp-block-separator has-alpha-channel-opacity\"\/>\n\n\n\n<h2 class=\"wp-block-heading\">Un rallye mythique sulle strade della Costa Azzurra<\/h2>\n\n\n\n<p>Riconosciuto per il suo percorso tecnico e spettacolare, il Rallye Antibes C\u00f4te d\u2019Azur si svolge tra mare e montagna, offrendo un terreno di gioco eccezionale ai piloti.<\/p>\n\n\n\n<p>Le speciali attraversano in particolare:<\/p>\n\n\n\n<ul class=\"wp-block-list\">\n<li>la campagna nizzarda<\/li>\n\n\n\n<li>le strade tortuose delle Prealpi Azzurre<\/li>\n\n\n\n<li>passi iconici con viste sul Mediterraneo<\/li>\n<\/ul>\n\n\n\n<p>Questo mix unico rende il rally un evento tanto impegnativo quanto spettacolare.<\/p>\n\n\n\n<hr class=\"wp-block-separator has-alpha-channel-opacity\"\/>\n\n\n\n<h2 class=\"wp-block-heading\">Una competizione nel cuore delle Alpi Marittime<\/h2>\n\n\n\n<p>Il Rallye di Antibes fa parte delle competizioni importanti del campionato, riunendo ogni anno:<\/p>\n\n\n\n<ul class=\"wp-block-list\">\n<li>piloti esperti<\/li>\n\n\n\n<li>squadre professionali<\/li>\n\n\n\n<li>appassionati di sport automobilistico<\/li>\n<\/ul>\n\n\n\n<p>L'evento si distingue per la sua organizzazione rigorosa e la sua atmosfera conviviale, molto apprezzata dal pubblico.<\/p>\n\n\n\n<hr class=\"wp-block-separator has-alpha-channel-opacity\"\/>\n\n\n\n<h2 class=\"wp-block-heading\">Un'esperienza immersiva per gli spettatori<\/h2>\n\n\n\n<p>Assistere al Rallye Antibes C\u00f4te d\u2019Azur, significa vivere un'esperienza unica:<\/p>\n\n\n\n<ul class=\"wp-block-list\">\n<li>vicinanza alle auto e ai team<\/li>\n\n\n\n<li>accesso a diversi punti di vista sulle speciali<\/li>\n\n\n\n<li>Atmosfera sportiva e festosa<\/li>\n\n\n\n<li>scoperta dei paesaggi della Costa Azzurra<\/li>\n<\/ul>\n\n\n\n<p>\u00c8 anche un'ottima occasione per scoprire la regione in modo diverso, lontano dai classici itinerari turistici.<\/p>\n\n\n\n<hr class=\"wp-block-separator has-alpha-channel-opacity\"\/>\n\n\n\n<h2 class=\"wp-block-heading\">Informazioni pratiche<\/h2>\n\n\n\n<p>Date : dal 14 al 17 maggio 2026<br>Luogo: Antibes e l'entroterra delle Alpi Marittime<\/p>\n\n\n\n<p>Le diverse tappe si svolgono su pi\u00f9 giorni con delle prove speciali sparse in tutta la regione.<\/p>\n\n\n\n<hr class=\"wp-block-separator has-alpha-channel-opacity\"\/>\n\n\n\n<h2 class=\"wp-block-heading\">Goditi il rally durante un soggiorno sulla Costa Azzurra<\/h2>\n\n\n\n<p>Il Rallye Antibes C\u00f4te d\u2019Azur \u00e8 l'occasione ideale per organizzare un soggiorno che combini sport, scoperta e relax.<\/p>\n\n\n\n<p>Situati a Roquefort-les-Pins, i G\u00eetes Domaine de la Chapelle consentono di raggiungere facilmente le zone del rally, godendo al contempo di un ambiente tranquillo e rilassante.<\/p>\n\n\n\n<p>Gli alloggi offrono:<\/p>\n\n\n\n<ul class=\"wp-block-list\">\n<li>un ambiente naturale<\/li>\n\n\n\n<li>una piscina riscaldata<\/li>\n\n\n\n<li>una jacuzzi privata<\/li>\n\n\n\n<li>un comfort ideale dopo una giornata sulle strade del rally<\/li>\n<\/ul>\n\n\n\n<hr class=\"wp-block-separator has-alpha-channel-opacity\"\/>\n\n\n\n<h2 class=\"wp-block-heading\">Perch\u00e9 partecipare al Rallye Antibes C\u00f4te d\u2019Azur<\/h2>\n\n\n\n<p>Questo evento \u00e8 perfetto per:<\/p>\n\n\n\n<ul class=\"wp-block-list\">\n<li>gli appassionati di sport motoristici<\/li>\n\n\n\n<li>gli amanti del brivido<\/li>\n\n\n\n<li>i visitatori desiderosi di scoprire l'entroterra nizzardo<\/li>\n<\/ul>\n\n\n\n<p>Il Rallye Antibes C\u00f4te d\u2019Azur rimane un punto di riferimento imperdibile per vivere appieno l\u2019atmosfera del motorsport sulla Costa Azzurra.<\/p>\n\n\n\n<hr class=\"wp-block-separator has-alpha-channel-opacity\"\/>\n\n\n\n<h2 class=\"wp-block-heading\">Prenota il tuo soggiorno<\/h2>\n\n\n\n<figure class=\"wp-block-embed\"><div class=\"wp-block-embed__wrapper\">\nhttps:\/\/www.gitesdomainedelachapelle.com\/nos-appartements\n<\/div><\/figure>","protected":false},"excerpt":{"rendered":"<p>Le Rallye Antibes C\u00f4te d\u2019Azur est l\u2019un des \u00e9v\u00e9nements majeurs du calendrier automobile dans les Alpes-Maritimes. Chaque ann\u00e9e, il attire passionn\u00e9s de rallye, amateurs de sensations fortes et visiteurs venus d\u00e9couvrir l\u2019ambiance unique de cette comp\u00e9tition sur les routes de l\u2019arri\u00e8re-pays. L\u2019\u00e9dition 2026 se d\u00e9roulera du 14 au 17 mai \u00e0 Antibes et dans toute [&hellip;]<\/p>\n","protected":false},"author":3,"featured_media":26572268,"comment_status":"open","ping_status":"open","sticky":false,"template":"","format":"standard","meta":{"_et_pb_use_builder":"off","_et_pb_old_content":"","_et_gb_content_width":"","footnotes":""},"categories":[128],"tags":[226,139,115,239],"dipi_cpt_category":[],"class_list":["post-26572265","post","type-post","status-publish","format-standard","has-post-thumbnail","hentry","category-evenements","tag-antibes","tag-evenement-automobile","tag-evenement-cote-dazur","tag-rallye-antibes-cote-dazur"],"yoast_head":"<!-- This site is optimized with the Yoast SEO plugin v27.4 - https:\/\/yoast.com\/product\/yoast-seo-wordpress\/ -->\n<title>Rallye Antibes C\u00f4te d\u2019Azur 2026 : \u00e9v\u00e9nement automobile<\/title>\n<meta name=\"description\" content=\"Rallye Antibes C\u00f4te d\u2019Azur 2026 : un \u00e9v\u00e9nement automobile incontournable sur la French Riviera, entre sport et passion m\u00e9canique.\" \/>\n<meta name=\"robots\" content=\"index, follow, max-snippet:-1, max-image-preview:large, max-video-preview:-1\" \/>\n<link rel=\"canonical\" href=\"https:\/\/www.gitesdomainedelachapelle.com\/it\/rallye-antibes-cote-azur-2026\/\" \/>\n<meta property=\"og:locale\" content=\"it_IT\" \/>\n<meta property=\"og:type\" content=\"article\" \/>\n<meta property=\"og:title\" content=\"Rallye Antibes C\u00f4te d\u2019Azur 2026 : \u00e9v\u00e9nement automobile\" \/>\n<meta property=\"og:description\" content=\"Rallye Antibes C\u00f4te d\u2019Azur 2026 : un \u00e9v\u00e9nement automobile incontournable sur la French Riviera, entre sport et passion m\u00e9canique.\" \/>\n<meta property=\"og:url\" content=\"https:\/\/www.gitesdomainedelachapelle.com\/it\/rallye-antibes-cote-azur-2026\/\" \/>\n<meta property=\"og:site_name\" content=\"G\u00eetes Domaine de la Chapelle\" \/>\n<meta property=\"article:author\" content=\"https:\/\/www.facebook.com\/patrice.campanella\/\" \/>\n<meta property=\"article:published_time\" content=\"2026-04-27T15:48:41+00:00\" \/>\n<meta property=\"article:modified_time\" content=\"2026-04-27T15:48:45+00:00\" \/>\n<meta property=\"og:image\" content=\"https:\/\/www.gitesdomainedelachapelle.com\/wp-content\/uploads\/2026\/04\/rallye-antibes-cote-azur-voiture-course-montagne-speciale-alpes-maritimes.webp\" \/>\n\t<meta property=\"og:image:width\" content=\"1008\" \/>\n\t<meta property=\"og:image:height\" content=\"672\" \/>\n\t<meta property=\"og:image:type\" content=\"image\/webp\" \/>\n<meta name=\"author\" content=\"Patrice\" \/>\n<meta name=\"twitter:card\" content=\"summary_large_image\" \/>\n<meta name=\"twitter:label1\" content=\"Scritto da\" \/>\n\t<meta name=\"twitter:data1\" content=\"Patrice\" \/>\n\t<meta name=\"twitter:label2\" content=\"Tempo di lettura stimato\" \/>\n\t<meta name=\"twitter:data2\" content=\"3 minuti\" \/>\n<script type=\"application\/ld+json\" class=\"yoast-schema-graph\">{\"@context\":\"https:\\\/\\\/schema.org\",\"@graph\":[{\"@type\":\"Article\",\"@id\":\"https:\\\/\\\/www.gitesdomainedelachapelle.com\\\/rallye-antibes-cote-azur-2026\\\/#article\",\"isPartOf\":{\"@id\":\"https:\\\/\\\/www.gitesdomainedelachapelle.com\\\/rallye-antibes-cote-azur-2026\\\/\"},\"author\":{\"name\":\"Patrice\",\"@id\":\"https:\\\/\\\/www.gitesdomainedelachapelle.com\\\/#\\\/schema\\\/person\\\/820b01290b5b0e5d56db451762c0e004\"},\"headline\":\"Rallye Antibes C\u00f4te d\u2019Azur 2026 : un \u00e9v\u00e9nement automobile incontournable\",\"datePublished\":\"2026-04-27T15:48:41+00:00\",\"dateModified\":\"2026-04-27T15:48:45+00:00\",\"mainEntityOfPage\":{\"@id\":\"https:\\\/\\\/www.gitesdomainedelachapelle.com\\\/rallye-antibes-cote-azur-2026\\\/\"},\"wordCount\":493,\"commentCount\":0,\"publisher\":{\"@id\":\"https:\\\/\\\/www.gitesdomainedelachapelle.com\\\/#organization\"},\"image\":{\"@id\":\"https:\\\/\\\/www.gitesdomainedelachapelle.com\\\/rallye-antibes-cote-azur-2026\\\/#primaryimage\"},\"thumbnailUrl\":\"https:\\\/\\\/www.gitesdomainedelachapelle.com\\\/wp-content\\\/uploads\\\/2026\\\/04\\\/rallye-antibes-cote-azur-voiture-course-montagne-speciale-alpes-maritimes.webp\",\"keywords\":[\"antibes\",\"\u00e9v\u00e9nement automobile\",\"\u00e9v\u00e9nement C\u00f4te d\u2019Azur\",\"rallye antibes c\u00f4te d\u2019azur\"],\"articleSection\":[\"Evenements sur la C\u00f4te d'Azur\"],\"inLanguage\":\"it-IT\",\"potentialAction\":[{\"@type\":\"CommentAction\",\"name\":\"Comment\",\"target\":[\"https:\\\/\\\/www.gitesdomainedelachapelle.com\\\/rallye-antibes-cote-azur-2026\\\/#respond\"]}]},{\"@type\":\"WebPage\",\"@id\":\"https:\\\/\\\/www.gitesdomainedelachapelle.com\\\/rallye-antibes-cote-azur-2026\\\/\",\"url\":\"https:\\\/\\\/www.gitesdomainedelachapelle.com\\\/rallye-antibes-cote-azur-2026\\\/\",\"name\":\"Rallye Antibes C\u00f4te d\u2019Azur 2026 : \u00e9v\u00e9nement automobile\",\"isPartOf\":{\"@id\":\"https:\\\/\\\/www.gitesdomainedelachapelle.com\\\/#website\"},\"primaryImageOfPage\":{\"@id\":\"https:\\\/\\\/www.gitesdomainedelachapelle.com\\\/rallye-antibes-cote-azur-2026\\\/#primaryimage\"},\"image\":{\"@id\":\"https:\\\/\\\/www.gitesdomainedelachapelle.com\\\/rallye-antibes-cote-azur-2026\\\/#primaryimage\"},\"thumbnailUrl\":\"https:\\\/\\\/www.gitesdomainedelachapelle.com\\\/wp-content\\\/uploads\\\/2026\\\/04\\\/rallye-antibes-cote-azur-voiture-course-montagne-speciale-alpes-maritimes.webp\",\"datePublished\":\"2026-04-27T15:48:41+00:00\",\"dateModified\":\"2026-04-27T15:48:45+00:00\",\"description\":\"Rallye Antibes C\u00f4te d\u2019Azur 2026 : un \u00e9v\u00e9nement automobile incontournable sur la French Riviera, entre sport et passion m\u00e9canique.\",\"breadcrumb\":{\"@id\":\"https:\\\/\\\/www.gitesdomainedelachapelle.com\\\/rallye-antibes-cote-azur-2026\\\/#breadcrumb\"},\"inLanguage\":\"it-IT\",\"potentialAction\":[{\"@type\":\"ReadAction\",\"target\":[\"https:\\\/\\\/www.gitesdomainedelachapelle.com\\\/rallye-antibes-cote-azur-2026\\\/\"]}]},{\"@type\":\"ImageObject\",\"inLanguage\":\"it-IT\",\"@id\":\"https:\\\/\\\/www.gitesdomainedelachapelle.com\\\/rallye-antibes-cote-azur-2026\\\/#primaryimage\",\"url\":\"https:\\\/\\\/www.gitesdomainedelachapelle.com\\\/wp-content\\\/uploads\\\/2026\\\/04\\\/rallye-antibes-cote-azur-voiture-course-montagne-speciale-alpes-maritimes.webp\",\"contentUrl\":\"https:\\\/\\\/www.gitesdomainedelachapelle.com\\\/wp-content\\\/uploads\\\/2026\\\/04\\\/rallye-antibes-cote-azur-voiture-course-montagne-speciale-alpes-maritimes.webp\",\"width\":1008,\"height\":672,\"caption\":\"Arriv\u00e9e du Rallye Antibes C\u00f4te d\u2019Azur dans les Alpes-Maritimes\"},{\"@type\":\"BreadcrumbList\",\"@id\":\"https:\\\/\\\/www.gitesdomainedelachapelle.com\\\/rallye-antibes-cote-azur-2026\\\/#breadcrumb\",\"itemListElement\":[{\"@type\":\"ListItem\",\"position\":1,\"name\":\"Accueil\",\"item\":\"https:\\\/\\\/www.gitesdomainedelachapelle.com\\\/\"},{\"@type\":\"ListItem\",\"position\":2,\"name\":\"Rallye Antibes C\u00f4te d\u2019Azur 2026 : un \u00e9v\u00e9nement automobile incontournable\"}]},{\"@type\":\"WebSite\",\"@id\":\"https:\\\/\\\/www.gitesdomainedelachapelle.com\\\/#website\",\"url\":\"https:\\\/\\\/www.gitesdomainedelachapelle.com\\\/\",\"name\":\"Gites Domaine de la Chappelle\",\"description\":\"G\u00eetes de charme avec piscine chauff\u00e9e et jacuzzi privatif sur la C\u00f4te d\u2019Azur\",\"publisher\":{\"@id\":\"https:\\\/\\\/www.gitesdomainedelachapelle.com\\\/#organization\"},\"potentialAction\":[{\"@type\":\"SearchAction\",\"target\":{\"@type\":\"EntryPoint\",\"urlTemplate\":\"https:\\\/\\\/www.gitesdomainedelachapelle.com\\\/?s={search_term_string}\"},\"query-input\":{\"@type\":\"PropertyValueSpecification\",\"valueRequired\":true,\"valueName\":\"search_term_string\"}}],\"inLanguage\":\"it-IT\"},{\"@type\":\"Organization\",\"@id\":\"https:\\\/\\\/www.gitesdomainedelachapelle.com\\\/#organization\",\"name\":\"Gites Domaine de la Chappelle\",\"url\":\"https:\\\/\\\/www.gitesdomainedelachapelle.com\\\/\",\"logo\":{\"@type\":\"ImageObject\",\"inLanguage\":\"it-IT\",\"@id\":\"https:\\\/\\\/www.gitesdomainedelachapelle.com\\\/#\\\/schema\\\/logo\\\/image\\\/\",\"url\":\"https:\\\/\\\/www.gitesdomainedelachapelle.com\\\/wp-content\\\/uploads\\\/2025\\\/11\\\/LOGO-removebg-preview-1.webp\",\"contentUrl\":\"https:\\\/\\\/www.gitesdomainedelachapelle.com\\\/wp-content\\\/uploads\\\/2025\\\/11\\\/LOGO-removebg-preview-1.webp\",\"width\":300,\"height\":300,\"caption\":\"Gites Domaine de la Chappelle\"},\"image\":{\"@id\":\"https:\\\/\\\/www.gitesdomainedelachapelle.com\\\/#\\\/schema\\\/logo\\\/image\\\/\"}},{\"@type\":\"Person\",\"@id\":\"https:\\\/\\\/www.gitesdomainedelachapelle.com\\\/#\\\/schema\\\/person\\\/820b01290b5b0e5d56db451762c0e004\",\"name\":\"Patrice\",\"pronouns\":\"nous\",\"image\":{\"@type\":\"ImageObject\",\"inLanguage\":\"it-IT\",\"@id\":\"https:\\\/\\\/secure.gravatar.com\\\/avatar\\\/e3f93a01e7806e1fe58fdbecfe9ca6bb725d62824cfd4bcd93ab79fb93dc4f5d?s=96&d=mm&r=g\",\"url\":\"https:\\\/\\\/secure.gravatar.com\\\/avatar\\\/e3f93a01e7806e1fe58fdbecfe9ca6bb725d62824cfd4bcd93ab79fb93dc4f5d?s=96&d=mm&r=g\",\"contentUrl\":\"https:\\\/\\\/secure.gravatar.com\\\/avatar\\\/e3f93a01e7806e1fe58fdbecfe9ca6bb725d62824cfd4bcd93ab79fb93dc4f5d?s=96&d=mm&r=g\",\"caption\":\"Patrice\"},\"description\":\"Propri\u00e9taire des G\u00eetes Domaine de la Chapelle, je propose des h\u00e9bergements de charme situ\u00e9s \u00e0 Roquefort-les-Pins, au c\u0153ur de l\u2019arri\u00e8re-pays ni\u00e7ois, entre Nice, Cannes et Grasse, sur la C\u00f4te d\u2019Azur. Nous proposons des locations de vacances haut de gamme, pens\u00e9es pour les couples \u00e0 la recherche d\u2019un s\u00e9jour en amoureux, d\u2019un week-end d\u00e9tente ou de vacances bien-\u00eatre en Provence, avec piscine chauff\u00e9e et jacuzzi privatif, dans un environnement calme, naturel et sans vis-\u00e0-vis. Chaque logement est con\u00e7u pour offrir confort, intimit\u00e9 et qualit\u00e9, avec une attention particuli\u00e8re port\u00e9e \u00e0 l\u2019accueil, aux \u00e9quipements et \u00e0 l\u2019exp\u00e9rience globale du s\u00e9jour. Notre objectif est simple : permettre \u00e0 nos h\u00f4tes de se ressourcer et de profiter pleinement du soleil du Sud, d\u2019un cadre idyllique et des richesses de la C\u00f4te d\u2019Azur.\",\"sameAs\":[\"https:\\\/\\\/www.gitesdomainedelachapelle.com\",\"https:\\\/\\\/www.facebook.com\\\/patrice.campanella\\\/\",\"https:\\\/\\\/www.instagram.com\\\/piscine_jacuzzi_cotedazur\\\/\",\"https:\\\/\\\/www.linkedin.com\\\/in\\\/g\u00eetes-domaine-de-la-chapelle-avec-piscine-chauff\u00e9e-et-jacuzzi-privatifs-sur-la-c\u00f4te-d-azur-54053572\\\/\",\"https:\\\/\\\/fr.pinterest.com\\\/gitesdomainedelachapelle\\\/\",\"https:\\\/\\\/www.youtube.com\\\/@gitesdomainedelachapelle\"],\"url\":\"https:\\\/\\\/www.gitesdomainedelachapelle.com\\\/it\\\/author\\\/patrice\\\/\"}]}<\/script>\n<!-- \/ Yoast SEO plugin. -->","yoast_head_json":{"title":"Rallye Antibes C\u00f4te d\u2019Azur 2026 : \u00e9v\u00e9nement automobile","description":"Rallye Antibes C\u00f4te d\u2019Azur 2026 : un \u00e9v\u00e9nement automobile incontournable sur la French Riviera, entre sport et passion m\u00e9canique.","robots":{"index":"index","follow":"follow","max-snippet":"max-snippet:-1","max-image-preview":"max-image-preview:large","max-video-preview":"max-video-preview:-1"},"canonical":"https:\/\/www.gitesdomainedelachapelle.com\/it\/rallye-antibes-cote-azur-2026\/","og_locale":"it_IT","og_type":"article","og_title":"Rallye Antibes C\u00f4te d\u2019Azur 2026 : \u00e9v\u00e9nement automobile","og_description":"Rallye Antibes C\u00f4te d\u2019Azur 2026 : un \u00e9v\u00e9nement automobile incontournable sur la French Riviera, entre sport et passion m\u00e9canique.","og_url":"https:\/\/www.gitesdomainedelachapelle.com\/it\/rallye-antibes-cote-azur-2026\/","og_site_name":"G\u00eetes Domaine de la Chapelle","article_author":"https:\/\/www.facebook.com\/patrice.campanella\/","article_published_time":"2026-04-27T15:48:41+00:00","article_modified_time":"2026-04-27T15:48:45+00:00","og_image":[{"width":1008,"height":672,"url":"https:\/\/www.gitesdomainedelachapelle.com\/wp-content\/uploads\/2026\/04\/rallye-antibes-cote-azur-voiture-course-montagne-speciale-alpes-maritimes.webp","type":"image\/webp"}],"author":"Patrice","twitter_card":"summary_large_image","twitter_misc":{"Scritto da":"Patrice","Tempo di lettura stimato":"3 minuti"},"schema":{"@context":"https:\/\/schema.org","@graph":[{"@type":"Article","@id":"https:\/\/www.gitesdomainedelachapelle.com\/rallye-antibes-cote-azur-2026\/#article","isPartOf":{"@id":"https:\/\/www.gitesdomainedelachapelle.com\/rallye-antibes-cote-azur-2026\/"},"author":{"name":"Patrice","@id":"https:\/\/www.gitesdomainedelachapelle.com\/#\/schema\/person\/820b01290b5b0e5d56db451762c0e004"},"headline":"Rallye Antibes C\u00f4te d\u2019Azur 2026 : un \u00e9v\u00e9nement automobile incontournable","datePublished":"2026-04-27T15:48:41+00:00","dateModified":"2026-04-27T15:48:45+00:00","mainEntityOfPage":{"@id":"https:\/\/www.gitesdomainedelachapelle.com\/rallye-antibes-cote-azur-2026\/"},"wordCount":493,"commentCount":0,"publisher":{"@id":"https:\/\/www.gitesdomainedelachapelle.com\/#organization"},"image":{"@id":"https:\/\/www.gitesdomainedelachapelle.com\/rallye-antibes-cote-azur-2026\/#primaryimage"},"thumbnailUrl":"https:\/\/www.gitesdomainedelachapelle.com\/wp-content\/uploads\/2026\/04\/rallye-antibes-cote-azur-voiture-course-montagne-speciale-alpes-maritimes.webp","keywords":["antibes","\u00e9v\u00e9nement automobile","\u00e9v\u00e9nement C\u00f4te d\u2019Azur","rallye antibes c\u00f4te d\u2019azur"],"articleSection":["Evenements sur la C\u00f4te d'Azur"],"inLanguage":"it-IT","potentialAction":[{"@type":"CommentAction","name":"Comment","target":["https:\/\/www.gitesdomainedelachapelle.com\/rallye-antibes-cote-azur-2026\/#respond"]}]},{"@type":"WebPage","@id":"https:\/\/www.gitesdomainedelachapelle.com\/rallye-antibes-cote-azur-2026\/","url":"https:\/\/www.gitesdomainedelachapelle.com\/rallye-antibes-cote-azur-2026\/","name":"Rallye Antibes C\u00f4te d\u2019Azur 2026 : \u00e9v\u00e9nement automobile","isPartOf":{"@id":"https:\/\/www.gitesdomainedelachapelle.com\/#website"},"primaryImageOfPage":{"@id":"https:\/\/www.gitesdomainedelachapelle.com\/rallye-antibes-cote-azur-2026\/#primaryimage"},"image":{"@id":"https:\/\/www.gitesdomainedelachapelle.com\/rallye-antibes-cote-azur-2026\/#primaryimage"},"thumbnailUrl":"https:\/\/www.gitesdomainedelachapelle.com\/wp-content\/uploads\/2026\/04\/rallye-antibes-cote-azur-voiture-course-montagne-speciale-alpes-maritimes.webp","datePublished":"2026-04-27T15:48:41+00:00","dateModified":"2026-04-27T15:48:45+00:00","description":"Rallye Antibes C\u00f4te d\u2019Azur 2026 : un \u00e9v\u00e9nement automobile incontournable sur la French Riviera, entre sport et passion m\u00e9canique.","breadcrumb":{"@id":"https:\/\/www.gitesdomainedelachapelle.com\/rallye-antibes-cote-azur-2026\/#breadcrumb"},"inLanguage":"it-IT","potentialAction":[{"@type":"ReadAction","target":["https:\/\/www.gitesdomainedelachapelle.com\/rallye-antibes-cote-azur-2026\/"]}]},{"@type":"ImageObject","inLanguage":"it-IT","@id":"https:\/\/www.gitesdomainedelachapelle.com\/rallye-antibes-cote-azur-2026\/#primaryimage","url":"https:\/\/www.gitesdomainedelachapelle.com\/wp-content\/uploads\/2026\/04\/rallye-antibes-cote-azur-voiture-course-montagne-speciale-alpes-maritimes.webp","contentUrl":"https:\/\/www.gitesdomainedelachapelle.com\/wp-content\/uploads\/2026\/04\/rallye-antibes-cote-azur-voiture-course-montagne-speciale-alpes-maritimes.webp","width":1008,"height":672,"caption":"Arriv\u00e9e du Rallye Antibes C\u00f4te d\u2019Azur dans les Alpes-Maritimes"},{"@type":"BreadcrumbList","@id":"https:\/\/www.gitesdomainedelachapelle.com\/rallye-antibes-cote-azur-2026\/#breadcrumb","itemListElement":[{"@type":"ListItem","position":1,"name":"Accueil","item":"https:\/\/www.gitesdomainedelachapelle.com\/"},{"@type":"ListItem","position":2,"name":"Rallye Antibes C\u00f4te d\u2019Azur 2026 : un \u00e9v\u00e9nement automobile incontournable"}]},{"@type":"WebSite","@id":"https:\/\/www.gitesdomainedelachapelle.com\/#website","url":"https:\/\/www.gitesdomainedelachapelle.com\/","name":"Gites Domaine de la Chappelle","description":"G\u00eetes de charme avec piscine chauff\u00e9e et jacuzzi privatif sur la C\u00f4te d\u2019Azur","publisher":{"@id":"https:\/\/www.gitesdomainedelachapelle.com\/#organization"},"potentialAction":[{"@type":"SearchAction","target":{"@type":"EntryPoint","urlTemplate":"https:\/\/www.gitesdomainedelachapelle.com\/?s={search_term_string}"},"query-input":{"@type":"PropertyValueSpecification","valueRequired":true,"valueName":"search_term_string"}}],"inLanguage":"it-IT"},{"@type":"Organization","@id":"https:\/\/www.gitesdomainedelachapelle.com\/#organization","name":"Gites Domaine de la Chappelle","url":"https:\/\/www.gitesdomainedelachapelle.com\/","logo":{"@type":"ImageObject","inLanguage":"it-IT","@id":"https:\/\/www.gitesdomainedelachapelle.com\/#\/schema\/logo\/image\/","url":"https:\/\/www.gitesdomainedelachapelle.com\/wp-content\/uploads\/2025\/11\/LOGO-removebg-preview-1.webp","contentUrl":"https:\/\/www.gitesdomainedelachapelle.com\/wp-content\/uploads\/2025\/11\/LOGO-removebg-preview-1.webp","width":300,"height":300,"caption":"Gites Domaine de la Chappelle"},"image":{"@id":"https:\/\/www.gitesdomainedelachapelle.com\/#\/schema\/logo\/image\/"}},{"@type":"Person","@id":"https:\/\/www.gitesdomainedelachapelle.com\/#\/schema\/person\/820b01290b5b0e5d56db451762c0e004","name":"Patrice","pronouns":"nous","image":{"@type":"ImageObject","inLanguage":"it-IT","@id":"https:\/\/secure.gravatar.com\/avatar\/e3f93a01e7806e1fe58fdbecfe9ca6bb725d62824cfd4bcd93ab79fb93dc4f5d?s=96&d=mm&r=g","url":"https:\/\/secure.gravatar.com\/avatar\/e3f93a01e7806e1fe58fdbecfe9ca6bb725d62824cfd4bcd93ab79fb93dc4f5d?s=96&d=mm&r=g","contentUrl":"https:\/\/secure.gravatar.com\/avatar\/e3f93a01e7806e1fe58fdbecfe9ca6bb725d62824cfd4bcd93ab79fb93dc4f5d?s=96&d=mm&r=g","caption":"Patrice"},"description":"Propri\u00e9taire des G\u00eetes Domaine de la Chapelle, je propose des h\u00e9bergements de charme situ\u00e9s \u00e0 Roquefort-les-Pins, au c\u0153ur de l\u2019arri\u00e8re-pays ni\u00e7ois, entre Nice, Cannes et Grasse, sur la C\u00f4te d\u2019Azur. Nous proposons des locations de vacances haut de gamme, pens\u00e9es pour les couples \u00e0 la recherche d\u2019un s\u00e9jour en amoureux, d\u2019un week-end d\u00e9tente ou de vacances bien-\u00eatre en Provence, avec piscine chauff\u00e9e et jacuzzi privatif, dans un environnement calme, naturel et sans vis-\u00e0-vis. Chaque logement est con\u00e7u pour offrir confort, intimit\u00e9 et qualit\u00e9, avec une attention particuli\u00e8re port\u00e9e \u00e0 l\u2019accueil, aux \u00e9quipements et \u00e0 l\u2019exp\u00e9rience globale du s\u00e9jour. Notre objectif est simple : permettre \u00e0 nos h\u00f4tes de se ressourcer et de profiter pleinement du soleil du Sud, d\u2019un cadre idyllique et des richesses de la C\u00f4te d\u2019Azur.","sameAs":["https:\/\/www.gitesdomainedelachapelle.com","https:\/\/www.facebook.com\/patrice.campanella\/","https:\/\/www.instagram.com\/piscine_jacuzzi_cotedazur\/","https:\/\/www.linkedin.com\/in\/g\u00eetes-domaine-de-la-chapelle-avec-piscine-chauff\u00e9e-et-jacuzzi-privatifs-sur-la-c\u00f4te-d-azur-54053572\/","https:\/\/fr.pinterest.com\/gitesdomainedelachapelle\/","https:\/\/www.youtube.com\/@gitesdomainedelachapelle"],"url":"https:\/\/www.gitesdomainedelachapelle.com\/it\/author\/patrice\/"}]}},"_links":{"self":[{"href":"https:\/\/www.gitesdomainedelachapelle.com\/it\/wp-json\/wp\/v2\/posts\/26572265","targetHints":{"allow":["GET"]}}],"collection":[{"href":"https:\/\/www.gitesdomainedelachapelle.com\/it\/wp-json\/wp\/v2\/posts"}],"about":[{"href":"https:\/\/www.gitesdomainedelachapelle.com\/it\/wp-json\/wp\/v2\/types\/post"}],"author":[{"embeddable":true,"href":"https:\/\/www.gitesdomainedelachapelle.com\/it\/wp-json\/wp\/v2\/users\/3"}],"replies":[{"embeddable":true,"href":"https:\/\/www.gitesdomainedelachapelle.com\/it\/wp-json\/wp\/v2\/comments?post=26572265"}],"version-history":[{"count":1,"href":"https:\/\/www.gitesdomainedelachapelle.com\/it\/wp-json\/wp\/v2\/posts\/26572265\/revisions"}],"predecessor-version":[{"id":26572272,"href":"https:\/\/www.gitesdomainedelachapelle.com\/it\/wp-json\/wp\/v2\/posts\/26572265\/revisions\/26572272"}],"wp:featuredmedia":[{"embeddable":true,"href":"https:\/\/www.gitesdomainedelachapelle.com\/it\/wp-json\/wp\/v2\/media\/26572268"}],"wp:attachment":[{"href":"https:\/\/www.gitesdomainedelachapelle.com\/it\/wp-json\/wp\/v2\/media?parent=26572265"}],"wp:term":[{"taxonomy":"category","embeddable":true,"href":"https:\/\/www.gitesdomainedelachapelle.com\/it\/wp-json\/wp\/v2\/categories?post=26572265"},{"taxonomy":"post_tag","embeddable":true,"href":"https:\/\/www.gitesdomainedelachapelle.com\/it\/wp-json\/wp\/v2\/tags?post=26572265"},{"taxonomy":"dipi_cpt_category","embeddable":true,"href":"https:\/\/www.gitesdomainedelachapelle.com\/it\/wp-json\/wp\/v2\/dipi_cpt_category?post=26572265"}],"curies":[{"name":"wp","href":"https:\/\/api.w.org\/{rel}","templated":true}]}}