{"id":26572070,"date":"2026-04-22T06:24:18","date_gmt":"2026-04-22T05:24:18","guid":{"rendered":"https:\/\/www.gitesdomainedelachapelle.com\/?p=26572070"},"modified":"2026-04-22T06:28:17","modified_gmt":"2026-04-22T05:28:17","slug":"marches-provencaux-cote-azur","status":"publish","type":"post","link":"https:\/\/www.gitesdomainedelachapelle.com\/pt\/marches-provencaux-cote-azur\/","title":{"rendered":"Mercados proven\u00e7ais na C\u00f4te d'Azur: os mercados mais bonitos para descobrir"},"content":{"rendered":"<h2 class=\"wp-block-heading\">Onde encontrar os melhores mercados proven\u00e7ais na C\u00f4te d'Azur<\/h2>\n\n\n\n<p>A C\u00f4te d'Azur \u00e9 conhecida pelos seus mercados proven\u00e7ais, verdadeiros locais de conv\u00edvio onde se misturam cores, sabores e tradi\u00e7\u00f5es. Entre Nice, Antibes, Menton e Valbonne, cada mercado oferece um ambiente \u00fanico.<\/p>\n\n\n\n<p>Quer esteja \u00e0 procura de produtos locais, de especialidades proven\u00e7ais ou simplesmente de um passeio t\u00edpico, os mercados s\u00e3o uma paragem obrigat\u00f3ria.<\/p>\n\n\n\n<p>Na pr\u00e1tica, s\u00e3o muitas vezes os mercados mais aut\u00eanticos que oferecem a melhor experi\u00eancia.<\/p>\n\n\n\n<h2 class=\"wp-block-heading\">Porqu\u00ea visitar os mercados proven\u00e7ais<\/h2>\n\n\n\n<p>Os mercados da regi\u00e3o n\u00e3o s\u00e3o apenas locais de compra, s\u00e3o verdadeiras experi\u00eancias:<\/p>\n\n\n\n<ul class=\"wp-block-list\">\n<li>produtos frescos e da \u00e9poca<\/li>\n\n\n\n<li>produtores locais<\/li>\n\n\n\n<li>ambiente convivial<\/li>\n\n\n\n<li>artesanato regional<\/li>\n<\/ul>\n\n\n\n<p>\u00c9 tamb\u00e9m a ocasi\u00e3o para descobrir:<\/p>\n\n\n\n<ul class=\"wp-block-list\">\n<li>frutas e vegetais regionais<\/li>\n\n\n\n<li>azeites<\/li>\n\n\n\n<li>queijos<\/li>\n\n\n\n<li>especialidades proven\u00e7ais<\/li>\n<\/ul>\n\n\n\n<h2 class=\"wp-block-heading\">Os mais belos mercados proven\u00e7ais da Costa Azul<\/h2>\n\n\n\n<h3 class=\"wp-block-heading\">Mercado do Cours Saleya em Nice: o mais emblem\u00e1tico<\/h3>\n\n\n\n<p>O Cours Saleya \u00e9, sem d\u00favida, o mercado mais famoso da C\u00f4te d'Azur.<\/p>\n\n\n\n<p>Situado no cora\u00e7\u00e3o da Cidade Velha de Nice, atrai tanto os locais como os visitantes.<\/p>\n\n\n\n<p>L\u00e1 encontra-se:<\/p>\n\n\n\n<ul class=\"wp-block-list\">\n<li>frutas e legumes frescos<\/li>\n\n\n\n<li>flores<\/li>\n\n\n\n<li>especialidades de Nice<\/li>\n<\/ul>\n\n\n\n<p>O ambiente \u00e9 particularmente animado, com as suas cores e perfumes t\u00edpicos.<\/p>\n\n\n\n<p>\ud83d\udc49 Ideal para uma imers\u00e3o completa na cultura proven\u00e7al.<\/p>\n\n\n\n<hr class=\"wp-block-separator has-alpha-channel-opacity\"\/>\n\n\n\n<h3 class=\"wp-block-heading\">Mercado proven\u00e7al de Antibes: autenticidade e produtos locais<\/h3>\n\n\n\n<p>O mercado proven\u00e7al de Antibes \u00e9 um ponto de paragem obrigat\u00f3rio na cidade velha.<\/p>\n\n\n\n<p>Instalado num ambiente encantador, oferece:<\/p>\n\n\n\n<ul class=\"wp-block-list\">\n<li>Produtos regionais<\/li>\n\n\n\n<li>especiarias<\/li>\n\n\n\n<li>queijos<\/li>\n\n\n\n<li>Especialidades locais<\/li>\n<\/ul>\n\n\n\n<p>\u00c9 um mercado apreciado por:<\/p>\n\n\n\n<ul class=\"wp-block-list\">\n<li>a sua autenticidade<\/li>\n\n\n\n<li>o seu quadro t\u00edpico<\/li>\n\n\n\n<li>a qualidade dos produtos<\/li>\n<\/ul>\n\n\n\n<p>\ud83d\udc49 Perfeito para um passeio gastron\u00f3mico.<\/p>\n\n\n\n<hr class=\"wp-block-separator has-alpha-channel-opacity\"\/>\n\n\n\n<h3 class=\"wp-block-heading\">Mercado de Menton: entre mar e tradi\u00e7\u00f5es<\/h3>\n\n\n\n<p>O Mercado das Halles de Menton oferece uma experi\u00eancia diferente, na fronteira italiana.<\/p>\n\n\n\n<p>Encontra-se l\u00e1:<\/p>\n\n\n\n<ul class=\"wp-block-list\">\n<li>produtos mediterr\u00e2nicos<\/li>\n\n\n\n<li>Especialidades locais<\/li>\n\n\n\n<li>ambiente acolhedor<\/li>\n<\/ul>\n\n\n\n<p>Sendo Menton conhecida pelos seus citrinos, poder\u00e1 descobrir produtos \u00fanicos ligados ao lim\u00e3o.<\/p>\n\n\n\n<p>\ud83d\udc49 Ideal para descobrir outra faceta da C\u00f4te d'Azur.<\/p>\n\n\n\n<hr class=\"wp-block-separator has-alpha-channel-opacity\"\/>\n\n\n\n<h3 class=\"wp-block-heading\">Mercado de Valbonne: charme e conv\u00edvio nas ruas pedonais<\/h3>\n\n\n\n<p>O mercado de Valbonne \u00e9 um dos mercados mais apreciados do interior.<\/p>\n\n\n\n<p>\ud83d\udc49 Ele est\u00e1 de p\u00e9 <strong>todas as sextas-feiras<\/strong> dentro dos <strong>ruas pedonais da aldeia<\/strong>, oferecendo uma atmosfera particularmente aut\u00eantica.<\/p>\n\n\n\n<p>L\u00e1 encontra-se:<\/p>\n\n\n\n<ul class=\"wp-block-list\">\n<li>Produtos locais<\/li>\n\n\n\n<li>artesanato<\/li>\n\n\n\n<li>especialidades proven\u00e7ais<\/li>\n<\/ul>\n\n\n\n<p>Este mercado distingue-se por:<\/p>\n\n\n\n<ul class=\"wp-block-list\">\n<li>o seu ambiente conv\u00edvio<\/li>\n\n\n\n<li>o seu quadro t\u00edpico<\/li>\n\n\n\n<li>as suas ruelas cheias de encanto<\/li>\n<\/ul>\n\n\n\n<p>Na pr\u00e1tica, \u00e9 um mercado de dimens\u00e3o humana onde se tem tempo para vaguear e descobrir os produtos.<\/p>\n\n\n\n<p>\ud83d\udc49 Ideal para um momento aut\u00eantico, longe da agita\u00e7\u00e3o.<\/p>\n\n\n\n<hr class=\"wp-block-separator has-alpha-channel-opacity\"\/>\n\n\n\n<h2 class=\"wp-block-heading\">Como aproveitar ao m\u00e1ximo os mercados proven\u00e7ais<\/h2>\n\n\n\n<p>Para viver uma experi\u00eancia real, algumas dicas simples:<\/p>\n\n\n\n<h3 class=\"wp-block-heading\">Chegar cedo<\/h3>\n\n\n\n<p>Os melhores produtos vendem rapidamente, especialmente na \u00e9poca alta.<\/p>\n\n\n\n<h3 class=\"wp-block-heading\">Dedicar tempo a conversar<\/h3>\n\n\n\n<p>Os produtores locais partilham frequentemente as suas paix\u00f5es e conselhos.<\/p>\n\n\n\n<h3 class=\"wp-block-heading\">Provar no local<\/h3>\n\n\n\n<p>\u00c9 a melhor forma de descobrir as especialidades regionais.<\/p>\n\n\n\n<h2 class=\"wp-block-heading\">Os erros a evitar<\/h2>\n\n\n\n<ul class=\"wp-block-list\">\n<li>chegar demasiado tarde<\/li>\n\n\n\n<li>limitar-se \u00e0s bancas tur\u00edsticas<\/li>\n\n\n\n<li>n\u00e3o comparar os produtos<\/li>\n\n\n\n<li>esquecer de prever dinheiro em esp\u00e9cie<\/li>\n<\/ul>\n\n\n\n<h2 class=\"wp-block-heading\">Desfrute dos mercados durante a sua estadia<\/h2>\n\n\n\n<p>Visitar os mercados proven\u00e7ais \u00e9 descobrir a alma da C\u00f4te d'Azur. Cada mercado oferece uma experi\u00eancia diferente entre gastronomia, tradi\u00e7\u00f5es e conv\u00edvio.<\/p>\n\n\n\n<p>Na pr\u00e1tica, integrar um mercado na sua estadia permite viver a regi\u00e3o como um local.<\/p>\n\n\n\n<h2 class=\"wp-block-heading\">Ficar perto dos mercados<\/h2>\n\n\n\n<p>Para aproveitar ao m\u00e1ximo a sua estadia na C\u00f4te d\u2019Azur e aceder facilmente aos mercados, \u00e9 aconselh\u00e1vel ficar alojado nas proximidades.<\/p>\n\n\n\n<figure class=\"wp-block-embed is-type-wp-embed is-provider-g-tes-domaine-de-la-chapelle wp-block-embed-g-tes-domaine-de-la-chapelle\"><div class=\"wp-block-embed__wrapper\">\n<blockquote class=\"wp-embedded-content\" data-secret=\"WIxnYt0zw8\"><a href=\"https:\/\/www.gitesdomainedelachapelle.com\/nos-appartements\/\">Nos Apartamentos<\/a><\/blockquote><iframe loading=\"lazy\" class=\"wp-embedded-content\" sandbox=\"allow-scripts\" security=\"restricted\" style=\"position: absolute; visibility: hidden;\" title=\"\u00ab Apartamentos \u00bb \u2014 G\u00eetes Domaine de la Chapelle\" src=\"https:\/\/www.gitesdomainedelachapelle.com\/nos-appartements\/embed\/#?secret=RwuUWonHLC#?secret=WIxnYt0zw8\" data-secret=\"WIxnYt0zw8\" width=\"600\" height=\"338\" frameborder=\"0\" marginwidth=\"0\" marginheight=\"0\" scrolling=\"no\"><\/iframe>\n<\/div><\/figure>","protected":false},"excerpt":{"rendered":"<p>O\u00f9 trouver les meilleurs march\u00e9s proven\u00e7aux sur la C\u00f4te d\u2019Azur La C\u00f4te d\u2019Azur est r\u00e9put\u00e9e pour ses march\u00e9s proven\u00e7aux, v\u00e9ritables lieux de vie o\u00f9 se m\u00ealent couleurs, saveurs et traditions. Entre Nice, Antibes, Menton et Valbonne, chaque march\u00e9 offre une ambiance unique. Que vous soyez \u00e0 la recherche de produits locaux, de sp\u00e9cialit\u00e9s proven\u00e7ales ou [&hellip;]<\/p>\n","protected":false},"author":3,"featured_media":26572072,"comment_status":"open","ping_status":"open","sticky":false,"template":"","format":"standard","meta":{"_et_pb_use_builder":"off","_et_pb_old_content":"","_et_gb_content_width":"","footnotes":""},"categories":[18],"tags":[105,114,101,103,100,112,107,113,102,111,106,108,109,110,104],"dipi_cpt_category":[],"class_list":["post-26572070","post","type-post","status-publish","format-standard","has-post-thumbnail","hentry","category-activites-idees","tag-marche-antibes","tag-marche-cote-dazur","tag-marche-du-sud-de-la-france","tag-marche-menton","tag-marche-nice-cours-saleya","tag-marche-traditionnel","tag-marche-valbonne-vendredi","tag-marches-provencaux","tag-produits-locaux-provence","tag-que-faire-cote-dazur","tag-sejour-provence","tag-specialites-provencales","tag-tourisme-cote-dazur","tag-villages-provencaux","tag-visite-cote-dazur"],"yoast_head":"<!-- This site is optimized with the Yoast SEO plugin v27.4 - https:\/\/yoast.com\/product\/yoast-seo-wordpress\/ -->\n<title>March\u00e9s proven\u00e7aux C\u00f4te d\u2019Azur : les plus beaux \u00e0 d\u00e9couvrir<\/title>\n<meta name=\"description\" content=\"D\u00e9couvrez les plus beaux march\u00e9s proven\u00e7aux de la C\u00f4te d\u2019Azur : produits locaux, ambiance typique et villages authentiques.\" \/>\n<meta name=\"robots\" content=\"index, follow, max-snippet:-1, max-image-preview:large, max-video-preview:-1\" \/>\n<link rel=\"canonical\" href=\"https:\/\/www.gitesdomainedelachapelle.com\/pt\/marches-provencaux-cote-azur\/\" \/>\n<meta property=\"og:locale\" content=\"pt_PT\" \/>\n<meta property=\"og:type\" content=\"article\" \/>\n<meta property=\"og:title\" content=\"March\u00e9s proven\u00e7aux C\u00f4te d\u2019Azur : les plus beaux \u00e0 d\u00e9couvrir\" \/>\n<meta property=\"og:description\" content=\"D\u00e9couvrez les plus beaux march\u00e9s proven\u00e7aux de la C\u00f4te d\u2019Azur : produits locaux, ambiance typique et villages authentiques.\" \/>\n<meta property=\"og:url\" content=\"https:\/\/www.gitesdomainedelachapelle.com\/pt\/marches-provencaux-cote-azur\/\" \/>\n<meta property=\"og:site_name\" content=\"G\u00eetes Domaine de la Chapelle\" \/>\n<meta property=\"article:author\" content=\"https:\/\/www.facebook.com\/patrice.campanella\/\" \/>\n<meta property=\"article:published_time\" content=\"2026-04-22T05:24:18+00:00\" \/>\n<meta property=\"article:modified_time\" content=\"2026-04-22T05:28:17+00:00\" \/>\n<meta property=\"og:image\" content=\"https:\/\/www.gitesdomainedelachapelle.com\/wp-content\/uploads\/2026\/04\/produits-terroir-valbonne-marche.webp\" \/>\n\t<meta property=\"og:image:width\" content=\"1600\" \/>\n\t<meta property=\"og:image:height\" content=\"1067\" \/>\n\t<meta property=\"og:image:type\" content=\"image\/webp\" \/>\n<meta name=\"author\" content=\"Patrice\" \/>\n<meta name=\"twitter:card\" content=\"summary_large_image\" \/>\n<meta name=\"twitter:label1\" content=\"Escrito por\" \/>\n\t<meta name=\"twitter:data1\" content=\"Patrice\" \/>\n\t<meta name=\"twitter:label2\" content=\"Tempo estimado de leitura\" \/>\n\t<meta name=\"twitter:data2\" content=\"4 minutos\" \/>\n<script type=\"application\/ld+json\" class=\"yoast-schema-graph\">{\"@context\":\"https:\\\/\\\/schema.org\",\"@graph\":[{\"@type\":\"Article\",\"@id\":\"https:\\\/\\\/www.gitesdomainedelachapelle.com\\\/marches-provencaux-cote-azur\\\/#article\",\"isPartOf\":{\"@id\":\"https:\\\/\\\/www.gitesdomainedelachapelle.com\\\/marches-provencaux-cote-azur\\\/\"},\"author\":{\"name\":\"Patrice\",\"@id\":\"https:\\\/\\\/www.gitesdomainedelachapelle.com\\\/#\\\/schema\\\/person\\\/820b01290b5b0e5d56db451762c0e004\"},\"headline\":\"March\u00e9s proven\u00e7aux sur la C\u00f4te d\u2019Azur : les plus beaux march\u00e9s \u00e0 d\u00e9couvrir\",\"datePublished\":\"2026-04-22T05:24:18+00:00\",\"dateModified\":\"2026-04-22T05:28:17+00:00\",\"mainEntityOfPage\":{\"@id\":\"https:\\\/\\\/www.gitesdomainedelachapelle.com\\\/marches-provencaux-cote-azur\\\/\"},\"wordCount\":691,\"commentCount\":0,\"publisher\":{\"@id\":\"https:\\\/\\\/www.gitesdomainedelachapelle.com\\\/#organization\"},\"image\":{\"@id\":\"https:\\\/\\\/www.gitesdomainedelachapelle.com\\\/marches-provencaux-cote-azur\\\/#primaryimage\"},\"thumbnailUrl\":\"https:\\\/\\\/www.gitesdomainedelachapelle.com\\\/wp-content\\\/uploads\\\/2026\\\/04\\\/produits-terroir-valbonne-marche.webp\",\"keywords\":[\"march\u00e9 Antibes\",\"march\u00e9 C\u00f4te d\u2019Azur\",\"march\u00e9 du sud de la France\",\"march\u00e9 Menton\",\"march\u00e9 Nice cours Saleya\",\"march\u00e9 traditionnel\",\"march\u00e9 Valbonne vendredi\",\"march\u00e9s proven\u00e7aux\",\"produits locaux Provence\",\"que faire C\u00f4te d\u2019Azur\",\"s\u00e9jour Provence\",\"sp\u00e9cialit\u00e9s proven\u00e7ales\",\"tourisme C\u00f4te d\u2019Azur\",\"villages proven\u00e7aux\",\"visite C\u00f4te d\u2019Azur\"],\"articleSection\":[\"Activit\u00e9s\"],\"inLanguage\":\"pt-PT\",\"potentialAction\":[{\"@type\":\"CommentAction\",\"name\":\"Comment\",\"target\":[\"https:\\\/\\\/www.gitesdomainedelachapelle.com\\\/marches-provencaux-cote-azur\\\/#respond\"]}]},{\"@type\":\"WebPage\",\"@id\":\"https:\\\/\\\/www.gitesdomainedelachapelle.com\\\/marches-provencaux-cote-azur\\\/\",\"url\":\"https:\\\/\\\/www.gitesdomainedelachapelle.com\\\/marches-provencaux-cote-azur\\\/\",\"name\":\"March\u00e9s proven\u00e7aux C\u00f4te d\u2019Azur : les plus beaux \u00e0 d\u00e9couvrir\",\"isPartOf\":{\"@id\":\"https:\\\/\\\/www.gitesdomainedelachapelle.com\\\/#website\"},\"primaryImageOfPage\":{\"@id\":\"https:\\\/\\\/www.gitesdomainedelachapelle.com\\\/marches-provencaux-cote-azur\\\/#primaryimage\"},\"image\":{\"@id\":\"https:\\\/\\\/www.gitesdomainedelachapelle.com\\\/marches-provencaux-cote-azur\\\/#primaryimage\"},\"thumbnailUrl\":\"https:\\\/\\\/www.gitesdomainedelachapelle.com\\\/wp-content\\\/uploads\\\/2026\\\/04\\\/produits-terroir-valbonne-marche.webp\",\"datePublished\":\"2026-04-22T05:24:18+00:00\",\"dateModified\":\"2026-04-22T05:28:17+00:00\",\"description\":\"D\u00e9couvrez les plus beaux march\u00e9s proven\u00e7aux de la C\u00f4te d\u2019Azur : produits locaux, ambiance typique et villages authentiques.\",\"breadcrumb\":{\"@id\":\"https:\\\/\\\/www.gitesdomainedelachapelle.com\\\/marches-provencaux-cote-azur\\\/#breadcrumb\"},\"inLanguage\":\"pt-PT\",\"potentialAction\":[{\"@type\":\"ReadAction\",\"target\":[\"https:\\\/\\\/www.gitesdomainedelachapelle.com\\\/marches-provencaux-cote-azur\\\/\"]}]},{\"@type\":\"ImageObject\",\"inLanguage\":\"pt-PT\",\"@id\":\"https:\\\/\\\/www.gitesdomainedelachapelle.com\\\/marches-provencaux-cote-azur\\\/#primaryimage\",\"url\":\"https:\\\/\\\/www.gitesdomainedelachapelle.com\\\/wp-content\\\/uploads\\\/2026\\\/04\\\/produits-terroir-valbonne-marche.webp\",\"contentUrl\":\"https:\\\/\\\/www.gitesdomainedelachapelle.com\\\/wp-content\\\/uploads\\\/2026\\\/04\\\/produits-terroir-valbonne-marche.webp\",\"width\":1600,\"height\":1067,\"caption\":\"Produits locaux sur un march\u00e9 proven\u00e7al typique de la C\u00f4te d\u2019Azur.\"},{\"@type\":\"BreadcrumbList\",\"@id\":\"https:\\\/\\\/www.gitesdomainedelachapelle.com\\\/marches-provencaux-cote-azur\\\/#breadcrumb\",\"itemListElement\":[{\"@type\":\"ListItem\",\"position\":1,\"name\":\"Accueil\",\"item\":\"https:\\\/\\\/www.gitesdomainedelachapelle.com\\\/\"},{\"@type\":\"ListItem\",\"position\":2,\"name\":\"March\u00e9s proven\u00e7aux sur la C\u00f4te d\u2019Azur : les plus beaux march\u00e9s \u00e0 d\u00e9couvrir\"}]},{\"@type\":\"WebSite\",\"@id\":\"https:\\\/\\\/www.gitesdomainedelachapelle.com\\\/#website\",\"url\":\"https:\\\/\\\/www.gitesdomainedelachapelle.com\\\/\",\"name\":\"Gites Domaine de la Chappelle\",\"description\":\"G\u00eetes de charme avec piscine chauff\u00e9e et jacuzzi privatif sur la C\u00f4te d\u2019Azur\",\"publisher\":{\"@id\":\"https:\\\/\\\/www.gitesdomainedelachapelle.com\\\/#organization\"},\"potentialAction\":[{\"@type\":\"SearchAction\",\"target\":{\"@type\":\"EntryPoint\",\"urlTemplate\":\"https:\\\/\\\/www.gitesdomainedelachapelle.com\\\/?s={search_term_string}\"},\"query-input\":{\"@type\":\"PropertyValueSpecification\",\"valueRequired\":true,\"valueName\":\"search_term_string\"}}],\"inLanguage\":\"pt-PT\"},{\"@type\":\"Organization\",\"@id\":\"https:\\\/\\\/www.gitesdomainedelachapelle.com\\\/#organization\",\"name\":\"Gites Domaine de la Chappelle\",\"url\":\"https:\\\/\\\/www.gitesdomainedelachapelle.com\\\/\",\"logo\":{\"@type\":\"ImageObject\",\"inLanguage\":\"pt-PT\",\"@id\":\"https:\\\/\\\/www.gitesdomainedelachapelle.com\\\/#\\\/schema\\\/logo\\\/image\\\/\",\"url\":\"https:\\\/\\\/www.gitesdomainedelachapelle.com\\\/wp-content\\\/uploads\\\/2025\\\/11\\\/LOGO-removebg-preview-1.webp\",\"contentUrl\":\"https:\\\/\\\/www.gitesdomainedelachapelle.com\\\/wp-content\\\/uploads\\\/2025\\\/11\\\/LOGO-removebg-preview-1.webp\",\"width\":300,\"height\":300,\"caption\":\"Gites Domaine de la Chappelle\"},\"image\":{\"@id\":\"https:\\\/\\\/www.gitesdomainedelachapelle.com\\\/#\\\/schema\\\/logo\\\/image\\\/\"}},{\"@type\":\"Person\",\"@id\":\"https:\\\/\\\/www.gitesdomainedelachapelle.com\\\/#\\\/schema\\\/person\\\/820b01290b5b0e5d56db451762c0e004\",\"name\":\"Patrice\",\"pronouns\":\"nous\",\"image\":{\"@type\":\"ImageObject\",\"inLanguage\":\"pt-PT\",\"@id\":\"https:\\\/\\\/secure.gravatar.com\\\/avatar\\\/e3f93a01e7806e1fe58fdbecfe9ca6bb725d62824cfd4bcd93ab79fb93dc4f5d?s=96&d=mm&r=g\",\"url\":\"https:\\\/\\\/secure.gravatar.com\\\/avatar\\\/e3f93a01e7806e1fe58fdbecfe9ca6bb725d62824cfd4bcd93ab79fb93dc4f5d?s=96&d=mm&r=g\",\"contentUrl\":\"https:\\\/\\\/secure.gravatar.com\\\/avatar\\\/e3f93a01e7806e1fe58fdbecfe9ca6bb725d62824cfd4bcd93ab79fb93dc4f5d?s=96&d=mm&r=g\",\"caption\":\"Patrice\"},\"description\":\"Propri\u00e9taire des G\u00eetes Domaine de la Chapelle, je propose des h\u00e9bergements de charme situ\u00e9s \u00e0 Roquefort-les-Pins, au c\u0153ur de l\u2019arri\u00e8re-pays ni\u00e7ois, entre Nice, Cannes et Grasse, sur la C\u00f4te d\u2019Azur. Nous proposons des locations de vacances haut de gamme, pens\u00e9es pour les couples \u00e0 la recherche d\u2019un s\u00e9jour en amoureux, d\u2019un week-end d\u00e9tente ou de vacances bien-\u00eatre en Provence, avec piscine chauff\u00e9e et jacuzzi privatif, dans un environnement calme, naturel et sans vis-\u00e0-vis. Chaque logement est con\u00e7u pour offrir confort, intimit\u00e9 et qualit\u00e9, avec une attention particuli\u00e8re port\u00e9e \u00e0 l\u2019accueil, aux \u00e9quipements et \u00e0 l\u2019exp\u00e9rience globale du s\u00e9jour. Notre objectif est simple : permettre \u00e0 nos h\u00f4tes de se ressourcer et de profiter pleinement du soleil du Sud, d\u2019un cadre idyllique et des richesses de la C\u00f4te d\u2019Azur.\",\"sameAs\":[\"https:\\\/\\\/www.gitesdomainedelachapelle.com\",\"https:\\\/\\\/www.facebook.com\\\/patrice.campanella\\\/\",\"https:\\\/\\\/www.instagram.com\\\/piscine_jacuzzi_cotedazur\\\/\",\"https:\\\/\\\/www.linkedin.com\\\/in\\\/g\u00eetes-domaine-de-la-chapelle-avec-piscine-chauff\u00e9e-et-jacuzzi-privatifs-sur-la-c\u00f4te-d-azur-54053572\\\/\",\"https:\\\/\\\/fr.pinterest.com\\\/gitesdomainedelachapelle\\\/\",\"https:\\\/\\\/www.youtube.com\\\/@gitesdomainedelachapelle\"],\"url\":\"https:\\\/\\\/www.gitesdomainedelachapelle.com\\\/pt\\\/author\\\/patrice\\\/\"}]}<\/script>\n<!-- \/ Yoast SEO plugin. -->","yoast_head_json":{"title":"March\u00e9s proven\u00e7aux C\u00f4te d\u2019Azur : les plus beaux \u00e0 d\u00e9couvrir","description":"D\u00e9couvrez les plus beaux march\u00e9s proven\u00e7aux de la C\u00f4te d\u2019Azur : produits locaux, ambiance typique et villages authentiques.","robots":{"index":"index","follow":"follow","max-snippet":"max-snippet:-1","max-image-preview":"max-image-preview:large","max-video-preview":"max-video-preview:-1"},"canonical":"https:\/\/www.gitesdomainedelachapelle.com\/pt\/marches-provencaux-cote-azur\/","og_locale":"pt_PT","og_type":"article","og_title":"March\u00e9s proven\u00e7aux C\u00f4te d\u2019Azur : les plus beaux \u00e0 d\u00e9couvrir","og_description":"D\u00e9couvrez les plus beaux march\u00e9s proven\u00e7aux de la C\u00f4te d\u2019Azur : produits locaux, ambiance typique et villages authentiques.","og_url":"https:\/\/www.gitesdomainedelachapelle.com\/pt\/marches-provencaux-cote-azur\/","og_site_name":"G\u00eetes Domaine de la Chapelle","article_author":"https:\/\/www.facebook.com\/patrice.campanella\/","article_published_time":"2026-04-22T05:24:18+00:00","article_modified_time":"2026-04-22T05:28:17+00:00","og_image":[{"width":1600,"height":1067,"url":"https:\/\/www.gitesdomainedelachapelle.com\/wp-content\/uploads\/2026\/04\/produits-terroir-valbonne-marche.webp","type":"image\/webp"}],"author":"Patrice","twitter_card":"summary_large_image","twitter_misc":{"Escrito por":"Patrice","Tempo estimado de leitura":"4 minutos"},"schema":{"@context":"https:\/\/schema.org","@graph":[{"@type":"Article","@id":"https:\/\/www.gitesdomainedelachapelle.com\/marches-provencaux-cote-azur\/#article","isPartOf":{"@id":"https:\/\/www.gitesdomainedelachapelle.com\/marches-provencaux-cote-azur\/"},"author":{"name":"Patrice","@id":"https:\/\/www.gitesdomainedelachapelle.com\/#\/schema\/person\/820b01290b5b0e5d56db451762c0e004"},"headline":"March\u00e9s proven\u00e7aux sur la C\u00f4te d\u2019Azur : les plus beaux march\u00e9s \u00e0 d\u00e9couvrir","datePublished":"2026-04-22T05:24:18+00:00","dateModified":"2026-04-22T05:28:17+00:00","mainEntityOfPage":{"@id":"https:\/\/www.gitesdomainedelachapelle.com\/marches-provencaux-cote-azur\/"},"wordCount":691,"commentCount":0,"publisher":{"@id":"https:\/\/www.gitesdomainedelachapelle.com\/#organization"},"image":{"@id":"https:\/\/www.gitesdomainedelachapelle.com\/marches-provencaux-cote-azur\/#primaryimage"},"thumbnailUrl":"https:\/\/www.gitesdomainedelachapelle.com\/wp-content\/uploads\/2026\/04\/produits-terroir-valbonne-marche.webp","keywords":["march\u00e9 Antibes","march\u00e9 C\u00f4te d\u2019Azur","march\u00e9 du sud de la France","march\u00e9 Menton","march\u00e9 Nice cours Saleya","march\u00e9 traditionnel","march\u00e9 Valbonne vendredi","march\u00e9s proven\u00e7aux","produits locaux Provence","que faire C\u00f4te d\u2019Azur","s\u00e9jour Provence","sp\u00e9cialit\u00e9s proven\u00e7ales","tourisme C\u00f4te d\u2019Azur","villages proven\u00e7aux","visite C\u00f4te d\u2019Azur"],"articleSection":["Activit\u00e9s"],"inLanguage":"pt-PT","potentialAction":[{"@type":"CommentAction","name":"Comment","target":["https:\/\/www.gitesdomainedelachapelle.com\/marches-provencaux-cote-azur\/#respond"]}]},{"@type":"WebPage","@id":"https:\/\/www.gitesdomainedelachapelle.com\/marches-provencaux-cote-azur\/","url":"https:\/\/www.gitesdomainedelachapelle.com\/marches-provencaux-cote-azur\/","name":"March\u00e9s proven\u00e7aux C\u00f4te d\u2019Azur : les plus beaux \u00e0 d\u00e9couvrir","isPartOf":{"@id":"https:\/\/www.gitesdomainedelachapelle.com\/#website"},"primaryImageOfPage":{"@id":"https:\/\/www.gitesdomainedelachapelle.com\/marches-provencaux-cote-azur\/#primaryimage"},"image":{"@id":"https:\/\/www.gitesdomainedelachapelle.com\/marches-provencaux-cote-azur\/#primaryimage"},"thumbnailUrl":"https:\/\/www.gitesdomainedelachapelle.com\/wp-content\/uploads\/2026\/04\/produits-terroir-valbonne-marche.webp","datePublished":"2026-04-22T05:24:18+00:00","dateModified":"2026-04-22T05:28:17+00:00","description":"D\u00e9couvrez les plus beaux march\u00e9s proven\u00e7aux de la C\u00f4te d\u2019Azur : produits locaux, ambiance typique et villages authentiques.","breadcrumb":{"@id":"https:\/\/www.gitesdomainedelachapelle.com\/marches-provencaux-cote-azur\/#breadcrumb"},"inLanguage":"pt-PT","potentialAction":[{"@type":"ReadAction","target":["https:\/\/www.gitesdomainedelachapelle.com\/marches-provencaux-cote-azur\/"]}]},{"@type":"ImageObject","inLanguage":"pt-PT","@id":"https:\/\/www.gitesdomainedelachapelle.com\/marches-provencaux-cote-azur\/#primaryimage","url":"https:\/\/www.gitesdomainedelachapelle.com\/wp-content\/uploads\/2026\/04\/produits-terroir-valbonne-marche.webp","contentUrl":"https:\/\/www.gitesdomainedelachapelle.com\/wp-content\/uploads\/2026\/04\/produits-terroir-valbonne-marche.webp","width":1600,"height":1067,"caption":"Produits locaux sur un march\u00e9 proven\u00e7al typique de la C\u00f4te d\u2019Azur."},{"@type":"BreadcrumbList","@id":"https:\/\/www.gitesdomainedelachapelle.com\/marches-provencaux-cote-azur\/#breadcrumb","itemListElement":[{"@type":"ListItem","position":1,"name":"Accueil","item":"https:\/\/www.gitesdomainedelachapelle.com\/"},{"@type":"ListItem","position":2,"name":"March\u00e9s proven\u00e7aux sur la C\u00f4te d\u2019Azur : les plus beaux march\u00e9s \u00e0 d\u00e9couvrir"}]},{"@type":"WebSite","@id":"https:\/\/www.gitesdomainedelachapelle.com\/#website","url":"https:\/\/www.gitesdomainedelachapelle.com\/","name":"Gites Domaine de la Chappelle","description":"G\u00eetes de charme avec piscine chauff\u00e9e et jacuzzi privatif sur la C\u00f4te d\u2019Azur","publisher":{"@id":"https:\/\/www.gitesdomainedelachapelle.com\/#organization"},"potentialAction":[{"@type":"SearchAction","target":{"@type":"EntryPoint","urlTemplate":"https:\/\/www.gitesdomainedelachapelle.com\/?s={search_term_string}"},"query-input":{"@type":"PropertyValueSpecification","valueRequired":true,"valueName":"search_term_string"}}],"inLanguage":"pt-PT"},{"@type":"Organization","@id":"https:\/\/www.gitesdomainedelachapelle.com\/#organization","name":"Gites Domaine de la Chappelle","url":"https:\/\/www.gitesdomainedelachapelle.com\/","logo":{"@type":"ImageObject","inLanguage":"pt-PT","@id":"https:\/\/www.gitesdomainedelachapelle.com\/#\/schema\/logo\/image\/","url":"https:\/\/www.gitesdomainedelachapelle.com\/wp-content\/uploads\/2025\/11\/LOGO-removebg-preview-1.webp","contentUrl":"https:\/\/www.gitesdomainedelachapelle.com\/wp-content\/uploads\/2025\/11\/LOGO-removebg-preview-1.webp","width":300,"height":300,"caption":"Gites Domaine de la Chappelle"},"image":{"@id":"https:\/\/www.gitesdomainedelachapelle.com\/#\/schema\/logo\/image\/"}},{"@type":"Person","@id":"https:\/\/www.gitesdomainedelachapelle.com\/#\/schema\/person\/820b01290b5b0e5d56db451762c0e004","name":"Patrice","pronouns":"nous","image":{"@type":"ImageObject","inLanguage":"pt-PT","@id":"https:\/\/secure.gravatar.com\/avatar\/e3f93a01e7806e1fe58fdbecfe9ca6bb725d62824cfd4bcd93ab79fb93dc4f5d?s=96&d=mm&r=g","url":"https:\/\/secure.gravatar.com\/avatar\/e3f93a01e7806e1fe58fdbecfe9ca6bb725d62824cfd4bcd93ab79fb93dc4f5d?s=96&d=mm&r=g","contentUrl":"https:\/\/secure.gravatar.com\/avatar\/e3f93a01e7806e1fe58fdbecfe9ca6bb725d62824cfd4bcd93ab79fb93dc4f5d?s=96&d=mm&r=g","caption":"Patrice"},"description":"Propri\u00e9taire des G\u00eetes Domaine de la Chapelle, je propose des h\u00e9bergements de charme situ\u00e9s \u00e0 Roquefort-les-Pins, au c\u0153ur de l\u2019arri\u00e8re-pays ni\u00e7ois, entre Nice, Cannes et Grasse, sur la C\u00f4te d\u2019Azur. Nous proposons des locations de vacances haut de gamme, pens\u00e9es pour les couples \u00e0 la recherche d\u2019un s\u00e9jour en amoureux, d\u2019un week-end d\u00e9tente ou de vacances bien-\u00eatre en Provence, avec piscine chauff\u00e9e et jacuzzi privatif, dans un environnement calme, naturel et sans vis-\u00e0-vis. Chaque logement est con\u00e7u pour offrir confort, intimit\u00e9 et qualit\u00e9, avec une attention particuli\u00e8re port\u00e9e \u00e0 l\u2019accueil, aux \u00e9quipements et \u00e0 l\u2019exp\u00e9rience globale du s\u00e9jour. Notre objectif est simple : permettre \u00e0 nos h\u00f4tes de se ressourcer et de profiter pleinement du soleil du Sud, d\u2019un cadre idyllique et des richesses de la C\u00f4te d\u2019Azur.","sameAs":["https:\/\/www.gitesdomainedelachapelle.com","https:\/\/www.facebook.com\/patrice.campanella\/","https:\/\/www.instagram.com\/piscine_jacuzzi_cotedazur\/","https:\/\/www.linkedin.com\/in\/g\u00eetes-domaine-de-la-chapelle-avec-piscine-chauff\u00e9e-et-jacuzzi-privatifs-sur-la-c\u00f4te-d-azur-54053572\/","https:\/\/fr.pinterest.com\/gitesdomainedelachapelle\/","https:\/\/www.youtube.com\/@gitesdomainedelachapelle"],"url":"https:\/\/www.gitesdomainedelachapelle.com\/pt\/author\/patrice\/"}]}},"_links":{"self":[{"href":"https:\/\/www.gitesdomainedelachapelle.com\/pt\/wp-json\/wp\/v2\/posts\/26572070","targetHints":{"allow":["GET"]}}],"collection":[{"href":"https:\/\/www.gitesdomainedelachapelle.com\/pt\/wp-json\/wp\/v2\/posts"}],"about":[{"href":"https:\/\/www.gitesdomainedelachapelle.com\/pt\/wp-json\/wp\/v2\/types\/post"}],"author":[{"embeddable":true,"href":"https:\/\/www.gitesdomainedelachapelle.com\/pt\/wp-json\/wp\/v2\/users\/3"}],"replies":[{"embeddable":true,"href":"https:\/\/www.gitesdomainedelachapelle.com\/pt\/wp-json\/wp\/v2\/comments?post=26572070"}],"version-history":[{"count":1,"href":"https:\/\/www.gitesdomainedelachapelle.com\/pt\/wp-json\/wp\/v2\/posts\/26572070\/revisions"}],"predecessor-version":[{"id":26572073,"href":"https:\/\/www.gitesdomainedelachapelle.com\/pt\/wp-json\/wp\/v2\/posts\/26572070\/revisions\/26572073"}],"wp:featuredmedia":[{"embeddable":true,"href":"https:\/\/www.gitesdomainedelachapelle.com\/pt\/wp-json\/wp\/v2\/media\/26572072"}],"wp:attachment":[{"href":"https:\/\/www.gitesdomainedelachapelle.com\/pt\/wp-json\/wp\/v2\/media?parent=26572070"}],"wp:term":[{"taxonomy":"category","embeddable":true,"href":"https:\/\/www.gitesdomainedelachapelle.com\/pt\/wp-json\/wp\/v2\/categories?post=26572070"},{"taxonomy":"post_tag","embeddable":true,"href":"https:\/\/www.gitesdomainedelachapelle.com\/pt\/wp-json\/wp\/v2\/tags?post=26572070"},{"taxonomy":"dipi_cpt_category","embeddable":true,"href":"https:\/\/www.gitesdomainedelachapelle.com\/pt\/wp-json\/wp\/v2\/dipi_cpt_category?post=26572070"}],"curies":[{"name":"wp","href":"https:\/\/api.w.org\/{rel}","templated":true}]}}