{"id":26572087,"date":"2026-04-22T18:30:52","date_gmt":"2026-04-22T17:30:52","guid":{"rendered":"https:\/\/www.gitesdomainedelachapelle.com\/?p=26572087"},"modified":"2026-06-21T06:31:57","modified_gmt":"2026-06-21T05:31:57","slug":"rade-classique-villefranche-2026","status":"publish","type":"post","link":"https:\/\/www.gitesdomainedelachapelle.com\/ru\/rade-classique-villefranche-2026\/","title":{"rendered":"Rade Classique Villefranche 2026: \u043a\u043b\u0430\u0441\u0441\u0438\u0447\u0435\u0441\u043a\u0438\u0435 \u0430\u0432\u0442\u043e\u043c\u043e\u0431\u0438\u043b\u0438 \u043d\u0430 \u041b\u0430\u0437\u0443\u0440\u043d\u043e\u043c \u0431\u0435\u0440\u0435\u0433\u0443"},"content":{"rendered":"<p style=\"font-family:sans-serif;font-size:13px;color:#888;margin-bottom:8px\">Par Patrice &amp; Sandra &nbsp;\u00b7&nbsp; G\u00eetes Domaine de la Chapelle &nbsp;\u00b7&nbsp; Roquefort-les-Pins<\/p>\n\n<p style=\"font-size:15px;color:#444;border-left:3px solid #c9a97a;padding:12px 18px;background:#f5ede2;border-radius:0 8px 8px 0;margin-bottom:14px;line-height:1.9\">\u0421 \u0441\u0430\u0439\u0442\u0430 <strong>\u0421 1 \u043f\u043e 3 \u043c\u0430\u044f 2026 \u0433\u043e\u0434\u0430<\/strong>, Villefranche-sur-Mer accueille la <strong>\u041a\u043b\u0430\u0441\u0441\u0438\u0447\u0435\u0441\u043a\u0430\u044f \u0433\u0430\u0432\u0430\u043d\u044c<\/strong> \u2014 un rassemblement de voitures anciennes et de collection dans l&rsquo;un des plus beaux ports de la C\u00f4te d&rsquo;Azur. Voitures d&rsquo;exception face \u00e0 la rade m\u00e9diterran\u00e9enne, ambiance conviviale, acc\u00e8s libre au public \u2014 un rendez-vous printanier incontournable sur la French Riviera, accessible \u00e0 tous, passionn\u00e9s d&rsquo;automobile ou simples curieux.<\/p>\n\n<h2 style=\"font-size:21px;color:#5c3a1e;border-left:4px solid #c9a97a;padding-left:12px;margin-top:32px;margin-bottom:12px\">La Rade Classique \u2014 Un \u00e9v\u00e9nement automobile unique sur la Riviera<\/h2>\n\n<p style=\"line-height:1.9;margin-bottom:14px\">La Rade Classique est l&rsquo;un des rares \u00e9v\u00e9nements automobiles de la C\u00f4te d&rsquo;Azur \u00e0 se tenir en plein air, face \u00e0 la mer \u2014 dans le cadre spectaculaire du port de Villefranche-sur-Mer. Voitures anciennes, mod\u00e8les de prestige, automobiles rares et v\u00e9hicules de collection sont expos\u00e9s tout le long du front de mer pendant trois jours. Les participants viennent de toute la r\u00e9gion et au-del\u00e0 \u2014 une concentration de m\u00e9caniques d&rsquo;exception rarement accessible au grand public dans un cadre aussi ouvert et convivial. Pour les amateurs, c&rsquo;est l&rsquo;occasion d&rsquo;admirer de pr\u00e8s des mod\u00e8les historiques habituellement enferm\u00e9s dans des garages ou des collections priv\u00e9es. Pour pr\u00e9parer votre visite, <a href=\"https:\/\/cotedazurfrance.fr\/\" target=\"_blank\" rel=\"noopener\" style=\"color:#a07850\">C\u00f4te d&rsquo;Azur France<\/a> recense les \u00e9v\u00e9nements et informations pratiques de la r\u00e9gion.<\/p>\n\n<h2 style=\"font-size:21px;color:#5c3a1e;border-left:4px solid #c9a97a;padding-left:12px;margin-top:32px;margin-bottom:12px\">Villefranche-sur-Mer \u2014 Le plus beau d\u00e9cor pour les voitures de collection<\/h2>\n\n<p style=\"line-height:1.9;margin-bottom:14px\">Villefranche-sur-Mer est l&rsquo;un des villages les plus pittoresques de la C\u00f4te d&rsquo;Azur \u2014 sa rade aux eaux profondes et translucides est consid\u00e9r\u00e9e comme l&rsquo;une des plus belles de M\u00e9diterran\u00e9e. Les voitures de collection align\u00e9es face \u00e0 cette baie exceptionnelle cr\u00e9ent un contraste saisissant \u2014 l&rsquo;\u00e9l\u00e9gance des m\u00e9caniques anciennes sur fond de mer turquoise et de collines proven\u00e7ales. Le village lui-m\u00eame m\u00e9rite une heure de visite \u2014 ses ruelles color\u00e9es, sa citadelle, et sa chapelle Saint-Pierre d\u00e9cor\u00e9e par <a href=\"https:\/\/www.gitesdomainedelachapelle.com\/visiter-eze-cote-azur-village-perche\/\" style=\"color:#a07850\">Jean Cocteau<\/a>. Entre deux voitures, la promenade dans le vieux village est une exp\u00e9rience \u00e0 part enti\u00e8re.<\/p>\n\n<h2 style=\"font-size:21px;color:#5c3a1e;border-left:4px solid #c9a97a;padding-left:12px;margin-top:32px;margin-bottom:12px\">Ce qu&rsquo;on voit \u00e0 la Rade Classique<\/h2>\n\n<p style=\"line-height:1.9;margin-bottom:14px\">L&rsquo;\u00e9v\u00e9nement met \u00e0 l&rsquo;honneur la diversit\u00e9 du patrimoine automobile \u2014 voitures anciennes des ann\u00e9es 1920 aux ann\u00e9es 1980, sportives italiennes et britanniques des grandes heures du sport automobile, berlines de prestige d&rsquo;avant-guerre, cabriolets et roadsters m\u00e9diterran\u00e9ens. Chaque \u00e9dition a son lot de surprises \u2014 des pi\u00e8ces rarissimes sorties de collections priv\u00e9es c\u00f4toient des classiques populaires parfaitement restaur\u00e9s. Des propri\u00e9taires passionn\u00e9s sont sur place et r\u00e9pondent volontiers aux questions \u2014 une occasion unique d&rsquo;\u00e9changer directement avec les gardiens de ce patrimoine roulant.<\/p>\n\n<h2 style=\"font-size:21px;color:#5c3a1e;border-left:4px solid #c9a97a;padding-left:12px;margin-top:32px;margin-bottom:12px\">Conseils pratiques pour profiter de l&rsquo;\u00e9v\u00e9nement<\/h2>\n\n<p style=\"line-height:1.9;margin-bottom:14px\">Arriver t\u00f4t le matin \u2014 les premi\u00e8res heures sont les plus agr\u00e9ables pour admirer les voitures sans la foule du week-end. Le stationnement \u00e0 Villefranche-sur-Mer est limit\u00e9 en haute saison \u2014 pr\u00e9voir de garer la voiture dans les parkings en hauteur du village et de descendre \u00e0 pied. En train depuis Nice (10 minutes), la gare de Villefranche-sur-Mer est \u00e0 deux pas du front de mer. Compter entre 1h et 3h selon l&rsquo;int\u00e9r\u00eat pour les v\u00e9hicules et la visite du village. Les <a href=\"https:\/\/www.gitesdomainedelachapelle.com\/plus-belles-routes-panoramiques-cote-azur\/\" style=\"color:#a07850\">\u0436\u0438\u0432\u043e\u043f\u0438\u0441\u043d\u044b\u0435 \u043c\u0430\u0440\u0448\u0440\u0443\u0442\u044b<\/a> de la corniche entre Nice et Villefranche offrent une approche spectaculaire \u2014 \u00e0 ne pas manquer.<\/p>\n\n<h2 style=\"font-size:21px;color:#5c3a1e;border-left:4px solid #c9a97a;padding-left:12px;margin-top:32px;margin-bottom:12px\">Combiner la Rade Classique avec le week-end de mai<\/h2>\n\n<p style=\"line-height:1.9;margin-bottom:14px\">Le 1er au 3 mai est un week-end prolong\u00e9 id\u00e9al pour d\u00e9couvrir la C\u00f4te d&rsquo;Azur \u2014 la Rade Classique \u00e0 Villefranche, la <a href=\"https:\/\/www.gitesdomainedelachapelle.com\/fete-roses-la-colle-sur-loup-2026-cote-azur\/\" style=\"color:#a07850\">F\u00eate des Roses \u00e0 La Colle-sur-Loup<\/a> et les march\u00e9s de printemps de l&rsquo;arri\u00e8re-pays ni\u00e7ois se tiennent au m\u00eame moment. En trois jours, il est possible de combiner l&rsquo;\u00e9v\u00e9nement automobile, une journ\u00e9e \u00e0 Nice et une excursion dans les villages de l&rsquo;arri\u00e8re-pays. Le mois de mai est l&rsquo;un des plus beaux pour visiter la r\u00e9gion \u2014 la garrigue est en fleurs, les temp\u00e9ratures agr\u00e9ables, les foules estivales encore absentes.<\/p>\n\n<h2 style=\"font-size:21px;color:#5c3a1e;border-left:4px solid #c9a97a;padding-left:12px;margin-top:32px;margin-bottom:12px\">S\u00e9journer \u00e0 l&rsquo;arri\u00e8re-pays pour profiter de l&rsquo;\u00e9v\u00e9nement<\/h2>\n\n<p style=\"line-height:1.9;margin-bottom:14px\">Villefranche-sur-Mer est \u00e0 30 km des <strong>G\u00eetes Domaine de la Chapelle<\/strong> \u00e0 Roquefort-les-Pins \u2014 30 minutes en voiture par la Basse Corniche ou la D2564. Une base id\u00e9ale pour ce week-end de mai \u2014 appartements privatifs avec piscine chauff\u00e9e couverte et spa ou jacuzzi en terrasse exclusive, dans la garrigue proven\u00e7ale \u00e0 12 km d&rsquo;Antibes. Apr\u00e8s une journ\u00e9e de voitures et de rade m\u00e9diterran\u00e9enne, le retour au spa privatif dans le silence de la garrigue est une transition parfaite.<\/p>\n\n<h2 style=\"font-size:21px;color:#5c3a1e;border-left:4px solid #c9a97a;padding-left:12px;margin-top:32px;margin-bottom:12px\">Questions fr\u00e9quentes<\/h2>\n\n<div style=\"margin-bottom:14px\">\n  <p style=\"font-size:15px;font-weight:700;color:#3b2210;margin:0 0 4px\">\u041a\u043e\u0433\u0434\u0430 \u043f\u0440\u043e\u0432\u043e\u0434\u0438\u0442\u0441\u044f Rade Classique 2026?<\/p>\n  <p style=\"line-height:1.9;color:#444;margin:0\">Du 1er au 3 mai 2026 \u00e0 Villefranche-sur-Mer, sur le front de mer face \u00e0 la rade.<\/p>\n<\/div>\n\n<div style=\"margin-bottom:14px\">\n  <p style=\"font-size:15px;font-weight:700;color:#3b2210;margin:0 0 4px\">L&rsquo;acc\u00e8s \u00e0 la Rade Classique est-il payant ?<\/p>\n  <p style=\"line-height:1.9;color:#444;margin:0\">Non \u2014 l&rsquo;acc\u00e8s est libre et gratuit pour les visiteurs. La promenade entre les voitures est ouverte \u00e0 tous, sans billet, ce qui en fait une sortie accessible \u00e0 toute la famille.<\/p>\n<\/div>\n\n<div style=\"margin-bottom:14px\">\n  <p style=\"font-size:15px;font-weight:700;color:#3b2210;margin:0 0 4px\">Faut-il \u00eatre passionn\u00e9 d&rsquo;automobile pour appr\u00e9cier cet \u00e9v\u00e9nement ?<\/p>\n  <p style=\"line-height:1.9;color:#444;margin:0\">Non \u2014 le cadre de Villefranche-sur-Mer et l&rsquo;ambiance conviviale de l&rsquo;\u00e9v\u00e9nement en font une sortie agr\u00e9able pour tous. Les voitures sont spectaculaires visuellement m\u00eame sans \u00eatre connaisseur, et le village m\u00e9rite une visite ind\u00e9pendamment de l&rsquo;exposition.<\/p>\n<\/div>\n\n<div style=\"margin-bottom:14px\">\n  <p style=\"font-size:15px;font-weight:700;color:#3b2210;margin:0 0 4px\">Comment se garer \u00e0 Villefranche-sur-Mer pendant l&rsquo;\u00e9v\u00e9nement ?<\/p>\n  <p style=\"line-height:1.9;color:#444;margin:0\">En train depuis Nice (10 min) \u2014 la solution la plus pratique. En voiture, les parkings en hauteur du village permettent de descendre \u00e0 pied vers le port. Arriver avant 9h pour trouver facilement une place.<\/p>\n<\/div>\n\n<table width=\"100%\" cellpadding=\"0\" cellspacing=\"0\" border=\"0\" style=\"border-radius:10px;overflow:hidden;margin:20px 0;font-family:sans-serif\">\n  <tr>\n    <td width=\"170\" valign=\"middle\" style=\"background:#3b2210;padding:20px;text-align:center\">\n      <p style=\"font-size:20px;color:rgba(201,169,122,0.5);margin:0 0 6px\">\ud83d\ude97<\/p>\n      <p style=\"font-size:9px;font-weight:700;letter-spacing:.1em;text-transform:uppercase;color:#c9a97a;margin:0 0 6px;line-height:1.5\">G\u00eetes Domaine de la Chapelle<br>Roquefort-les-Pins<\/p>\n      <p style=\"font-size:14px;font-style:italic;color:#faeeda;margin:0;line-height:1.4\">Base id\u00e9ale pour<br>la Rade Classique<br>1-3 mai 2026<\/p>\n    <\/td>\n    <td valign=\"middle\" style=\"background:#f5ede2;padding:18px 20px\">\n      <p style=\"font-size:13px;color:#555;margin:0 0 12px;line-height:1.7\">Trois appartements privatifs avec piscine chauff\u00e9e et spa ou jacuzzi \u2014 \u00e0 30 km de Villefranche-sur-Mer, dans la garrigue de Roquefort-les-Pins.<\/p>\n      <p style=\"margin:0 0 12px\">\n        <span style=\"font-size:11px;background:#ffffff;border:1px solid #e8d5c4;border-radius:20px;padding:3px 10px;margin-right:5px;display:inline-block\">\ud83d\ude97 Rade 30 km<\/span>\n        <span style=\"font-size:11px;background:#ffffff;border:1px solid #e8d5c4;border-radius:20px;padding:3px 10px;margin-right:5px;display:inline-block\">\u2668\ufe0f Spa privatif<\/span>\n        <span style=\"font-size:11px;background:#ffffff;border:1px solid #e8d5c4;border-radius:20px;padding:3px 10px;margin-right:5px;display:inline-block\">\ud83c\udf38 Mai 2026<\/span>\n        <span style=\"font-size:11px;background:#ffffff;border:1px solid #e8d5c4;border-radius:20px;padding:3px 10px;display:inline-block\">\ud83c\udfca Piscine chauff\u00e9e<\/span>\n      <\/p>\n      <a href=\"https:\/\/www.gitesdomainedelachapelle.com\/location-vacances-cote-azur\/\" style=\"display:inline-block;background:#c9a97a;color:#3b2210;border-radius:6px;padding:8px 18px;font-weight:700;font-size:12px;text-decoration:none\">\ud83d\udcc5 Voir nos disponibilit\u00e9s<\/a>\n      <p style=\"font-size:10px;color:#888;margin:8px 0 0\">\ud83d\udd12 R\u00e9servation s\u00e9curis\u00e9e \u00b7 Confirmation imm\u00e9diate \u00b7 Annulation flexible<\/p>\n    <\/td>\n  <\/tr>\n<\/table>","protected":false},"excerpt":{"rendered":"<p>Par Patrice &amp; Sandra &nbsp;\u00b7&nbsp; G\u00eetes Domaine de la Chapelle &nbsp;\u00b7&nbsp; Roquefort-les-Pins Du 1er au 3 mai 2026, Villefranche-sur-Mer accueille la Rade Classique \u2014 un rassemblement de voitures anciennes et de collection dans l&rsquo;un des plus beaux ports de la C\u00f4te d&rsquo;Azur. Voitures d&rsquo;exception face \u00e0 la rade m\u00e9diterran\u00e9enne, ambiance conviviale, acc\u00e8s libre au public [&hellip;]<\/p>\n","protected":false},"author":3,"featured_media":26572088,"comment_status":"open","ping_status":"open","sticky":false,"template":"","format":"standard","meta":{"_et_pb_use_builder":"off","_et_pb_old_content":"","_et_gb_content_width":"","footnotes":""},"categories":[128],"tags":[115,131,136,137],"dipi_cpt_category":[],"class_list":["post-26572087","post","type-post","status-publish","format-standard","has-post-thumbnail","hentry","category-evenements-cote-azur","tag-evenement-cote-dazur","tag-rade-classique-villefranche","tag-villefranche-sur-mer","tag-voitures-de-collection"],"yoast_head":"<!-- This site is optimized with the Yoast SEO plugin v28.3 - https:\/\/yoast.com\/product\/yoast-seo-wordpress\/ -->\n<title>Rade Classique Villefranche 2026 : voitures de collection<\/title>\n<meta name=\"description\" content=\"D\u00e9couvrez la Rade Classique Villefranche 2026 : voitures de collection et animations sur la C\u00f4te d\u2019Azur.\" \/>\n<meta name=\"robots\" content=\"index, follow, max-snippet:-1, max-image-preview:large, max-video-preview:-1\" \/>\n<link rel=\"canonical\" href=\"https:\/\/www.gitesdomainedelachapelle.com\/ru\/rade-classique-villefranche-2026\/\" \/>\n<meta property=\"og:locale\" content=\"ru_RU\" \/>\n<meta property=\"og:type\" content=\"article\" \/>\n<meta property=\"og:title\" content=\"Rade Classique Villefranche 2026 : voitures de collection\" \/>\n<meta property=\"og:description\" content=\"D\u00e9couvrez la Rade Classique Villefranche 2026 : voitures de collection et animations sur la C\u00f4te d\u2019Azur.\" \/>\n<meta property=\"og:url\" content=\"https:\/\/www.gitesdomainedelachapelle.com\/ru\/rade-classique-villefranche-2026\/\" \/>\n<meta property=\"og:site_name\" content=\"G\u00eetes Domaine de la Chapelle\" \/>\n<meta property=\"article:author\" content=\"https:\/\/www.facebook.com\/patrice.campanella\/\" \/>\n<meta property=\"article:published_time\" content=\"2026-04-22T17:30:52+00:00\" \/>\n<meta property=\"article:modified_time\" content=\"2026-06-21T05:31:57+00:00\" \/>\n<meta property=\"og:image\" content=\"https:\/\/www.gitesdomainedelachapelle.com\/wp-content\/uploads\/2026\/04\/detail-voiture-ancienne-volant-vintage.webp\" \/>\n\t<meta property=\"og:image:width\" content=\"1440\" \/>\n\t<meta property=\"og:image:height\" content=\"1080\" \/>\n\t<meta property=\"og:image:type\" content=\"image\/webp\" \/>\n<meta name=\"author\" content=\"Patrice\" \/>\n<meta name=\"twitter:card\" content=\"summary_large_image\" \/>\n<meta name=\"twitter:label1\" content=\"\u041d\u0430\u043f\u0438\u0441\u0430\u043d\u043e \u0430\u0432\u0442\u043e\u0440\u043e\u043c\" \/>\n\t<meta name=\"twitter:data1\" content=\"Patrice\" \/>\n\t<meta name=\"twitter:label2\" content=\"\u041f\u0440\u0438\u043c\u0435\u0440\u043d\u043e\u0435 \u0432\u0440\u0435\u043c\u044f \u0434\u043b\u044f \u0447\u0442\u0435\u043d\u0438\u044f\" \/>\n\t<meta name=\"twitter:data2\" content=\"1 \u043c\u0438\u043d\u0443\u0442\u0430\" \/>\n<script type=\"application\/ld+json\" class=\"yoast-schema-graph\">{\"@context\":\"https:\\\/\\\/schema.org\",\"@graph\":[{\"@type\":\"Article\",\"@id\":\"https:\\\/\\\/www.gitesdomainedelachapelle.com\\\/rade-classique-villefranche-2026\\\/#article\",\"isPartOf\":{\"@id\":\"https:\\\/\\\/www.gitesdomainedelachapelle.com\\\/rade-classique-villefranche-2026\\\/\"},\"author\":{\"name\":\"Patrice\",\"@id\":\"https:\\\/\\\/www.gitesdomainedelachapelle.com\\\/#\\\/schema\\\/person\\\/820b01290b5b0e5d56db451762c0e004\"},\"headline\":\"Rade Classique Villefranche 2026 : voitures de collection sur la C\u00f4te d\u2019Azur\",\"datePublished\":\"2026-04-22T17:30:52+00:00\",\"dateModified\":\"2026-06-21T05:31:57+00:00\",\"mainEntityOfPage\":{\"@id\":\"https:\\\/\\\/www.gitesdomainedelachapelle.com\\\/rade-classique-villefranche-2026\\\/\"},\"wordCount\":978,\"commentCount\":0,\"publisher\":{\"@id\":\"https:\\\/\\\/www.gitesdomainedelachapelle.com\\\/#organization\"},\"image\":{\"@id\":\"https:\\\/\\\/www.gitesdomainedelachapelle.com\\\/rade-classique-villefranche-2026\\\/#primaryimage\"},\"thumbnailUrl\":\"https:\\\/\\\/www.gitesdomainedelachapelle.com\\\/wp-content\\\/uploads\\\/2026\\\/04\\\/detail-voiture-ancienne-volant-vintage.webp\",\"keywords\":[\"\u00e9v\u00e9nement C\u00f4te d\u2019Azur\",\"rade classique Villefranche\",\"villefranche sur mer\",\"voitures de collection\"],\"articleSection\":[\"Evenements sur la C\u00f4te d'Azur\"],\"inLanguage\":\"ru-RU\",\"potentialAction\":[{\"@type\":\"CommentAction\",\"name\":\"Comment\",\"target\":[\"https:\\\/\\\/www.gitesdomainedelachapelle.com\\\/rade-classique-villefranche-2026\\\/#respond\"]}]},{\"@type\":\"WebPage\",\"@id\":\"https:\\\/\\\/www.gitesdomainedelachapelle.com\\\/rade-classique-villefranche-2026\\\/\",\"url\":\"https:\\\/\\\/www.gitesdomainedelachapelle.com\\\/rade-classique-villefranche-2026\\\/\",\"name\":\"Rade Classique Villefranche 2026 : voitures de collection\",\"isPartOf\":{\"@id\":\"https:\\\/\\\/www.gitesdomainedelachapelle.com\\\/#website\"},\"primaryImageOfPage\":{\"@id\":\"https:\\\/\\\/www.gitesdomainedelachapelle.com\\\/rade-classique-villefranche-2026\\\/#primaryimage\"},\"image\":{\"@id\":\"https:\\\/\\\/www.gitesdomainedelachapelle.com\\\/rade-classique-villefranche-2026\\\/#primaryimage\"},\"thumbnailUrl\":\"https:\\\/\\\/www.gitesdomainedelachapelle.com\\\/wp-content\\\/uploads\\\/2026\\\/04\\\/detail-voiture-ancienne-volant-vintage.webp\",\"datePublished\":\"2026-04-22T17:30:52+00:00\",\"dateModified\":\"2026-06-21T05:31:57+00:00\",\"description\":\"D\u00e9couvrez la Rade Classique Villefranche 2026 : voitures de collection et animations sur la C\u00f4te d\u2019Azur.\",\"breadcrumb\":{\"@id\":\"https:\\\/\\\/www.gitesdomainedelachapelle.com\\\/rade-classique-villefranche-2026\\\/#breadcrumb\"},\"inLanguage\":\"ru-RU\",\"potentialAction\":[{\"@type\":\"ReadAction\",\"target\":[\"https:\\\/\\\/www.gitesdomainedelachapelle.com\\\/rade-classique-villefranche-2026\\\/\"]}]},{\"@type\":\"ImageObject\",\"inLanguage\":\"ru-RU\",\"@id\":\"https:\\\/\\\/www.gitesdomainedelachapelle.com\\\/rade-classique-villefranche-2026\\\/#primaryimage\",\"url\":\"https:\\\/\\\/www.gitesdomainedelachapelle.com\\\/wp-content\\\/uploads\\\/2026\\\/04\\\/detail-voiture-ancienne-volant-vintage.webp\",\"contentUrl\":\"https:\\\/\\\/www.gitesdomainedelachapelle.com\\\/wp-content\\\/uploads\\\/2026\\\/04\\\/detail-voiture-ancienne-volant-vintage.webp\",\"width\":1440,\"height\":1080,\"caption\":\"Vue de Villefranche-sur-Mer pendant la Rade Classique 2026 sur la C\u00f4te d\u2019Azur\"},{\"@type\":\"BreadcrumbList\",\"@id\":\"https:\\\/\\\/www.gitesdomainedelachapelle.com\\\/rade-classique-villefranche-2026\\\/#breadcrumb\",\"itemListElement\":[{\"@type\":\"ListItem\",\"position\":1,\"name\":\"Accueil\",\"item\":\"https:\\\/\\\/www.gitesdomainedelachapelle.com\\\/\"},{\"@type\":\"ListItem\",\"position\":2,\"name\":\"Rade Classique Villefranche 2026 : voitures de collection sur la C\u00f4te d\u2019Azur\"}]},{\"@type\":\"WebSite\",\"@id\":\"https:\\\/\\\/www.gitesdomainedelachapelle.com\\\/#website\",\"url\":\"https:\\\/\\\/www.gitesdomainedelachapelle.com\\\/\",\"name\":\"Gites Domaine de la Chapelle\",\"description\":\"G\u00eetes de charme avec piscine chauff\u00e9e et jacuzzi privatif sur la C\u00f4te d\u2019Azur\",\"publisher\":{\"@id\":\"https:\\\/\\\/www.gitesdomainedelachapelle.com\\\/#organization\"},\"potentialAction\":[{\"@type\":\"SearchAction\",\"target\":{\"@type\":\"EntryPoint\",\"urlTemplate\":\"https:\\\/\\\/www.gitesdomainedelachapelle.com\\\/?s={search_term_string}\"},\"query-input\":{\"@type\":\"PropertyValueSpecification\",\"valueRequired\":true,\"valueName\":\"search_term_string\"}}],\"inLanguage\":\"ru-RU\"},{\"@type\":\"Organization\",\"@id\":\"https:\\\/\\\/www.gitesdomainedelachapelle.com\\\/#organization\",\"name\":\"Gites Domaine de la Chapelle\",\"url\":\"https:\\\/\\\/www.gitesdomainedelachapelle.com\\\/\",\"logo\":{\"@type\":\"ImageObject\",\"inLanguage\":\"ru-RU\",\"@id\":\"https:\\\/\\\/www.gitesdomainedelachapelle.com\\\/#\\\/schema\\\/logo\\\/image\\\/\",\"url\":\"https:\\\/\\\/www.gitesdomainedelachapelle.com\\\/wp-content\\\/uploads\\\/2026\\\/06\\\/unnamed-1.webp\",\"contentUrl\":\"https:\\\/\\\/www.gitesdomainedelachapelle.com\\\/wp-content\\\/uploads\\\/2026\\\/06\\\/unnamed-1.webp\",\"width\":1024,\"height\":1024,\"caption\":\"Gites Domaine de la Chapelle\"},\"image\":{\"@id\":\"https:\\\/\\\/www.gitesdomainedelachapelle.com\\\/#\\\/schema\\\/logo\\\/image\\\/\"}},{\"@type\":\"Person\",\"@id\":\"https:\\\/\\\/www.gitesdomainedelachapelle.com\\\/#\\\/schema\\\/person\\\/820b01290b5b0e5d56db451762c0e004\",\"name\":\"Patrice\",\"pronouns\":\"nous\",\"image\":{\"@type\":\"ImageObject\",\"inLanguage\":\"ru-RU\",\"@id\":\"https:\\\/\\\/secure.gravatar.com\\\/avatar\\\/e3f93a01e7806e1fe58fdbecfe9ca6bb725d62824cfd4bcd93ab79fb93dc4f5d?s=96&d=mm&r=g\",\"url\":\"https:\\\/\\\/secure.gravatar.com\\\/avatar\\\/e3f93a01e7806e1fe58fdbecfe9ca6bb725d62824cfd4bcd93ab79fb93dc4f5d?s=96&d=mm&r=g\",\"contentUrl\":\"https:\\\/\\\/secure.gravatar.com\\\/avatar\\\/e3f93a01e7806e1fe58fdbecfe9ca6bb725d62824cfd4bcd93ab79fb93dc4f5d?s=96&d=mm&r=g\",\"caption\":\"Patrice\"},\"description\":\"Propri\u00e9taire des G\u00eetes Domaine de la Chapelle, je propose des h\u00e9bergements de charme situ\u00e9s \u00e0 Roquefort-les-Pins, au c\u0153ur de l\u2019arri\u00e8re-pays ni\u00e7ois, entre Nice, Cannes et Grasse, sur la C\u00f4te d\u2019Azur. Nous proposons des locations de vacances haut de gamme, pens\u00e9es pour les couples \u00e0 la recherche d\u2019un s\u00e9jour en amoureux, d\u2019un week-end d\u00e9tente ou de vacances bien-\u00eatre en Provence, avec piscine chauff\u00e9e et jacuzzi privatif, dans un environnement calme, naturel et sans vis-\u00e0-vis. Chaque logement est con\u00e7u pour offrir confort, intimit\u00e9 et qualit\u00e9, avec une attention particuli\u00e8re port\u00e9e \u00e0 l\u2019accueil, aux \u00e9quipements et \u00e0 l\u2019exp\u00e9rience globale du s\u00e9jour. Notre objectif est simple : permettre \u00e0 nos h\u00f4tes de se ressourcer et de profiter pleinement du soleil du Sud, d\u2019un cadre idyllique et des richesses de la C\u00f4te d\u2019Azur.\",\"sameAs\":[\"https:\\\/\\\/www.gitesdomainedelachapelle.com\",\"https:\\\/\\\/www.facebook.com\\\/patrice.campanella\\\/\",\"https:\\\/\\\/www.instagram.com\\\/piscine_jacuzzi_cotedazur\\\/\",\"https:\\\/\\\/www.linkedin.com\\\/in\\\/g\u00eetes-domaine-de-la-chapelle-avec-piscine-chauff\u00e9e-et-jacuzzi-privatifs-sur-la-c\u00f4te-d-azur-54053572\\\/\",\"https:\\\/\\\/fr.pinterest.com\\\/gitesdomainedelachapelle\\\/\",\"https:\\\/\\\/www.youtube.com\\\/@gitesdomainedelachapelle\"],\"url\":\"https:\\\/\\\/www.gitesdomainedelachapelle.com\\\/ru\\\/author\\\/patrice\\\/\"}]}<\/script>\n<!-- \/ Yoast SEO plugin. -->","yoast_head_json":{"title":"Rade Classique Villefranche 2026 : voitures de collection","description":"D\u00e9couvrez la Rade Classique Villefranche 2026 : voitures de collection et animations sur la C\u00f4te d\u2019Azur.","robots":{"index":"index","follow":"follow","max-snippet":"max-snippet:-1","max-image-preview":"max-image-preview:large","max-video-preview":"max-video-preview:-1"},"canonical":"https:\/\/www.gitesdomainedelachapelle.com\/ru\/rade-classique-villefranche-2026\/","og_locale":"ru_RU","og_type":"article","og_title":"Rade Classique Villefranche 2026 : voitures de collection","og_description":"D\u00e9couvrez la Rade Classique Villefranche 2026 : voitures de collection et animations sur la C\u00f4te d\u2019Azur.","og_url":"https:\/\/www.gitesdomainedelachapelle.com\/ru\/rade-classique-villefranche-2026\/","og_site_name":"G\u00eetes Domaine de la Chapelle","article_author":"https:\/\/www.facebook.com\/patrice.campanella\/","article_published_time":"2026-04-22T17:30:52+00:00","article_modified_time":"2026-06-21T05:31:57+00:00","og_image":[{"width":1440,"height":1080,"url":"https:\/\/www.gitesdomainedelachapelle.com\/wp-content\/uploads\/2026\/04\/detail-voiture-ancienne-volant-vintage.webp","type":"image\/webp"}],"author":"Patrice","twitter_card":"summary_large_image","twitter_misc":{"\u041d\u0430\u043f\u0438\u0441\u0430\u043d\u043e \u0430\u0432\u0442\u043e\u0440\u043e\u043c":"Patrice","\u041f\u0440\u0438\u043c\u0435\u0440\u043d\u043e\u0435 \u0432\u0440\u0435\u043c\u044f \u0434\u043b\u044f \u0447\u0442\u0435\u043d\u0438\u044f":"1 \u043c\u0438\u043d\u0443\u0442\u0430"},"schema":{"@context":"https:\/\/schema.org","@graph":[{"@type":"Article","@id":"https:\/\/www.gitesdomainedelachapelle.com\/rade-classique-villefranche-2026\/#article","isPartOf":{"@id":"https:\/\/www.gitesdomainedelachapelle.com\/rade-classique-villefranche-2026\/"},"author":{"name":"Patrice","@id":"https:\/\/www.gitesdomainedelachapelle.com\/#\/schema\/person\/820b01290b5b0e5d56db451762c0e004"},"headline":"Rade Classique Villefranche 2026 : voitures de collection sur la C\u00f4te d\u2019Azur","datePublished":"2026-04-22T17:30:52+00:00","dateModified":"2026-06-21T05:31:57+00:00","mainEntityOfPage":{"@id":"https:\/\/www.gitesdomainedelachapelle.com\/rade-classique-villefranche-2026\/"},"wordCount":978,"commentCount":0,"publisher":{"@id":"https:\/\/www.gitesdomainedelachapelle.com\/#organization"},"image":{"@id":"https:\/\/www.gitesdomainedelachapelle.com\/rade-classique-villefranche-2026\/#primaryimage"},"thumbnailUrl":"https:\/\/www.gitesdomainedelachapelle.com\/wp-content\/uploads\/2026\/04\/detail-voiture-ancienne-volant-vintage.webp","keywords":["\u00e9v\u00e9nement C\u00f4te d\u2019Azur","rade classique Villefranche","villefranche sur mer","voitures de collection"],"articleSection":["Evenements sur la C\u00f4te d'Azur"],"inLanguage":"ru-RU","potentialAction":[{"@type":"CommentAction","name":"Comment","target":["https:\/\/www.gitesdomainedelachapelle.com\/rade-classique-villefranche-2026\/#respond"]}]},{"@type":"WebPage","@id":"https:\/\/www.gitesdomainedelachapelle.com\/rade-classique-villefranche-2026\/","url":"https:\/\/www.gitesdomainedelachapelle.com\/rade-classique-villefranche-2026\/","name":"Rade Classique Villefranche 2026 : voitures de collection","isPartOf":{"@id":"https:\/\/www.gitesdomainedelachapelle.com\/#website"},"primaryImageOfPage":{"@id":"https:\/\/www.gitesdomainedelachapelle.com\/rade-classique-villefranche-2026\/#primaryimage"},"image":{"@id":"https:\/\/www.gitesdomainedelachapelle.com\/rade-classique-villefranche-2026\/#primaryimage"},"thumbnailUrl":"https:\/\/www.gitesdomainedelachapelle.com\/wp-content\/uploads\/2026\/04\/detail-voiture-ancienne-volant-vintage.webp","datePublished":"2026-04-22T17:30:52+00:00","dateModified":"2026-06-21T05:31:57+00:00","description":"D\u00e9couvrez la Rade Classique Villefranche 2026 : voitures de collection et animations sur la C\u00f4te d\u2019Azur.","breadcrumb":{"@id":"https:\/\/www.gitesdomainedelachapelle.com\/rade-classique-villefranche-2026\/#breadcrumb"},"inLanguage":"ru-RU","potentialAction":[{"@type":"ReadAction","target":["https:\/\/www.gitesdomainedelachapelle.com\/rade-classique-villefranche-2026\/"]}]},{"@type":"ImageObject","inLanguage":"ru-RU","@id":"https:\/\/www.gitesdomainedelachapelle.com\/rade-classique-villefranche-2026\/#primaryimage","url":"https:\/\/www.gitesdomainedelachapelle.com\/wp-content\/uploads\/2026\/04\/detail-voiture-ancienne-volant-vintage.webp","contentUrl":"https:\/\/www.gitesdomainedelachapelle.com\/wp-content\/uploads\/2026\/04\/detail-voiture-ancienne-volant-vintage.webp","width":1440,"height":1080,"caption":"Vue de Villefranche-sur-Mer pendant la Rade Classique 2026 sur la C\u00f4te d\u2019Azur"},{"@type":"BreadcrumbList","@id":"https:\/\/www.gitesdomainedelachapelle.com\/rade-classique-villefranche-2026\/#breadcrumb","itemListElement":[{"@type":"ListItem","position":1,"name":"Accueil","item":"https:\/\/www.gitesdomainedelachapelle.com\/"},{"@type":"ListItem","position":2,"name":"Rade Classique Villefranche 2026 : voitures de collection sur la C\u00f4te d\u2019Azur"}]},{"@type":"WebSite","@id":"https:\/\/www.gitesdomainedelachapelle.com\/#website","url":"https:\/\/www.gitesdomainedelachapelle.com\/","name":"Gites Domaine de la Chapelle","description":"\u041e\u0447\u0430\u0440\u043e\u0432\u0430\u0442\u0435\u043b\u044c\u043d\u044b\u0435 \u0433\u0435\u0442\u0442\u044b \u0441 \u043f\u043e\u0434\u043e\u0433\u0440\u0435\u0432\u0430\u0435\u043c\u044b\u043c \u0431\u0430\u0441\u0441\u0435\u0439\u043d\u043e\u043c \u0438 \u0447\u0430\u0441\u0442\u043d\u044b\u043c \u0434\u0436\u0430\u043a\u0443\u0437\u0438 \u043d\u0430 \u041b\u0430\u0437\u0443\u0440\u043d\u043e\u043c \u0431\u0435\u0440\u0435\u0433\u0443","publisher":{"@id":"https:\/\/www.gitesdomainedelachapelle.com\/#organization"},"potentialAction":[{"@type":"SearchAction","target":{"@type":"EntryPoint","urlTemplate":"https:\/\/www.gitesdomainedelachapelle.com\/?s={search_term_string}"},"query-input":{"@type":"PropertyValueSpecification","valueRequired":true,"valueName":"search_term_string"}}],"inLanguage":"ru-RU"},{"@type":"Organization","@id":"https:\/\/www.gitesdomainedelachapelle.com\/#organization","name":"Gites Domaine de la Chapelle","url":"https:\/\/www.gitesdomainedelachapelle.com\/","logo":{"@type":"ImageObject","inLanguage":"ru-RU","@id":"https:\/\/www.gitesdomainedelachapelle.com\/#\/schema\/logo\/image\/","url":"https:\/\/www.gitesdomainedelachapelle.com\/wp-content\/uploads\/2026\/06\/unnamed-1.webp","contentUrl":"https:\/\/www.gitesdomainedelachapelle.com\/wp-content\/uploads\/2026\/06\/unnamed-1.webp","width":1024,"height":1024,"caption":"Gites Domaine de la Chapelle"},"image":{"@id":"https:\/\/www.gitesdomainedelachapelle.com\/#\/schema\/logo\/image\/"}},{"@type":"Person","@id":"https:\/\/www.gitesdomainedelachapelle.com\/#\/schema\/person\/820b01290b5b0e5d56db451762c0e004","name":"\u041f\u0430\u0442\u0440\u0438\u0441","pronouns":"nous","image":{"@type":"ImageObject","inLanguage":"ru-RU","@id":"https:\/\/secure.gravatar.com\/avatar\/e3f93a01e7806e1fe58fdbecfe9ca6bb725d62824cfd4bcd93ab79fb93dc4f5d?s=96&d=mm&r=g","url":"https:\/\/secure.gravatar.com\/avatar\/e3f93a01e7806e1fe58fdbecfe9ca6bb725d62824cfd4bcd93ab79fb93dc4f5d?s=96&d=mm&r=g","contentUrl":"https:\/\/secure.gravatar.com\/avatar\/e3f93a01e7806e1fe58fdbecfe9ca6bb725d62824cfd4bcd93ab79fb93dc4f5d?s=96&d=mm&r=g","caption":"Patrice"},"description":"Propri\u00e9taire des G\u00eetes Domaine de la Chapelle, je propose des h\u00e9bergements de charme situ\u00e9s \u00e0 Roquefort-les-Pins, au c\u0153ur de l\u2019arri\u00e8re-pays ni\u00e7ois, entre Nice, Cannes et Grasse, sur la C\u00f4te d\u2019Azur. Nous proposons des locations de vacances haut de gamme, pens\u00e9es pour les couples \u00e0 la recherche d\u2019un s\u00e9jour en amoureux, d\u2019un week-end d\u00e9tente ou de vacances bien-\u00eatre en Provence, avec piscine chauff\u00e9e et jacuzzi privatif, dans un environnement calme, naturel et sans vis-\u00e0-vis. Chaque logement est con\u00e7u pour offrir confort, intimit\u00e9 et qualit\u00e9, avec une attention particuli\u00e8re port\u00e9e \u00e0 l\u2019accueil, aux \u00e9quipements et \u00e0 l\u2019exp\u00e9rience globale du s\u00e9jour. Notre objectif est simple : permettre \u00e0 nos h\u00f4tes de se ressourcer et de profiter pleinement du soleil du Sud, d\u2019un cadre idyllique et des richesses de la C\u00f4te d\u2019Azur.","sameAs":["https:\/\/www.gitesdomainedelachapelle.com","https:\/\/www.facebook.com\/patrice.campanella\/","https:\/\/www.instagram.com\/piscine_jacuzzi_cotedazur\/","https:\/\/www.linkedin.com\/in\/g\u00eetes-domaine-de-la-chapelle-avec-piscine-chauff\u00e9e-et-jacuzzi-privatifs-sur-la-c\u00f4te-d-azur-54053572\/","https:\/\/fr.pinterest.com\/gitesdomainedelachapelle\/","https:\/\/www.youtube.com\/@gitesdomainedelachapelle"],"url":"https:\/\/www.gitesdomainedelachapelle.com\/ru\/author\/patrice\/"}]}},"_links":{"self":[{"href":"https:\/\/www.gitesdomainedelachapelle.com\/ru\/wp-json\/wp\/v2\/posts\/26572087","targetHints":{"allow":["GET"]}}],"collection":[{"href":"https:\/\/www.gitesdomainedelachapelle.com\/ru\/wp-json\/wp\/v2\/posts"}],"about":[{"href":"https:\/\/www.gitesdomainedelachapelle.com\/ru\/wp-json\/wp\/v2\/types\/post"}],"author":[{"embeddable":true,"href":"https:\/\/www.gitesdomainedelachapelle.com\/ru\/wp-json\/wp\/v2\/users\/3"}],"replies":[{"embeddable":true,"href":"https:\/\/www.gitesdomainedelachapelle.com\/ru\/wp-json\/wp\/v2\/comments?post=26572087"}],"version-history":[{"count":5,"href":"https:\/\/www.gitesdomainedelachapelle.com\/ru\/wp-json\/wp\/v2\/posts\/26572087\/revisions"}],"predecessor-version":[{"id":26573671,"href":"https:\/\/www.gitesdomainedelachapelle.com\/ru\/wp-json\/wp\/v2\/posts\/26572087\/revisions\/26573671"}],"wp:featuredmedia":[{"embeddable":true,"href":"https:\/\/www.gitesdomainedelachapelle.com\/ru\/wp-json\/wp\/v2\/media\/26572088"}],"wp:attachment":[{"href":"https:\/\/www.gitesdomainedelachapelle.com\/ru\/wp-json\/wp\/v2\/media?parent=26572087"}],"wp:term":[{"taxonomy":"category","embeddable":true,"href":"https:\/\/www.gitesdomainedelachapelle.com\/ru\/wp-json\/wp\/v2\/categories?post=26572087"},{"taxonomy":"post_tag","embeddable":true,"href":"https:\/\/www.gitesdomainedelachapelle.com\/ru\/wp-json\/wp\/v2\/tags?post=26572087"},{"taxonomy":"dipi_cpt_category","embeddable":true,"href":"https:\/\/www.gitesdomainedelachapelle.com\/ru\/wp-json\/wp\/v2\/dipi_cpt_category?post=26572087"}],"curies":[{"name":"wp","href":"https:\/\/api.w.org\/{rel}","templated":true}]}}