{"id":26572105,"date":"2026-04-25T17:28:03","date_gmt":"2026-04-25T16:28:03","guid":{"rendered":"https:\/\/www.gitesdomainedelachapelle.com\/?p=26572105"},"modified":"2026-04-27T16:40:05","modified_gmt":"2026-04-27T15:40:05","slug":"musees-cote-azur-nice-antibes","status":"publish","type":"post","link":"https:\/\/www.gitesdomainedelachapelle.com\/ru\/musees-cote-azur-nice-antibes\/","title":{"rendered":"Les plus beaux mus\u00e9es de la C\u00f4te d\u2019Azur \u00e0 d\u00e9couvrir"},"content":{"rendered":"<p>\u041b\u0430\u0437\u0443\u0440\u043d\u044b\u0439 \u0431\u0435\u0440\u0435\u0433 - \u044d\u0442\u043e \u043d\u0435 \u0442\u043e\u043b\u044c\u043a\u043e \u043f\u043b\u044f\u0436\u0438 \u0438 \u0441\u043e\u043b\u043d\u0446\u0435. \u042d\u0442\u043e \u0442\u0430\u043a\u0436\u0435 \u043e\u0431\u044f\u0437\u0430\u0442\u0435\u043b\u044c\u043d\u043e\u0435 \u043c\u0435\u0441\u0442\u043e \u0434\u043b\u044f \u043f\u043e\u0441\u0435\u0449\u0435\u043d\u0438\u044f \u043b\u044e\u0431\u0438\u0442\u0435\u043b\u044f\u043c\u0438 \u0438\u0441\u043a\u0443\u0441\u0441\u0442\u0432\u0430 \u0438 \u043a\u0443\u043b\u044c\u0442\u0443\u0440\u044b. \u0412 \u041d\u0438\u0446\u0446\u0435, \u0410\u043d\u0442\u0438\u0431\u0435, \u0411\u0438\u043e\u0442\u0435, \u0421\u0435\u043d-\u041f\u043e\u043b\u044c-\u0434\u0435-\u0412\u0430\u043d\u0441\u0435 \u0438 \u041c\u043e\u043d\u0430\u043a\u043e \u0441\u043e\u0441\u0440\u0435\u0434\u043e\u0442\u043e\u0447\u0435\u043d\u043e \u043c\u043d\u043e\u0436\u0435\u0441\u0442\u0432\u043e \u043f\u0440\u0435\u0441\u0442\u0438\u0436\u043d\u044b\u0445 \u043c\u0443\u0437\u0435\u0435\u0432.<\/p>\n\n\n\n<p>\u0421 \u0442\u0435\u0445 \u043f\u043e\u0440 \u043a\u0430\u043a <strong>G\u00eetes Domaine de la Chapelle \u00e0 Roquefort-les-Pins<\/strong>, \u041e\u0441\u043d\u043e\u0432\u043d\u044b\u0435 \u043a\u0443\u043b\u044c\u0442\u0443\u0440\u043d\u044b\u0435 \u0434\u043e\u0441\u0442\u043e\u043f\u0440\u0438\u043c\u0435\u0447\u0430\u0442\u0435\u043b\u044c\u043d\u043e\u0441\u0442\u0438 \u0424\u0440\u0430\u043d\u0446\u0443\u0437\u0441\u043a\u043e\u0439 \u0420\u0438\u0432\u044c\u0435\u0440\u044b \u043d\u0430\u0445\u043e\u0434\u044f\u0442\u0441\u044f \u0432 \u043d\u0435\u043f\u043e\u0441\u0440\u0435\u0434\u0441\u0442\u0432\u0435\u043d\u043d\u043e\u0439 \u0431\u043b\u0438\u0437\u043e\u0441\u0442\u0438 \u043e\u0442 \u043e\u0442\u0435\u043b\u044f, \u0447\u0442\u043e \u0434\u0435\u043b\u0430\u0435\u0442 \u0435\u0433\u043e \u0438\u0434\u0435\u0430\u043b\u044c\u043d\u043e\u0439 \u0431\u0430\u0437\u043e\u0439 \u0434\u043b\u044f \u043e\u0442\u0434\u044b\u0445\u0430, \u0441\u043e\u0447\u0435\u0442\u0430\u044e\u0449\u0435\u0433\u043e \u0432 \u0441\u0435\u0431\u0435 \u043e\u0442\u043a\u0440\u044b\u0442\u0438\u044f, \u043d\u0430\u0441\u043b\u0435\u0434\u0438\u0435 \u0438 \u0440\u0435\u043b\u0430\u043a\u0441\u0430\u0446\u0438\u044e.<\/p>\n\n\n\n<hr class=\"wp-block-separator has-alpha-channel-opacity\"\/>\n\n\n\n<h2 class=\"wp-block-heading\">Mus\u00e9e Picasso d\u2019Antibes (Ch\u00e2teau Grimaldi)<\/h2>\n\n\n\n<p>\u041c\u0443\u0437\u0435\u0439 \u041f\u0438\u043a\u0430\u0441\u0441\u043e \u0432 \u0410\u043d\u0442\u0438\u0431\u0435, \u0440\u0430\u0441\u043f\u043e\u043b\u043e\u0436\u0435\u043d\u043d\u044b\u0439 \u0432 \u0437\u043d\u0430\u043c\u0435\u043d\u0438\u0442\u043e\u043c \u0437\u0430\u043c\u043a\u0435 \u0413\u0440\u0438\u043c\u0430\u043b\u044c\u0434\u0438, \u044f\u0432\u043b\u044f\u0435\u0442\u0441\u044f \u043e\u0434\u043d\u0438\u043c \u0438\u0437 \u0441\u0430\u043c\u044b\u0445 \u0437\u043d\u0430\u043a\u043e\u0432\u044b\u0445 \u043c\u0435\u0441\u0442 \u043d\u0430 \u041b\u0430\u0437\u0443\u0440\u043d\u043e\u043c \u0431\u0435\u0440\u0435\u0433\u0443.<br>\u0418\u043c\u0435\u043d\u043d\u043e \u0437\u0434\u0435\u0441\u044c \u0432 1946 \u0433\u043e\u0434\u0443 \u043e\u0441\u0442\u0430\u043d\u0430\u0432\u043b\u0438\u0432\u0430\u043b\u0441\u044f \u041f\u0430\u0431\u043b\u043e \u041f\u0438\u043a\u0430\u0441\u0441\u043e \u0438 \u0441\u043e\u0437\u0434\u0430\u043b \u043d\u0435\u0441\u043a\u043e\u043b\u044c\u043a\u043e \u043a\u0440\u0443\u043f\u043d\u044b\u0445 \u0440\u0430\u0431\u043e\u0442.<\/p>\n\n\n\n<p>\u041c\u0443\u0437\u0435\u0439 \u043f\u0440\u0435\u0434\u043b\u0430\u0433\u0430\u0435\u0442 :<\/p>\n\n\n\n<ul class=\"wp-block-list\">\n<li>\u043a\u043e\u043b\u043b\u0435\u043a\u0446\u0438\u044f \u043e\u0440\u0438\u0433\u0438\u043d\u0430\u043b\u044c\u043d\u044b\u0445 \u043f\u0440\u043e\u0438\u0437\u0432\u0435\u0434\u0435\u043d\u0438\u0439<\/li>\n\n\n\n<li>\u0421\u043a\u0443\u043b\u044c\u043f\u0442\u0443\u0440\u044b, \u0432\u044b\u0441\u0442\u0430\u0432\u043b\u0435\u043d\u043d\u044b\u0435 \u043d\u0430 \u0442\u0435\u0440\u0440\u0430\u0441\u0435<\/li>\n\n\n\n<li>\u0418\u0441\u043a\u043b\u044e\u0447\u0438\u0442\u0435\u043b\u044c\u043d\u044b\u0435 \u0432\u0438\u0434\u044b \u043d\u0430 \u0421\u0440\u0435\u0434\u0438\u0437\u0435\u043c\u043d\u043e\u0435 \u043c\u043e\u0440\u0435<\/li>\n<\/ul>\n\n\n\n<p>Un incontournable \u00e0 visiter lors de votre s\u00e9jour sur la C\u00f4te d\u2019Azur.<\/p>\n\n\n\n<hr class=\"wp-block-separator has-alpha-channel-opacity\"\/>\n\n\n\n<h2 class=\"wp-block-heading\">Mus\u00e9e national Marc Chagall \u00e0 Nice<\/h2>\n\n\n\n<p>\u0412 \u041c\u0443\u0437\u0435\u0435 \u041c\u0430\u0440\u043a\u0430 \u0428\u0430\u0433\u0430\u043b\u0430 \u0445\u0440\u0430\u043d\u0438\u0442\u0441\u044f \u043a\u0440\u0443\u043f\u043d\u0435\u0439\u0448\u0430\u044f \u0432 \u043c\u0438\u0440\u0435 \u043f\u0443\u0431\u043b\u0438\u0447\u043d\u0430\u044f \u043a\u043e\u043b\u043b\u0435\u043a\u0446\u0438\u044f, \u043f\u043e\u0441\u0432\u044f\u0449\u0435\u043d\u043d\u0430\u044f \u0445\u0443\u0434\u043e\u0436\u043d\u0438\u043a\u0443.<br>\u0415\u0433\u043e \u043a\u0440\u0430\u0441\u043e\u0447\u043d\u044b\u0435 \u0440\u0430\u0431\u043e\u0442\u044b, \u0432\u0434\u043e\u0445\u043d\u043e\u0432\u043b\u0435\u043d\u043d\u044b\u0435 \u0411\u0438\u0431\u043b\u0438\u0435\u0439, \u043f\u0440\u0435\u0434\u043b\u0430\u0433\u0430\u044e\u0442 \u0443\u043d\u0438\u043a\u0430\u043b\u044c\u043d\u044b\u0439 \u0445\u0443\u0434\u043e\u0436\u0435\u0441\u0442\u0432\u0435\u043d\u043d\u044b\u0439 \u043e\u043f\u044b\u0442.<\/p>\n\n\n\n<p>\u0412\u044b \u043d\u0430\u0439\u0434\u0435\u0442\u0435 :<\/p>\n\n\n\n<ul class=\"wp-block-list\">\n<li>\u044f\u0440\u043a\u0438\u0439, \u0441\u043e\u0432\u0440\u0435\u043c\u0435\u043d\u043d\u044b\u0439 \u043c\u0443\u0437\u0435\u0439<\/li>\n\n\n\n<li>\u0443\u0441\u043f\u043e\u043a\u0430\u0438\u0432\u0430\u044e\u0449\u0438\u0439 \u0441\u0440\u0435\u0434\u0438\u0437\u0435\u043c\u043d\u043e\u043c\u043e\u0440\u0441\u043a\u0438\u0439 \u0441\u0430\u0434<\/li>\n\n\n\n<li>\u0417\u0430\u043c\u0435\u0447\u0430\u0442\u0435\u043b\u044c\u043d\u044b\u0435 \u0432\u0438\u0442\u0440\u0430\u0436\u0438<\/li>\n<\/ul>\n\n\n\n<p>Id\u00e9al pour une visite culturelle calme et enrichissante \u00e0 Nice.<\/p>\n\n\n\n<hr class=\"wp-block-separator has-alpha-channel-opacity\"\/>\n\n\n\n<h2 class=\"wp-block-heading\">Fondation Maeght \u00e0 Saint-Paul-de-Vence<\/h2>\n\n\n\n<p>\u0420\u0430\u0441\u043f\u043e\u043b\u043e\u0436\u0435\u043d\u043d\u044b\u0439 \u0432\u044b\u0441\u043e\u043a\u043e \u043d\u0430\u0434 \u0421\u0435\u043d-\u041f\u043e\u043b\u044c-\u0434\u0435-\u0412\u0430\u043d\u0441\u043e\u043c, \u0424\u043e\u043d\u0434 Maeght \u044f\u0432\u043b\u044f\u0435\u0442\u0441\u044f \u043e\u0434\u043d\u0438\u043c \u0438\u0437 \u0432\u0435\u0434\u0443\u0449\u0438\u0445 \u0435\u0432\u0440\u043e\u043f\u0435\u0439\u0441\u043a\u0438\u0445 \u0446\u0435\u043d\u0442\u0440\u043e\u0432 \u0441\u043e\u0432\u0440\u0435\u043c\u0435\u043d\u043d\u043e\u0433\u043e \u0438\u0441\u043a\u0443\u0441\u0441\u0442\u0432\u0430.<\/p>\n\n\n\n<p>\u0427\u0442\u043e\u0431\u044b \u043e\u0431\u043d\u0430\u0440\u0443\u0436\u0438\u0442\u044c:<\/p>\n\n\n\n<ul class=\"wp-block-list\">\n<li>\u0420\u0430\u0431\u043e\u0442\u044b \u041c\u0438\u0440\u043e, \u0414\u0436\u0430\u043a\u043e\u043c\u0435\u0442\u0442\u0438 \u0438 \u041a\u043e\u043b\u0434\u0435\u0440\u0430<\/li>\n\n\n\n<li>\u0438\u0441\u043a\u043b\u044e\u0447\u0438\u0442\u0435\u043b\u044c\u043d\u044b\u0439 \u0441\u0430\u0434 \u0441\u043a\u0443\u043b\u044c\u043f\u0442\u0443\u0440<\/li>\n\n\n\n<li>\u0430\u0440\u0445\u0438\u0442\u0435\u043a\u0442\u0443\u0440\u0430, \u0438\u043d\u0442\u0435\u0433\u0440\u0438\u0440\u043e\u0432\u0430\u043d\u043d\u0430\u044f \u0432 \u043f\u0440\u0438\u0440\u043e\u0434\u0443<\/li>\n<\/ul>\n\n\n\n<p>\ud83d\udc49 \u0423\u043d\u0438\u043a\u0430\u043b\u044c\u043d\u044b\u0439 \u0432\u0438\u0437\u0438\u0442, \u0441\u043e\u0447\u0435\u0442\u0430\u044e\u0449\u0438\u0439 \u0438\u0441\u043a\u0443\u0441\u0441\u0442\u0432\u043e \u0438 \u043f\u0440\u043e\u0432\u0430\u043d\u0441\u0430\u043b\u044c\u0441\u043a\u0438\u0439 \u043f\u0435\u0439\u0437\u0430\u0436.<\/p>\n\n\n\n<hr class=\"wp-block-separator has-alpha-channel-opacity\"\/>\n\n\n\n<h2 class=\"wp-block-heading\">Mus\u00e9e Fernand L\u00e9ger \u00e0 Biot<\/h2>\n\n\n\n<p>\u0412 \u044d\u0442\u043e\u043c \u043c\u0443\u0437\u0435\u0435, \u0440\u0430\u0441\u043f\u043e\u043b\u043e\u0436\u0435\u043d\u043d\u043e\u043c \u0432 \u0411\u0438\u043e\u0442\u0435, \u043f\u0440\u0435\u0434\u0441\u0442\u0430\u0432\u043b\u0435\u043d\u044b \u043a\u0440\u0430\u0441\u043e\u0447\u043d\u044b\u0435 \u0441\u043e\u0432\u0440\u0435\u043c\u0435\u043d\u043d\u044b\u0435 \u0440\u0430\u0431\u043e\u0442\u044b \u0424\u0435\u0440\u043d\u0430\u043d\u0430 \u041b\u0435\u0436\u0435.<\/p>\n\n\n\n<p>\u041e\u0441\u043d\u043e\u0432\u043d\u044b\u0435 \u043c\u043e\u043c\u0435\u043d\u0442\u044b:<\/p>\n\n\n\n<ul class=\"wp-block-list\">\n<li>\u041c\u043e\u043d\u0443\u043c\u0435\u043d\u0442\u0430\u043b\u044c\u043d\u044b\u0435 \u0444\u0440\u0435\u0441\u043a\u0438 \u043d\u0430 \u0444\u0430\u0441\u0430\u0434\u0430\u0445<\/li>\n\n\n\n<li>\u0411\u043e\u043b\u0435\u0435 400 \u0440\u0430\u0431\u043e\u0442 \u043d\u0430 \u0432\u044b\u0441\u0442\u0430\u0432\u043a\u0435<\/li>\n\n\n\n<li>\u0421\u0440\u0435\u0434\u0438\u0437\u0435\u043c\u043d\u043e\u043c\u043e\u0440\u0441\u043a\u0430\u044f \u043f\u0440\u0438\u0440\u043e\u0434\u0430<\/li>\n<\/ul>\n\n\n\n<p>Une visite accessible et dynamique, id\u00e9ale pour d\u00e9couvrir l\u2019art moderne.<\/p>\n\n\n\n<hr class=\"wp-block-separator has-alpha-channel-opacity\"\/>\n\n\n\n<h2 class=\"wp-block-heading\">MAMAC \u2013 Mus\u00e9e d\u2019Art Moderne et Contemporain de Nice<\/h2>\n\n\n\n<p>MAMAC - \u044d\u0442\u043e \u043e\u0431\u044f\u0437\u0430\u0442\u0435\u043b\u044c\u043d\u044b\u0439 \u0434\u043b\u044f \u043f\u043e\u0441\u0435\u0449\u0435\u043d\u0438\u044f \u043c\u0443\u0437\u0435\u0439 \u0432 \u041d\u0438\u0446\u0446\u0435, \u043f\u043e\u0441\u0432\u044f\u0449\u0435\u043d\u043d\u044b\u0439 \u0441\u043e\u0432\u0440\u0435\u043c\u0435\u043d\u043d\u043e\u043c\u0443 \u0438\u0441\u043a\u0443\u0441\u0441\u0442\u0432\u0443.<\/p>\n\n\n\n<p>\u0412\u044b \u043e\u0442\u043a\u0440\u043e\u0435\u0442\u0435 \u0434\u043b\u044f \u0441\u0435\u0431\u044f :<\/p>\n\n\n\n<ul class=\"wp-block-list\">\n<li>\u0440\u0430\u0431\u043e\u0442\u044b \u0442\u0430\u043a\u0438\u0445 \u0438\u0437\u0432\u0435\u0441\u0442\u043d\u044b\u0445 \u0445\u0443\u0434\u043e\u0436\u043d\u0438\u043a\u043e\u0432, \u043a\u0430\u043a \u0418\u0432 \u041a\u043b\u044f\u0439\u043d<\/li>\n\n\n\n<li>\u0441\u043e\u0432\u0440\u0435\u043c\u0435\u043d\u043d\u044b\u0435 \u0438 \u0440\u0430\u0437\u043d\u043e\u043e\u0431\u0440\u0430\u0437\u043d\u044b\u0435 \u0432\u044b\u0441\u0442\u0430\u0432\u043a\u0438<\/li>\n\n\n\n<li>\u0422\u0435\u0440\u0440\u0430\u0441\u044b \u0441 \u0432\u0438\u0434\u043e\u043c \u043d\u0430 \u0433\u043e\u0440\u043e\u0434<\/li>\n<\/ul>\n\n\n\n<p>Le mus\u00e9e est actuellement en r\u00e9novation, mais reste une r\u00e9f\u00e9rence culturelle sur la C\u00f4te d\u2019Azur.<\/p>\n\n\n\n<hr class=\"wp-block-separator has-alpha-channel-opacity\"\/>\n\n\n\n<h2 class=\"wp-block-heading\">Mus\u00e9e Matisse \u00e0 Nice<\/h2>\n\n\n\n<p>\u041c\u0443\u0437\u0435\u0439 \u041c\u0430\u0442\u0438\u0441\u0441\u0430, \u0440\u0430\u0441\u043f\u043e\u043b\u043e\u0436\u0435\u043d\u043d\u044b\u0439 \u0432 \u0432\u0435\u043b\u0438\u043a\u043e\u043b\u0435\u043f\u043d\u043e\u0439 \u0432\u0438\u043b\u043b\u0435 \u0432 \u0427\u0438\u043c\u0435\u0437\u0435, \u043f\u0440\u043e\u0441\u043b\u0435\u0436\u0438\u0432\u0430\u0435\u0442 \u0440\u0430\u0437\u0432\u0438\u0442\u0438\u0435 \u0445\u0443\u0434\u043e\u0436\u043d\u0438\u043a\u0430.<\/p>\n\n\n\n<p>\u0427\u0442\u043e\u0431\u044b \u043e\u0431\u043d\u0430\u0440\u0443\u0436\u0438\u0442\u044c:<\/p>\n\n\n\n<ul class=\"wp-block-list\">\n<li>\u043a\u0430\u0440\u0442\u0438\u043d\u044b, \u0440\u0438\u0441\u0443\u043d\u043a\u0438 \u0438 \u0441\u043a\u0443\u043b\u044c\u043f\u0442\u0443\u0440\u044b<\/li>\n\n\n\n<li>\u041b\u0438\u0447\u043d\u044b\u0435 \u0432\u0435\u0449\u0438 \u041c\u0430\u0442\u0438\u0441\u0441\u0430<\/li>\n\n\n\n<li>\u0441\u043f\u043e\u043a\u043e\u0439\u043d\u0430\u044f \u043e\u0431\u0441\u0442\u0430\u043d\u043e\u0432\u043a\u0430 \u0432 \u043e\u043a\u0440\u0443\u0436\u0435\u043d\u0438\u0438 \u043e\u043b\u0438\u0432\u043a\u043e\u0432\u044b\u0445 \u0434\u0435\u0440\u0435\u0432\u044c\u0435\u0432<\/li>\n<\/ul>\n\n\n\n<p>Parfait pour une visite culturelle au calme.<\/p>\n\n\n\n<hr class=\"wp-block-separator has-alpha-channel-opacity\"\/>\n\n\n\n<h2 class=\"wp-block-heading\">Mus\u00e9e Renoir \u00e0 Cagnes-sur-Mer<\/h2>\n\n\n\n<p>\u0420\u0430\u0441\u043f\u043e\u043b\u043e\u0436\u0435\u043d\u043d\u044b\u0439 \u0432 \u0434\u043e\u043c\u0435, \u0433\u0434\u0435 \u0436\u0438\u043b \u0420\u0435\u043d\u0443\u0430\u0440, \u044d\u0442\u043e\u0442 \u043c\u0443\u0437\u0435\u0439 \u043f\u043e\u0433\u0440\u0443\u0436\u0430\u0435\u0442 \u043f\u043e\u0441\u0435\u0442\u0438\u0442\u0435\u043b\u0435\u0439 \u0432 \u0435\u0433\u043e \u043c\u0438\u0440.<\/p>\n\n\n\n<p>\u0412\u044b \u043d\u0430\u0439\u0434\u0435\u0442\u0435 :<\/p>\n\n\n\n<ul class=\"wp-block-list\">\n<li>\u0435\u0433\u043e \u043f\u0435\u0440\u0432\u043e\u043d\u0430\u0447\u0430\u043b\u044c\u043d\u0430\u044f \u043c\u0430\u0441\u0442\u0435\u0440\u0441\u043a\u0430\u044f<\/li>\n\n\n\n<li>\u0435\u0451 \u0440\u0430\u0431\u043e\u0442\u044b<\/li>\n\n\n\n<li>\u0441\u0430\u0434 \u0441 \u0432\u0438\u0434\u043e\u043c \u043d\u0430 \u043c\u043e\u0440\u0435<\/li>\n<\/ul>\n\n\n\n<p>Un lieu plein de charme et d\u2019histoire.<\/p>\n\n\n\n<hr class=\"wp-block-separator has-alpha-channel-opacity\"\/>\n\n\n\n<h2 class=\"wp-block-heading\">Mus\u00e9e Oc\u00e9anographique de Monaco<\/h2>\n\n\n\n<p>\u0420\u0430\u0441\u043f\u043e\u043b\u043e\u0436\u0435\u043d\u043d\u044b\u0439 \u043d\u0430 \u0441\u043a\u0430\u043b\u0435 \u0441 \u0432\u0438\u0434\u043e\u043c \u043d\u0430 \u0421\u0440\u0435\u0434\u0438\u0437\u0435\u043c\u043d\u043e\u0435 \u043c\u043e\u0440\u0435, \u044d\u0442\u043e\u0442 \u043c\u0443\u0437\u0435\u0439 \u044f\u0432\u043b\u044f\u0435\u0442\u0441\u044f \u043e\u0434\u043d\u0438\u043c \u0438\u0437 \u0441\u0430\u043c\u044b\u0445 \u0432\u043f\u0435\u0447\u0430\u0442\u043b\u044f\u044e\u0449\u0438\u0445 \u0432 \u0440\u0435\u0433\u0438\u043e\u043d\u0435.<\/p>\n\n\n\n<p>\u0412 \u043d\u0435\u043c \u043f\u0440\u0435\u0434\u043b\u0430\u0433\u0430\u044e\u0442\u0441\u044f:<\/p>\n\n\n\n<ul class=\"wp-block-list\">\n<li>\u0432\u043f\u0435\u0447\u0430\u0442\u043b\u044f\u044e\u0449\u0438\u0435 \u0430\u043a\u0432\u0430\u0440\u0438\u0443\u043c\u044b<\/li>\n\n\n\n<li>\u0412\u044b\u0441\u0442\u0430\u0432\u043a\u0438, \u043f\u043e\u0441\u0432\u044f\u0449\u0435\u043d\u043d\u044b\u0435 \u043c\u043e\u0440\u0441\u043a\u043e\u043c\u0443 \u043c\u0438\u0440\u0443<\/li>\n\n\n\n<li>\u0438\u0441\u043a\u043b\u044e\u0447\u0438\u0442\u0435\u043b\u044c\u043d\u0430\u044f \u043f\u0430\u043d\u043e\u0440\u0430\u043c\u0430<\/li>\n<\/ul>\n\n\n\n<p>Une visite incontournable pour petits et grands.<\/p>\n\n\n\n<hr class=\"wp-block-separator has-alpha-channel-opacity\"\/>\n\n\n\n<h2 class=\"wp-block-heading\">O\u00f9 s\u00e9journer pour visiter les mus\u00e9es de la C\u00f4te d\u2019Azur ?<\/h2>\n\n\n\n<p>\u0421\u0430\u0439\u0442 <strong>G\u00eetes Domaine de la Chapelle \u00e0 Roquefort-les-Pins<\/strong> \u0438\u0434\u0435\u0430\u043b\u044c\u043d\u043e \u0440\u0430\u0441\u043f\u043e\u043b\u043e\u0436\u0435\u043d\u044b \u0434\u043b\u044f \u0437\u043d\u0430\u043a\u043e\u043c\u0441\u0442\u0432\u0430 \u0441\u043e \u0432\u0441\u0435\u043c\u0438 \u044d\u0442\u0438\u043c\u0438 \u043c\u0443\u0437\u0435\u044f\u043c\u0438.<\/p>\n\n\n\n<p>\u2714 \u041c\u0435\u0436\u0434\u0443 \u041d\u0438\u0446\u0446\u0435\u0439, \u0410\u043d\u0442\u0438\u0431\u0430\u043c\u0438, \u041a\u0430\u043d\u043d\u0430\u043c\u0438 \u0438 \u0432\u043d\u0443\u0442\u0440\u0435\u043d\u043d\u0438\u043c\u0438 \u0440\u0430\u0439\u043e\u043d\u0430\u043c\u0438.<br>\u2714 \u0411\u044b\u0441\u0442\u0440\u044b\u0439 \u0434\u043e\u0441\u0442\u0443\u043f \u043a \u043e\u0441\u043d\u043e\u0432\u043d\u044b\u043c \u043a\u0443\u043b\u044c\u0442\u0443\u0440\u043d\u044b\u043c \u0434\u043e\u0441\u0442\u043e\u043f\u0440\u0438\u043c\u0435\u0447\u0430\u0442\u0435\u043b\u044c\u043d\u043e\u0441\u0442\u044f\u043c<br>\u2714 \u0422\u0438\u0445\u0430\u044f, \u0435\u0441\u0442\u0435\u0441\u0442\u0432\u0435\u043d\u043d\u0430\u044f \u043e\u0431\u0441\u0442\u0430\u043d\u043e\u0432\u043a\u0430<br>\u2714 \u0411\u0430\u0441\u0441\u0435\u0439\u043d \u0441 \u043f\u043e\u0434\u043e\u0433\u0440\u0435\u0432\u043e\u043c \u0438 \u0447\u0430\u0441\u0442\u043d\u043e\u0435 \u0434\u0436\u0430\u043a\u0443\u0437\u0438, \u0432 \u043a\u043e\u0442\u043e\u0440\u043e\u043c \u043c\u043e\u0436\u043d\u043e \u0440\u0430\u0441\u0441\u043b\u0430\u0431\u0438\u0442\u044c\u0441\u044f \u043f\u043e\u0441\u043b\u0435 \u043f\u043e\u0441\u0435\u0449\u0435\u043d\u0438\u044f.<\/p>\n\n\n\n<hr class=\"wp-block-separator has-alpha-channel-opacity\"\/>\n\n\n\n<h2 class=\"wp-block-heading\">FAQ \u2013 Mus\u00e9es C\u00f4te d\u2019Azur<\/h2>\n\n\n\n<p><strong>\u041a\u0430\u043a\u0438\u0435 \u043c\u0443\u0437\u0435\u0438 \u043e\u0431\u044f\u0437\u0430\u0442\u0435\u043b\u044c\u043d\u043e \u0441\u0442\u043e\u0438\u0442 \u043f\u043e\u0441\u0435\u0442\u0438\u0442\u044c \u043d\u0430 \u041b\u0430\u0437\u0443\u0440\u043d\u043e\u043c \u0431\u0435\u0440\u0435\u0433\u0443?<\/strong><br>\u041c\u0443\u0437\u0435\u0439 \u041f\u0438\u043a\u0430\u0441\u0441\u043e \u0432 \u0410\u043d\u0442\u0438\u0431\u0435, \u041c\u0443\u0437\u0435\u0439 \u0428\u0430\u0433\u0430\u043b\u0430 \u0432 \u041d\u0438\u0446\u0446\u0435, \u0424\u043e\u043d\u0434 \u041c\u0435\u0439\u0433\u0442\u0430 \u0438 \u041c\u0443\u0437\u0435\u0439 \u041b\u0435\u0436\u0435 \u0432 \u0411\u0438\u043e\u0442\u0435 - \u043e\u0434\u043d\u0438 \u0438\u0437 \u0441\u0430\u043c\u044b\u0445 \u043f\u043e\u043f\u0443\u043b\u044f\u0440\u043d\u044b\u0445.<\/p>\n\n\n\n<p><strong>\u041c\u043e\u0436\u0435\u0442\u0435 \u043b\u0438 \u0432\u044b \u043f\u043e\u0441\u0435\u0442\u0438\u0442\u044c \u043d\u0435\u0441\u043a\u043e\u043b\u044c\u043a\u043e \u043c\u0443\u0437\u0435\u0435\u0432 \u0437\u0430 \u043e\u0434\u0438\u043d \u0443\u0438\u043a-\u044d\u043d\u0434?<\/strong><br>\u0414\u0430, \u0431\u043b\u0430\u0433\u043e\u0434\u0430\u0440\u044f \u0431\u043b\u0438\u0437\u043e\u0441\u0442\u0438 \u0433\u043e\u0440\u043e\u0434\u043e\u0432 \u0432\u044b \u0441\u043c\u043e\u0436\u0435\u0442\u0435 \u043f\u043e\u0441\u0435\u0442\u0438\u0442\u044c \u043d\u0435\u0441\u043a\u043e\u043b\u044c\u043a\u043e \u043c\u0443\u0437\u0435\u0435\u0432 \u0437\u0430 \u043d\u0435\u0441\u043a\u043e\u043b\u044c\u043a\u043e \u0434\u043d\u0435\u0439.<\/p>\n\n\n\n<p><strong>\u041a\u0430\u043a\u043e\u0439 \u043c\u0443\u0437\u0435\u0439 \u043f\u043e\u0441\u0435\u0442\u0438\u0442\u044c \u0432 \u043e\u043a\u0440\u0435\u0441\u0442\u043d\u043e\u0441\u0442\u044f\u0445 \u0420\u043e\u043a\u0444\u043e\u0440-\u043b\u0435-\u041f\u0435\u043d\u0430?<\/strong><br>\u0411\u043b\u0438\u0436\u0430\u0439\u0448\u0438\u0435 \u0438\u0437 \u043d\u0438\u0445 - \u0411\u0438\u043e\u0442, \u0410\u043d\u0442\u0438\u0431, \u041d\u0438\u0446\u0446\u0430 \u0438 \u0421\u0435\u043d-\u041f\u043e\u043b\u044c-\u0434\u0435-\u0412\u0430\u043d\u0441.<\/p>\n\n\n\n<hr class=\"wp-block-separator has-alpha-channel-opacity\"\/>\n\n\n\n<h2 class=\"wp-block-heading\">Conclusion<\/h2>\n\n\n\n<p>\u041b\u0430\u0437\u0443\u0440\u043d\u044b\u0439 \u0431\u0435\u0440\u0435\u0433 - \u044d\u0442\u043e \u043f\u043e\u0438\u0441\u0442\u0438\u043d\u0435 \u0430\u0440\u0442\u0438\u0441\u0442\u0438\u0447\u0435\u0441\u043a\u0438\u0439 \u0440\u0435\u0433\u0438\u043e\u043d, \u0433\u0434\u0435 \u0441\u043e\u0441\u0440\u0435\u0434\u043e\u0442\u043e\u0447\u0435\u043d\u043e \u043c\u043d\u043e\u0436\u0435\u0441\u0442\u0432\u043e \u043c\u0443\u0437\u0435\u0435\u0432 \u0438 \u043a\u0443\u043b\u044c\u0442\u0443\u0440\u043d\u044b\u0445 \u043e\u0431\u044a\u0435\u043a\u0442\u043e\u0432.<br>\u0421\u043e\u0432\u0440\u0435\u043c\u0435\u043d\u043d\u043e\u0435 \u0438\u0441\u043a\u0443\u0441\u0441\u0442\u0432\u043e, \u043d\u0430\u0441\u043b\u0435\u0434\u0438\u0435 \u0438 \u0438\u0441\u043a\u043b\u044e\u0447\u0438\u0442\u0435\u043b\u044c\u043d\u044b\u0435 \u043f\u0435\u0439\u0437\u0430\u0436\u0438 - \u043a\u0430\u0436\u0434\u044b\u0439 \u0432\u0438\u0437\u0438\u0442 \u0441\u0442\u0430\u043d\u043e\u0432\u0438\u0442\u0441\u044f \u0443\u043d\u0438\u043a\u0430\u043b\u044c\u043d\u044b\u043c \u043e\u043f\u044b\u0442\u043e\u043c.<\/p>\n\n\n\n<p>Profitez de votre s\u00e9jour aux G\u00eetes Domaine de la Chapelle pour allier d\u00e9couverte culturelle et d\u00e9tente sur la French Riviera.<\/p>\n\n\n\n<figure class=\"wp-block-embed is-type-wp-embed is-provider-g-tes-domaine-de-la-chapelle wp-block-embed-g-tes-domaine-de-la-chapelle\"><div class=\"wp-block-embed__wrapper\">\nhttps:\/\/www.gitesdomainedelachapelle.com\/nos-appartements\n<\/div><\/figure>","protected":false},"excerpt":{"rendered":"<p>La C\u00f4te d\u2019Azur ne se r\u00e9sume pas \u00e0 ses plages et son soleil. C\u2019est aussi une destination incontournable pour les amateurs d\u2019art et de culture. Entre Nice, Antibes, Biot, Saint-Paul-de-Vence et Monaco, la r\u00e9gion regorge de mus\u00e9es prestigieux. Depuis les G\u00eetes Domaine de la Chapelle \u00e0 Roquefort-les-Pins, vous acc\u00e9dez facilement aux plus grands sites culturels [&hellip;]<\/p>\n","protected":false},"author":3,"featured_media":26572106,"comment_status":"open","ping_status":"open","sticky":false,"template":"","format":"standard","meta":{"_et_pb_use_builder":"off","_et_pb_old_content":"","_et_gb_content_width":"","footnotes":""},"categories":[18],"tags":[164,235,236,237],"dipi_cpt_category":[],"class_list":["post-26572105","post","type-post","status-publish","format-standard","has-post-thumbnail","hentry","category-activites-idees-cote-azur","tag-musee-antibes","tag-musee-nice-2","tag-musees-cote-dazur","tag-visite-culturelle-cote-dazur"],"yoast_head":"<!-- This site is optimized with the Yoast SEO plugin v27.4 - https:\/\/yoast.com\/product\/yoast-seo-wordpress\/ -->\n<title>Mus\u00e9es C\u00f4te d\u2019Azur : incontournables \u00e0 Nice et Antibes<\/title>\n<meta name=\"description\" content=\"D\u00e9couvrez les plus beaux mus\u00e9es de la C\u00f4te d\u2019Azur \u00e0 Nice et Antibes. Art, culture et patrimoine \u00e0 visiter pr\u00e8s de Roquefort-les-Pins.\" \/>\n<meta name=\"robots\" content=\"index, follow, max-snippet:-1, max-image-preview:large, max-video-preview:-1\" \/>\n<link rel=\"canonical\" href=\"https:\/\/www.gitesdomainedelachapelle.com\/ru\/musees-cote-azur-nice-antibes\/\" \/>\n<meta property=\"og:locale\" content=\"ru_RU\" \/>\n<meta property=\"og:type\" content=\"article\" \/>\n<meta property=\"og:title\" content=\"Mus\u00e9es C\u00f4te d\u2019Azur : incontournables \u00e0 Nice et Antibes\" \/>\n<meta property=\"og:description\" content=\"D\u00e9couvrez les plus beaux mus\u00e9es de la C\u00f4te d\u2019Azur \u00e0 Nice et Antibes. Art, culture et patrimoine \u00e0 visiter pr\u00e8s de Roquefort-les-Pins.\" \/>\n<meta property=\"og:url\" content=\"https:\/\/www.gitesdomainedelachapelle.com\/ru\/musees-cote-azur-nice-antibes\/\" \/>\n<meta property=\"og:site_name\" content=\"G\u00eetes Domaine de la Chapelle\" \/>\n<meta property=\"article:author\" content=\"https:\/\/www.facebook.com\/patrice.campanella\/\" \/>\n<meta property=\"article:published_time\" content=\"2026-04-25T16:28:03+00:00\" \/>\n<meta property=\"article:modified_time\" content=\"2026-04-27T15:40:05+00:00\" \/>\n<meta property=\"og:image\" content=\"https:\/\/www.gitesdomainedelachapelle.com\/wp-content\/uploads\/2026\/04\/musees-cote-d-azur-art-culture-nice-antibes-monaco-roquefort-les-pins.webp\" \/>\n\t<meta property=\"og:image:width\" content=\"1200\" \/>\n\t<meta property=\"og:image:height\" content=\"627\" \/>\n\t<meta property=\"og:image:type\" content=\"image\/webp\" \/>\n<meta name=\"author\" content=\"Patrice\" \/>\n<meta name=\"twitter:card\" content=\"summary_large_image\" \/>\n<meta name=\"twitter:label1\" content=\"\u041d\u0430\u043f\u0438\u0441\u0430\u043d\u043e \u0430\u0432\u0442\u043e\u0440\u043e\u043c\" \/>\n\t<meta name=\"twitter:data1\" content=\"Patrice\" \/>\n\t<meta name=\"twitter:label2\" content=\"\u041f\u0440\u0438\u043c\u0435\u0440\u043d\u043e\u0435 \u0432\u0440\u0435\u043c\u044f \u0434\u043b\u044f \u0447\u0442\u0435\u043d\u0438\u044f\" \/>\n\t<meta name=\"twitter:data2\" content=\"4 \u043c\u0438\u043d\u0443\u0442\u044b\" \/>\n<script type=\"application\/ld+json\" class=\"yoast-schema-graph\">{\"@context\":\"https:\\\/\\\/schema.org\",\"@graph\":[{\"@type\":\"Article\",\"@id\":\"https:\\\/\\\/www.gitesdomainedelachapelle.com\\\/musees-cote-azur-nice-antibes\\\/#article\",\"isPartOf\":{\"@id\":\"https:\\\/\\\/www.gitesdomainedelachapelle.com\\\/musees-cote-azur-nice-antibes\\\/\"},\"author\":{\"name\":\"Patrice\",\"@id\":\"https:\\\/\\\/www.gitesdomainedelachapelle.com\\\/#\\\/schema\\\/person\\\/820b01290b5b0e5d56db451762c0e004\"},\"headline\":\"Les plus beaux mus\u00e9es de la C\u00f4te d\u2019Azur \u00e0 d\u00e9couvrir\",\"datePublished\":\"2026-04-25T16:28:03+00:00\",\"dateModified\":\"2026-04-27T15:40:05+00:00\",\"mainEntityOfPage\":{\"@id\":\"https:\\\/\\\/www.gitesdomainedelachapelle.com\\\/musees-cote-azur-nice-antibes\\\/\"},\"wordCount\":792,\"commentCount\":0,\"publisher\":{\"@id\":\"https:\\\/\\\/www.gitesdomainedelachapelle.com\\\/#organization\"},\"image\":{\"@id\":\"https:\\\/\\\/www.gitesdomainedelachapelle.com\\\/musees-cote-azur-nice-antibes\\\/#primaryimage\"},\"thumbnailUrl\":\"https:\\\/\\\/www.gitesdomainedelachapelle.com\\\/wp-content\\\/uploads\\\/2026\\\/04\\\/musees-cote-d-azur-art-culture-nice-antibes-monaco-roquefort-les-pins.webp\",\"keywords\":[\"mus\u00e9e antibes\",\"mus\u00e9e nice\",\"mus\u00e9es c\u00f4te d\u2019azur\",\"visite culturelle c\u00f4te d\u2019azur\"],\"articleSection\":[\"Activit\u00e9s &amp; Id\u00e9es sur la C\u00f4te d'Azur\"],\"inLanguage\":\"ru-RU\",\"potentialAction\":[{\"@type\":\"CommentAction\",\"name\":\"Comment\",\"target\":[\"https:\\\/\\\/www.gitesdomainedelachapelle.com\\\/musees-cote-azur-nice-antibes\\\/#respond\"]}]},{\"@type\":\"WebPage\",\"@id\":\"https:\\\/\\\/www.gitesdomainedelachapelle.com\\\/musees-cote-azur-nice-antibes\\\/\",\"url\":\"https:\\\/\\\/www.gitesdomainedelachapelle.com\\\/musees-cote-azur-nice-antibes\\\/\",\"name\":\"Mus\u00e9es C\u00f4te d\u2019Azur : incontournables \u00e0 Nice et Antibes\",\"isPartOf\":{\"@id\":\"https:\\\/\\\/www.gitesdomainedelachapelle.com\\\/#website\"},\"primaryImageOfPage\":{\"@id\":\"https:\\\/\\\/www.gitesdomainedelachapelle.com\\\/musees-cote-azur-nice-antibes\\\/#primaryimage\"},\"image\":{\"@id\":\"https:\\\/\\\/www.gitesdomainedelachapelle.com\\\/musees-cote-azur-nice-antibes\\\/#primaryimage\"},\"thumbnailUrl\":\"https:\\\/\\\/www.gitesdomainedelachapelle.com\\\/wp-content\\\/uploads\\\/2026\\\/04\\\/musees-cote-d-azur-art-culture-nice-antibes-monaco-roquefort-les-pins.webp\",\"datePublished\":\"2026-04-25T16:28:03+00:00\",\"dateModified\":\"2026-04-27T15:40:05+00:00\",\"description\":\"D\u00e9couvrez les plus beaux mus\u00e9es de la C\u00f4te d\u2019Azur \u00e0 Nice et Antibes. Art, culture et patrimoine \u00e0 visiter pr\u00e8s de Roquefort-les-Pins.\",\"breadcrumb\":{\"@id\":\"https:\\\/\\\/www.gitesdomainedelachapelle.com\\\/musees-cote-azur-nice-antibes\\\/#breadcrumb\"},\"inLanguage\":\"ru-RU\",\"potentialAction\":[{\"@type\":\"ReadAction\",\"target\":[\"https:\\\/\\\/www.gitesdomainedelachapelle.com\\\/musees-cote-azur-nice-antibes\\\/\"]}]},{\"@type\":\"ImageObject\",\"inLanguage\":\"ru-RU\",\"@id\":\"https:\\\/\\\/www.gitesdomainedelachapelle.com\\\/musees-cote-azur-nice-antibes\\\/#primaryimage\",\"url\":\"https:\\\/\\\/www.gitesdomainedelachapelle.com\\\/wp-content\\\/uploads\\\/2026\\\/04\\\/musees-cote-d-azur-art-culture-nice-antibes-monaco-roquefort-les-pins.webp\",\"contentUrl\":\"https:\\\/\\\/www.gitesdomainedelachapelle.com\\\/wp-content\\\/uploads\\\/2026\\\/04\\\/musees-cote-d-azur-art-culture-nice-antibes-monaco-roquefort-les-pins.webp\",\"width\":1200,\"height\":627,\"caption\":\"Explorez les plus beaux mus\u00e9es de la C\u00f4te d\u2019Azur et plongez dans l\u2019art et la culture entre Nice, Antibes et Monaco.\"},{\"@type\":\"BreadcrumbList\",\"@id\":\"https:\\\/\\\/www.gitesdomainedelachapelle.com\\\/musees-cote-azur-nice-antibes\\\/#breadcrumb\",\"itemListElement\":[{\"@type\":\"ListItem\",\"position\":1,\"name\":\"Accueil\",\"item\":\"https:\\\/\\\/www.gitesdomainedelachapelle.com\\\/\"},{\"@type\":\"ListItem\",\"position\":2,\"name\":\"Les plus beaux mus\u00e9es de la C\u00f4te d\u2019Azur \u00e0 d\u00e9couvrir\"}]},{\"@type\":\"WebSite\",\"@id\":\"https:\\\/\\\/www.gitesdomainedelachapelle.com\\\/#website\",\"url\":\"https:\\\/\\\/www.gitesdomainedelachapelle.com\\\/\",\"name\":\"Gites Domaine de la Chappelle\",\"description\":\"G\u00eetes de charme avec piscine chauff\u00e9e et jacuzzi privatif sur la C\u00f4te d\u2019Azur\",\"publisher\":{\"@id\":\"https:\\\/\\\/www.gitesdomainedelachapelle.com\\\/#organization\"},\"potentialAction\":[{\"@type\":\"SearchAction\",\"target\":{\"@type\":\"EntryPoint\",\"urlTemplate\":\"https:\\\/\\\/www.gitesdomainedelachapelle.com\\\/?s={search_term_string}\"},\"query-input\":{\"@type\":\"PropertyValueSpecification\",\"valueRequired\":true,\"valueName\":\"search_term_string\"}}],\"inLanguage\":\"ru-RU\"},{\"@type\":\"Organization\",\"@id\":\"https:\\\/\\\/www.gitesdomainedelachapelle.com\\\/#organization\",\"name\":\"Gites Domaine de la Chappelle\",\"url\":\"https:\\\/\\\/www.gitesdomainedelachapelle.com\\\/\",\"logo\":{\"@type\":\"ImageObject\",\"inLanguage\":\"ru-RU\",\"@id\":\"https:\\\/\\\/www.gitesdomainedelachapelle.com\\\/#\\\/schema\\\/logo\\\/image\\\/\",\"url\":\"https:\\\/\\\/www.gitesdomainedelachapelle.com\\\/wp-content\\\/uploads\\\/2025\\\/11\\\/LOGO-removebg-preview-1.webp\",\"contentUrl\":\"https:\\\/\\\/www.gitesdomainedelachapelle.com\\\/wp-content\\\/uploads\\\/2025\\\/11\\\/LOGO-removebg-preview-1.webp\",\"width\":300,\"height\":300,\"caption\":\"Gites Domaine de la Chappelle\"},\"image\":{\"@id\":\"https:\\\/\\\/www.gitesdomainedelachapelle.com\\\/#\\\/schema\\\/logo\\\/image\\\/\"}},{\"@type\":\"Person\",\"@id\":\"https:\\\/\\\/www.gitesdomainedelachapelle.com\\\/#\\\/schema\\\/person\\\/820b01290b5b0e5d56db451762c0e004\",\"name\":\"Patrice\",\"pronouns\":\"nous\",\"image\":{\"@type\":\"ImageObject\",\"inLanguage\":\"ru-RU\",\"@id\":\"https:\\\/\\\/secure.gravatar.com\\\/avatar\\\/e3f93a01e7806e1fe58fdbecfe9ca6bb725d62824cfd4bcd93ab79fb93dc4f5d?s=96&d=mm&r=g\",\"url\":\"https:\\\/\\\/secure.gravatar.com\\\/avatar\\\/e3f93a01e7806e1fe58fdbecfe9ca6bb725d62824cfd4bcd93ab79fb93dc4f5d?s=96&d=mm&r=g\",\"contentUrl\":\"https:\\\/\\\/secure.gravatar.com\\\/avatar\\\/e3f93a01e7806e1fe58fdbecfe9ca6bb725d62824cfd4bcd93ab79fb93dc4f5d?s=96&d=mm&r=g\",\"caption\":\"Patrice\"},\"description\":\"Propri\u00e9taire des G\u00eetes Domaine de la Chapelle, je propose des h\u00e9bergements de charme situ\u00e9s \u00e0 Roquefort-les-Pins, au c\u0153ur de l\u2019arri\u00e8re-pays ni\u00e7ois, entre Nice, Cannes et Grasse, sur la C\u00f4te d\u2019Azur. Nous proposons des locations de vacances haut de gamme, pens\u00e9es pour les couples \u00e0 la recherche d\u2019un s\u00e9jour en amoureux, d\u2019un week-end d\u00e9tente ou de vacances bien-\u00eatre en Provence, avec piscine chauff\u00e9e et jacuzzi privatif, dans un environnement calme, naturel et sans vis-\u00e0-vis. Chaque logement est con\u00e7u pour offrir confort, intimit\u00e9 et qualit\u00e9, avec une attention particuli\u00e8re port\u00e9e \u00e0 l\u2019accueil, aux \u00e9quipements et \u00e0 l\u2019exp\u00e9rience globale du s\u00e9jour. Notre objectif est simple : permettre \u00e0 nos h\u00f4tes de se ressourcer et de profiter pleinement du soleil du Sud, d\u2019un cadre idyllique et des richesses de la C\u00f4te d\u2019Azur.\",\"sameAs\":[\"https:\\\/\\\/www.gitesdomainedelachapelle.com\",\"https:\\\/\\\/www.facebook.com\\\/patrice.campanella\\\/\",\"https:\\\/\\\/www.instagram.com\\\/piscine_jacuzzi_cotedazur\\\/\",\"https:\\\/\\\/www.linkedin.com\\\/in\\\/g\u00eetes-domaine-de-la-chapelle-avec-piscine-chauff\u00e9e-et-jacuzzi-privatifs-sur-la-c\u00f4te-d-azur-54053572\\\/\",\"https:\\\/\\\/fr.pinterest.com\\\/gitesdomainedelachapelle\\\/\",\"https:\\\/\\\/www.youtube.com\\\/@gitesdomainedelachapelle\"],\"url\":\"https:\\\/\\\/www.gitesdomainedelachapelle.com\\\/ru\\\/author\\\/patrice\\\/\"}]}<\/script>\n<!-- \/ Yoast SEO plugin. -->","yoast_head_json":{"title":"Mus\u00e9es C\u00f4te d\u2019Azur : incontournables \u00e0 Nice et Antibes","description":"D\u00e9couvrez les plus beaux mus\u00e9es de la C\u00f4te d\u2019Azur \u00e0 Nice et Antibes. Art, culture et patrimoine \u00e0 visiter pr\u00e8s de Roquefort-les-Pins.","robots":{"index":"index","follow":"follow","max-snippet":"max-snippet:-1","max-image-preview":"max-image-preview:large","max-video-preview":"max-video-preview:-1"},"canonical":"https:\/\/www.gitesdomainedelachapelle.com\/ru\/musees-cote-azur-nice-antibes\/","og_locale":"ru_RU","og_type":"article","og_title":"Mus\u00e9es C\u00f4te d\u2019Azur : incontournables \u00e0 Nice et Antibes","og_description":"D\u00e9couvrez les plus beaux mus\u00e9es de la C\u00f4te d\u2019Azur \u00e0 Nice et Antibes. Art, culture et patrimoine \u00e0 visiter pr\u00e8s de Roquefort-les-Pins.","og_url":"https:\/\/www.gitesdomainedelachapelle.com\/ru\/musees-cote-azur-nice-antibes\/","og_site_name":"G\u00eetes Domaine de la Chapelle","article_author":"https:\/\/www.facebook.com\/patrice.campanella\/","article_published_time":"2026-04-25T16:28:03+00:00","article_modified_time":"2026-04-27T15:40:05+00:00","og_image":[{"width":1200,"height":627,"url":"https:\/\/www.gitesdomainedelachapelle.com\/wp-content\/uploads\/2026\/04\/musees-cote-d-azur-art-culture-nice-antibes-monaco-roquefort-les-pins.webp","type":"image\/webp"}],"author":"Patrice","twitter_card":"summary_large_image","twitter_misc":{"\u041d\u0430\u043f\u0438\u0441\u0430\u043d\u043e \u0430\u0432\u0442\u043e\u0440\u043e\u043c":"Patrice","\u041f\u0440\u0438\u043c\u0435\u0440\u043d\u043e\u0435 \u0432\u0440\u0435\u043c\u044f \u0434\u043b\u044f \u0447\u0442\u0435\u043d\u0438\u044f":"4 \u043c\u0438\u043d\u0443\u0442\u044b"},"schema":{"@context":"https:\/\/schema.org","@graph":[{"@type":"Article","@id":"https:\/\/www.gitesdomainedelachapelle.com\/musees-cote-azur-nice-antibes\/#article","isPartOf":{"@id":"https:\/\/www.gitesdomainedelachapelle.com\/musees-cote-azur-nice-antibes\/"},"author":{"name":"Patrice","@id":"https:\/\/www.gitesdomainedelachapelle.com\/#\/schema\/person\/820b01290b5b0e5d56db451762c0e004"},"headline":"Les plus beaux mus\u00e9es de la C\u00f4te d\u2019Azur \u00e0 d\u00e9couvrir","datePublished":"2026-04-25T16:28:03+00:00","dateModified":"2026-04-27T15:40:05+00:00","mainEntityOfPage":{"@id":"https:\/\/www.gitesdomainedelachapelle.com\/musees-cote-azur-nice-antibes\/"},"wordCount":792,"commentCount":0,"publisher":{"@id":"https:\/\/www.gitesdomainedelachapelle.com\/#organization"},"image":{"@id":"https:\/\/www.gitesdomainedelachapelle.com\/musees-cote-azur-nice-antibes\/#primaryimage"},"thumbnailUrl":"https:\/\/www.gitesdomainedelachapelle.com\/wp-content\/uploads\/2026\/04\/musees-cote-d-azur-art-culture-nice-antibes-monaco-roquefort-les-pins.webp","keywords":["mus\u00e9e antibes","mus\u00e9e nice","mus\u00e9es c\u00f4te d\u2019azur","visite culturelle c\u00f4te d\u2019azur"],"articleSection":["Activit\u00e9s &amp; Id\u00e9es sur la C\u00f4te d'Azur"],"inLanguage":"ru-RU","potentialAction":[{"@type":"CommentAction","name":"Comment","target":["https:\/\/www.gitesdomainedelachapelle.com\/musees-cote-azur-nice-antibes\/#respond"]}]},{"@type":"WebPage","@id":"https:\/\/www.gitesdomainedelachapelle.com\/musees-cote-azur-nice-antibes\/","url":"https:\/\/www.gitesdomainedelachapelle.com\/musees-cote-azur-nice-antibes\/","name":"Mus\u00e9es C\u00f4te d\u2019Azur : incontournables \u00e0 Nice et Antibes","isPartOf":{"@id":"https:\/\/www.gitesdomainedelachapelle.com\/#website"},"primaryImageOfPage":{"@id":"https:\/\/www.gitesdomainedelachapelle.com\/musees-cote-azur-nice-antibes\/#primaryimage"},"image":{"@id":"https:\/\/www.gitesdomainedelachapelle.com\/musees-cote-azur-nice-antibes\/#primaryimage"},"thumbnailUrl":"https:\/\/www.gitesdomainedelachapelle.com\/wp-content\/uploads\/2026\/04\/musees-cote-d-azur-art-culture-nice-antibes-monaco-roquefort-les-pins.webp","datePublished":"2026-04-25T16:28:03+00:00","dateModified":"2026-04-27T15:40:05+00:00","description":"D\u00e9couvrez les plus beaux mus\u00e9es de la C\u00f4te d\u2019Azur \u00e0 Nice et Antibes. Art, culture et patrimoine \u00e0 visiter pr\u00e8s de Roquefort-les-Pins.","breadcrumb":{"@id":"https:\/\/www.gitesdomainedelachapelle.com\/musees-cote-azur-nice-antibes\/#breadcrumb"},"inLanguage":"ru-RU","potentialAction":[{"@type":"ReadAction","target":["https:\/\/www.gitesdomainedelachapelle.com\/musees-cote-azur-nice-antibes\/"]}]},{"@type":"ImageObject","inLanguage":"ru-RU","@id":"https:\/\/www.gitesdomainedelachapelle.com\/musees-cote-azur-nice-antibes\/#primaryimage","url":"https:\/\/www.gitesdomainedelachapelle.com\/wp-content\/uploads\/2026\/04\/musees-cote-d-azur-art-culture-nice-antibes-monaco-roquefort-les-pins.webp","contentUrl":"https:\/\/www.gitesdomainedelachapelle.com\/wp-content\/uploads\/2026\/04\/musees-cote-d-azur-art-culture-nice-antibes-monaco-roquefort-les-pins.webp","width":1200,"height":627,"caption":"Explorez les plus beaux mus\u00e9es de la C\u00f4te d\u2019Azur et plongez dans l\u2019art et la culture entre Nice, Antibes et Monaco."},{"@type":"BreadcrumbList","@id":"https:\/\/www.gitesdomainedelachapelle.com\/musees-cote-azur-nice-antibes\/#breadcrumb","itemListElement":[{"@type":"ListItem","position":1,"name":"Accueil","item":"https:\/\/www.gitesdomainedelachapelle.com\/"},{"@type":"ListItem","position":2,"name":"Les plus beaux mus\u00e9es de la C\u00f4te d\u2019Azur \u00e0 d\u00e9couvrir"}]},{"@type":"WebSite","@id":"https:\/\/www.gitesdomainedelachapelle.com\/#website","url":"https:\/\/www.gitesdomainedelachapelle.com\/","name":"Gites Domaine de la Chappelle","description":"\u041e\u0447\u0430\u0440\u043e\u0432\u0430\u0442\u0435\u043b\u044c\u043d\u044b\u0435 \u0433\u0435\u0442\u0442\u044b \u0441 \u043f\u043e\u0434\u043e\u0433\u0440\u0435\u0432\u0430\u0435\u043c\u044b\u043c \u0431\u0430\u0441\u0441\u0435\u0439\u043d\u043e\u043c \u0438 \u0447\u0430\u0441\u0442\u043d\u044b\u043c \u0434\u0436\u0430\u043a\u0443\u0437\u0438 \u043d\u0430 \u041b\u0430\u0437\u0443\u0440\u043d\u043e\u043c \u0431\u0435\u0440\u0435\u0433\u0443","publisher":{"@id":"https:\/\/www.gitesdomainedelachapelle.com\/#organization"},"potentialAction":[{"@type":"SearchAction","target":{"@type":"EntryPoint","urlTemplate":"https:\/\/www.gitesdomainedelachapelle.com\/?s={search_term_string}"},"query-input":{"@type":"PropertyValueSpecification","valueRequired":true,"valueName":"search_term_string"}}],"inLanguage":"ru-RU"},{"@type":"Organization","@id":"https:\/\/www.gitesdomainedelachapelle.com\/#organization","name":"Gites Domaine de la Chappelle","url":"https:\/\/www.gitesdomainedelachapelle.com\/","logo":{"@type":"ImageObject","inLanguage":"ru-RU","@id":"https:\/\/www.gitesdomainedelachapelle.com\/#\/schema\/logo\/image\/","url":"https:\/\/www.gitesdomainedelachapelle.com\/wp-content\/uploads\/2025\/11\/LOGO-removebg-preview-1.webp","contentUrl":"https:\/\/www.gitesdomainedelachapelle.com\/wp-content\/uploads\/2025\/11\/LOGO-removebg-preview-1.webp","width":300,"height":300,"caption":"Gites Domaine de la Chappelle"},"image":{"@id":"https:\/\/www.gitesdomainedelachapelle.com\/#\/schema\/logo\/image\/"}},{"@type":"Person","@id":"https:\/\/www.gitesdomainedelachapelle.com\/#\/schema\/person\/820b01290b5b0e5d56db451762c0e004","name":"Patrice","pronouns":"nous","image":{"@type":"ImageObject","inLanguage":"ru-RU","@id":"https:\/\/secure.gravatar.com\/avatar\/e3f93a01e7806e1fe58fdbecfe9ca6bb725d62824cfd4bcd93ab79fb93dc4f5d?s=96&d=mm&r=g","url":"https:\/\/secure.gravatar.com\/avatar\/e3f93a01e7806e1fe58fdbecfe9ca6bb725d62824cfd4bcd93ab79fb93dc4f5d?s=96&d=mm&r=g","contentUrl":"https:\/\/secure.gravatar.com\/avatar\/e3f93a01e7806e1fe58fdbecfe9ca6bb725d62824cfd4bcd93ab79fb93dc4f5d?s=96&d=mm&r=g","caption":"Patrice"},"description":"Propri\u00e9taire des G\u00eetes Domaine de la Chapelle, je propose des h\u00e9bergements de charme situ\u00e9s \u00e0 Roquefort-les-Pins, au c\u0153ur de l\u2019arri\u00e8re-pays ni\u00e7ois, entre Nice, Cannes et Grasse, sur la C\u00f4te d\u2019Azur. Nous proposons des locations de vacances haut de gamme, pens\u00e9es pour les couples \u00e0 la recherche d\u2019un s\u00e9jour en amoureux, d\u2019un week-end d\u00e9tente ou de vacances bien-\u00eatre en Provence, avec piscine chauff\u00e9e et jacuzzi privatif, dans un environnement calme, naturel et sans vis-\u00e0-vis. Chaque logement est con\u00e7u pour offrir confort, intimit\u00e9 et qualit\u00e9, avec une attention particuli\u00e8re port\u00e9e \u00e0 l\u2019accueil, aux \u00e9quipements et \u00e0 l\u2019exp\u00e9rience globale du s\u00e9jour. Notre objectif est simple : permettre \u00e0 nos h\u00f4tes de se ressourcer et de profiter pleinement du soleil du Sud, d\u2019un cadre idyllique et des richesses de la C\u00f4te d\u2019Azur.","sameAs":["https:\/\/www.gitesdomainedelachapelle.com","https:\/\/www.facebook.com\/patrice.campanella\/","https:\/\/www.instagram.com\/piscine_jacuzzi_cotedazur\/","https:\/\/www.linkedin.com\/in\/g\u00eetes-domaine-de-la-chapelle-avec-piscine-chauff\u00e9e-et-jacuzzi-privatifs-sur-la-c\u00f4te-d-azur-54053572\/","https:\/\/fr.pinterest.com\/gitesdomainedelachapelle\/","https:\/\/www.youtube.com\/@gitesdomainedelachapelle"],"url":"https:\/\/www.gitesdomainedelachapelle.com\/ru\/author\/patrice\/"}]}},"_links":{"self":[{"href":"https:\/\/www.gitesdomainedelachapelle.com\/ru\/wp-json\/wp\/v2\/posts\/26572105","targetHints":{"allow":["GET"]}}],"collection":[{"href":"https:\/\/www.gitesdomainedelachapelle.com\/ru\/wp-json\/wp\/v2\/posts"}],"about":[{"href":"https:\/\/www.gitesdomainedelachapelle.com\/ru\/wp-json\/wp\/v2\/types\/post"}],"author":[{"embeddable":true,"href":"https:\/\/www.gitesdomainedelachapelle.com\/ru\/wp-json\/wp\/v2\/users\/3"}],"replies":[{"embeddable":true,"href":"https:\/\/www.gitesdomainedelachapelle.com\/ru\/wp-json\/wp\/v2\/comments?post=26572105"}],"version-history":[{"count":4,"href":"https:\/\/www.gitesdomainedelachapelle.com\/ru\/wp-json\/wp\/v2\/posts\/26572105\/revisions"}],"predecessor-version":[{"id":26572264,"href":"https:\/\/www.gitesdomainedelachapelle.com\/ru\/wp-json\/wp\/v2\/posts\/26572105\/revisions\/26572264"}],"wp:featuredmedia":[{"embeddable":true,"href":"https:\/\/www.gitesdomainedelachapelle.com\/ru\/wp-json\/wp\/v2\/media\/26572106"}],"wp:attachment":[{"href":"https:\/\/www.gitesdomainedelachapelle.com\/ru\/wp-json\/wp\/v2\/media?parent=26572105"}],"wp:term":[{"taxonomy":"category","embeddable":true,"href":"https:\/\/www.gitesdomainedelachapelle.com\/ru\/wp-json\/wp\/v2\/categories?post=26572105"},{"taxonomy":"post_tag","embeddable":true,"href":"https:\/\/www.gitesdomainedelachapelle.com\/ru\/wp-json\/wp\/v2\/tags?post=26572105"},{"taxonomy":"dipi_cpt_category","embeddable":true,"href":"https:\/\/www.gitesdomainedelachapelle.com\/ru\/wp-json\/wp\/v2\/dipi_cpt_category?post=26572105"}],"curies":[{"name":"wp","href":"https:\/\/api.w.org\/{rel}","templated":true}]}}