{"id":26572117,"date":"2026-04-27T06:50:06","date_gmt":"2026-04-27T05:50:06","guid":{"rendered":"https:\/\/www.gitesdomainedelachapelle.com\/?p=26572117"},"modified":"2026-04-27T16:38:29","modified_gmt":"2026-04-27T15:38:29","slug":"fete-roses-villa-ephrussi-2026","status":"publish","type":"post","link":"https:\/\/www.gitesdomainedelachapelle.com\/ru\/fete-roses-villa-ephrussi-2026\/","title":{"rendered":"F\u00eate des Roses \u00e0 la Villa Ephrussi de Rothschild 2026 : un \u00e9v\u00e9nement incontournable sur la C\u00f4te d\u2019Azur"},"content":{"rendered":"<p>\u041a\u0430\u0436\u0434\u0443\u044e \u0432\u0435\u0441\u043d\u0443 <strong>\u0412\u0438\u043b\u043b\u0430 Ephrussi de Rothschild \u0432 \u0421\u0435\u043d-\u0416\u0430\u043d-\u041a\u0430\u043f-\u0424\u0435\u0440\u0440\u0430<\/strong> \u0417\u0434\u0435\u0441\u044c \u043f\u0440\u043e\u0445\u043e\u0434\u0438\u0442 \u043e\u0434\u043d\u043e \u0438\u0437 \u0441\u0430\u043c\u044b\u0445 \u044d\u043b\u0435\u0433\u0430\u043d\u0442\u043d\u044b\u0445 \u043c\u0435\u0440\u043e\u043f\u0440\u0438\u044f\u0442\u0438\u0439 \u043d\u0430 \u041b\u0430\u0437\u0443\u0440\u043d\u043e\u043c \u0431\u0435\u0440\u0435\u0433\u0443: \u0444\u0435\u0441\u0442\u0438\u0432\u0430\u043b\u044c <strong>\u0424\u0435\u0441\u0442\u0438\u0432\u0430\u043b\u044c \u0440\u043e\u0437<\/strong>.<\/p>\n\n\n\n<p>\u0421\u0430\u0439\u0442 <strong>2 \u0438 3 \u043c\u0430\u044f 2026 \u0433\u043e\u0434\u0430<\/strong>, \u042d\u0442\u043e \u0437\u043d\u0430\u043a\u043e\u0432\u043e\u0435 \u043c\u0435\u0441\u0442\u043e \u043f\u0440\u0435\u0432\u0440\u0430\u0449\u0430\u0435\u0442\u0441\u044f \u0432 \u043d\u0430\u0441\u0442\u043e\u044f\u0449\u0438\u0439 \u0431\u043b\u0430\u0433\u043e\u0443\u0445\u0430\u044e\u0449\u0438\u0439 \u0441\u0430\u0434, \u0441\u043e\u0447\u0435\u0442\u0430\u044e\u0449\u0438\u0439 \u0432 \u0441\u0435\u0431\u0435 \u043f\u0440\u0438\u0440\u043e\u0434\u0443, \u043a\u0443\u043b\u044c\u0442\u0443\u0440\u0443 \u0438 \u0438\u0441\u043a\u0443\u0441\u0441\u0442\u0432\u043e \u0436\u0438\u0442\u044c.<\/p>\n\n\n\n<hr class=\"wp-block-separator has-alpha-channel-opacity\"\/>\n\n\n\n<h2 class=\"wp-block-heading\">Un week-end d\u00e9di\u00e9 aux roses et aux jardins d\u2019exception<\/h2>\n\n\n\n<p>\u0424\u0435\u0441\u0442\u0438\u0432\u0430\u043b\u044c \u0440\u043e\u0437 \u043f\u043e\u0441\u0432\u044f\u0449\u0435\u043d \u0437\u043d\u0430\u043c\u0435\u043d\u0438\u0442\u043e\u043c\u0443 <strong>\u0440\u043e\u0437\u043e\u0432\u044b\u0439 \u0441\u0430\u0434<\/strong> \u0412\u0438\u043b\u043b\u0430, \u0441\u043f\u0440\u043e\u0435\u043a\u0442\u0438\u0440\u043e\u0432\u0430\u043d\u043d\u0430\u044f \u0411\u0435\u0430\u0442\u0440\u0438\u0441 \u042d\u0444\u0440\u0443\u0441\u0441\u0438 \u0434\u0435 \u0420\u043e\u0442\u0448\u0438\u043b\u044c\u0434.<\/p>\n\n\n\n<p>\u0412 \u0442\u0435\u0447\u0435\u043d\u0438\u0435 \u0434\u0432\u0443\u0445 \u0434\u043d\u0435\u0439 \u043f\u043e\u0441\u0435\u0442\u0438\u0442\u0435\u043b\u0438 \u0441\u043c\u043e\u0433\u0443\u0442 :<\/p>\n\n\n\n<ul class=\"wp-block-list\">\n<li>\u043e\u0442\u043a\u0440\u043e\u0439\u0442\u0435 \u0434\u043b\u044f \u0441\u0435\u0431\u044f <strong>\u0438\u0441\u043a\u043b\u044e\u0447\u0438\u0442\u0435\u043b\u044c\u043d\u044b\u0435 \u0441\u043e\u0440\u0442\u0430 \u0440\u043e\u0437<\/strong><\/li>\n\n\n\n<li>\u0437\u043d\u0430\u043a\u043e\u043c\u044c\u0442\u0435\u0441\u044c: <strong>\u0441\u0430\u0434\u043e\u0432\u043e\u0434\u044b \u0438 \u044d\u043d\u0442\u0443\u0437\u0438\u0430\u0441\u0442\u044b<\/strong><\/li>\n\n\n\n<li>\u043d\u0430\u0441\u043b\u0430\u0436\u0434\u0430\u0442\u044c\u0441\u044f <strong>\u0432\u044b\u0441\u0442\u0430\u0432\u043a\u0430-\u043f\u0440\u043e\u0434\u0430\u0436\u0430 \u0440\u0430\u0441\u0442\u0435\u043d\u0438\u0439 \u0438 \u0446\u0432\u0435\u0442\u043e\u0432<\/strong><\/li>\n\n\n\n<li>\u0443\u0447\u0430\u0441\u0442\u0432\u043e\u0432\u0430\u0442\u044c \u0432 <strong>\u0441\u0430\u0434\u043e\u0432\u044b\u0435 \u043c\u0435\u0440\u043e\u043f\u0440\u0438\u044f\u0442\u0438\u044f \u0438 \u043c\u0430\u0441\u0442\u0435\u0440-\u043a\u043b\u0430\u0441\u0441\u044b<\/strong><\/li>\n<\/ul>\n\n\n\n<p>Un \u00e9v\u00e9nement id\u00e9al pour les amoureux de nature et de jardins m\u00e9diterran\u00e9ens.<\/p>\n\n\n\n<hr class=\"wp-block-separator has-alpha-channel-opacity\"\/>\n\n\n\n<h2 class=\"wp-block-heading\">Les jardins remarquables de la Villa Ephrussi<\/h2>\n\n\n\n<p>\u0412\u0438\u043b\u043b\u0430 \u043e\u043a\u0440\u0443\u0436\u0435\u043d\u0430 <strong>9 \u0442\u0435\u043c\u0430\u0442\u0438\u0447\u0435\u0441\u043a\u0438\u0445 \u0441\u0430\u0434\u043e\u0432<\/strong>, \u043a\u043b\u0430\u0441\u0441\u0438\u0444\u0438\u0446\u0438\u0440\u0443\u044e\u0442\u0441\u044f \u043a\u0430\u043a \u201c\u0417\u0430\u043c\u0435\u0447\u0430\u0442\u0435\u043b\u044c\u043d\u044b\u0435 \u0441\u0430\u0434\u044b\u201d:<\/p>\n\n\n\n<ul class=\"wp-block-list\">\n<li>\u0424\u0440\u0430\u043d\u0446\u0443\u0437\u0441\u043a\u0438\u0439 \u0441\u0430\u0434<\/li>\n\n\n\n<li>\u0418\u0442\u0430\u043b\u044c\u044f\u043d\u0441\u043a\u0438\u0439 \u0441\u0430\u0434<\/li>\n\n\n\n<li>\u042f\u043f\u043e\u043d\u0441\u043a\u0438\u0439 \u0441\u0430\u0434<\/li>\n\n\n\n<li>\u044d\u043a\u0437\u043e\u0442\u0438\u0447\u0435\u0441\u043a\u0438\u0439 \u0441\u0430\u0434<\/li>\n\n\n\n<li>\u0441\u0430\u0434 \u0432 \u0441\u0442\u0438\u043b\u0435 \u043f\u0440\u043e\u0432\u0430\u043d\u0441<\/li>\n<\/ul>\n\n\n\n<p>\u041a\u0430\u0436\u0434\u0430\u044f \u0437\u043e\u043d\u0430 \u043f\u0440\u0435\u0434\u043b\u0430\u0433\u0430\u0435\u0442 \u0443\u043d\u0438\u043a\u0430\u043b\u044c\u043d\u0443\u044e \u0430\u0442\u043c\u043e\u0441\u0444\u0435\u0440\u0443 \u0441 \u0438\u0441\u043a\u043b\u044e\u0447\u0438\u0442\u0435\u043b\u044c\u043d\u044b\u043c\u0438 \u0432\u0438\u0434\u0430\u043c\u0438 \u043d\u0430 \u0421\u0440\u0435\u0434\u0438\u0437\u0435\u043c\u043d\u043e\u0435 \u043c\u043e\u0440\u0435.<\/p>\n\n\n\n<hr class=\"wp-block-separator has-alpha-channel-opacity\"\/>\n\n\n\n<h2 class=\"wp-block-heading\">Animations et ambiance Belle \u00c9poque<\/h2>\n\n\n\n<p>\u0412\u043e \u0432\u0440\u0435\u043c\u044f \u0424\u0435\u0441\u0442\u0438\u0432\u0430\u043b\u044f \u0440\u043e\u0437 \u0432\u0438\u043b\u043b\u0430 \u0442\u0430\u043a\u0436\u0435 \u043f\u0440\u0435\u0434\u043b\u0430\u0433\u0430\u0435\u0442 :<\/p>\n\n\n\n<ul class=\"wp-block-list\">\n<li>\u0441 \u0441\u0430\u0439\u0442\u0430 <strong>\u0442\u0435\u043c\u0430\u0442\u0438\u0447\u0435\u0441\u043a\u0438\u0435 \u044d\u043a\u0441\u043a\u0443\u0440\u0441\u0438\u0438<\/strong><\/li>\n\n\n\n<li>\u0441 \u0441\u0430\u0439\u0442\u0430 <strong>\u043a\u043e\u043d\u0446\u0435\u0440\u0442\u044b \u0438 \u0440\u0430\u0437\u0432\u043b\u0435\u0447\u0435\u043d\u0438\u044f<\/strong><\/li>\n\n\n\n<li>\u0441 \u0441\u0430\u0439\u0442\u0430 <strong>\u043c\u0430\u0441\u0442\u0435\u0440-\u043a\u043b\u0430\u0441\u0441\u044b \u0434\u043b\u044f \u043c\u043e\u043b\u043e\u0434\u044b\u0445 \u0438 \u043f\u043e\u0436\u0438\u043b\u044b\u0445<\/strong><\/li>\n\n\n\n<li>\u0441 \u0441\u0430\u0439\u0442\u0430 <strong>\u0445\u0443\u0434\u043e\u0436\u0435\u0441\u0442\u0432\u0435\u043d\u043d\u044b\u0435 \u0432\u044b\u0441\u0442\u0430\u0432\u043a\u0438<\/strong><\/li>\n<\/ul>\n\n\n\n<p>\u0418 \u0432\u0441\u0435 \u044d\u0442\u043e \u0432 \u043e\u0431\u0441\u0442\u0430\u043d\u043e\u0432\u043a\u0435, \u0432\u0434\u043e\u0445\u043d\u043e\u0432\u043b\u0435\u043d\u043d\u043e\u0439 <strong>\u041f\u0440\u0435\u043a\u0440\u0430\u0441\u043d\u0430\u044f \u044d\u043f\u043e\u0445\u0430<\/strong>, \u043c\u0435\u0436\u0434\u0443 \u044d\u043b\u0435\u0433\u0430\u043d\u0442\u043d\u043e\u0441\u0442\u044c\u044e \u0438 \u0443\u0442\u043e\u043d\u0447\u0435\u043d\u043d\u043e\u0441\u0442\u044c\u044e.<\/p>\n\n\n\n<hr class=\"wp-block-separator has-alpha-channel-opacity\"\/>\n\n\n\n<h2 class=\"wp-block-heading\">Informations pratiques<\/h2>\n\n\n\n<p>\ud83d\udcc5 \u0414\u0430\u0442\u044b : <strong>2 \u0438 3 \u043c\u0430\u044f 2026 \u0433\u043e\u0434\u0430<\/strong><br>\ud83d\udccd \u0420\u0430\u0441\u043f\u043e\u043b\u043e\u0436\u0435\u043d\u0438\u0435: <strong>\u0412\u0438\u043b\u043b\u0430 \u042d\u0444\u0440\u0443\u0441\u0441\u0438 \u0434\u0435 \u0420\u043e\u0442\u0448\u0438\u043b\u044c\u0434 - \u0421\u0435\u043d-\u0416\u0430\u043d-\u041a\u0430\u043f-\u0424\u0435\u0440\u0440\u0430<\/strong><br>\ud83d\udd52 \u0420\u0430\u0441\u043f\u0438\u0441\u0430\u043d\u0438\u0435: \u043f\u043e\u043b\u043d\u044b\u0439 \u0434\u0435\u043d\u044c \u0441 \u0440\u0430\u0437\u0432\u043b\u0435\u0447\u0435\u043d\u0438\u044f\u043c\u0438<\/p>\n\n\n\n<p> Un rendez-vous incontournable du printemps sur la C\u00f4te d\u2019Azur.<\/p>\n\n\n\n<hr class=\"wp-block-separator has-alpha-channel-opacity\"\/>\n\n\n\n<h2 class=\"wp-block-heading\">Une id\u00e9e parfaite de sortie sur la C\u00f4te d\u2019Azur<\/h2>\n\n\n\n<p>\u0415\u0441\u043b\u0438 \u0432\u044b \u043f\u0440\u0438\u0435\u0445\u0430\u043b\u0438 \u0432 \u0433\u043e\u0440\u043e\u0434 \u0438\u043b\u0438 \u0436\u0438\u0432\u0435\u0442\u0435 \u0432 \u044d\u0442\u043e\u043c \u0440\u0435\u0433\u0438\u043e\u043d\u0435, \u0424\u0435\u0441\u0442\u0438\u0432\u0430\u043b\u044c \u0440\u043e\u0437 - \u0438\u0434\u0435\u0430\u043b\u044c\u043d\u043e\u0435 \u043c\u0435\u0441\u0442\u043e \u0434\u043b\u044f :<\/p>\n\n\n\n<ul class=\"wp-block-list\">\n<li>a <strong>\u0440\u043e\u043c\u0430\u043d\u0442\u0438\u0447\u0435\u0441\u043a\u0438\u0439 \u043e\u0442\u0434\u044b\u0445<\/strong><\/li>\n\n\n\n<li>a <strong>\u043f\u0440\u043e\u0433\u0443\u043b\u043a\u0430 \u043d\u0430 \u043f\u0440\u0438\u0440\u043e\u0434\u0435<\/strong><\/li>\n\n\n\n<li>a <strong>\u0414\u0435\u043d\u044c \u043e\u0442\u0434\u044b\u0445\u0430 \u0443 \u043c\u043e\u0440\u044f<\/strong><\/li>\n<\/ul>\n\n\n\n<hr class=\"wp-block-separator has-alpha-channel-opacity\"\/>\n\n\n\n<h2 class=\"wp-block-heading\">O\u00f9 s\u00e9journer pour profiter de l\u2019\u00e9v\u00e9nement ?<\/h2>\n\n\n\n<p>\u0412\u0441\u0435\u0433\u043e \u0432 \u043d\u0435\u0441\u043a\u043e\u043b\u044c\u043a\u0438\u0445 \u043a\u0438\u043b\u043e\u043c\u0435\u0442\u0440\u0430\u0445 \u043e\u0442 \u043d\u0435\u0433\u043e \u043d\u0430\u0445\u043e\u0434\u0438\u0442\u0441\u044f <strong>G\u00eetes Domaine de la Chapelle \u00e0 Roquefort-les-Pins<\/strong> \u041f\u0440\u0438\u0432\u0435\u0442\u0441\u0442\u0432\u0443\u0435\u043c \u0432\u0430\u0441 \u0432 \u0441\u043f\u043e\u043a\u043e\u0439\u043d\u043e\u0439, \u043b\u0438\u0441\u0442\u0432\u0435\u043d\u043d\u043e\u0439 \u043e\u0431\u0441\u0442\u0430\u043d\u043e\u0432\u043a\u0435.<\/p>\n\n\n\n<p>\u0412\u043e\u0441\u043f\u043e\u043b\u044c\u0437\u0443\u0439\u0442\u0435\u0441\u044c \u043f\u0440\u0435\u0438\u043c\u0443\u0449\u0435\u0441\u0442\u0432\u043e\u043c :<\/p>\n\n\n\n<ul class=\"wp-block-list\">\n<li>a <strong>\u0431\u0430\u0441\u0441\u0435\u0439\u043d \u0441 \u043f\u043e\u0434\u043e\u0433\u0440\u0435\u0432\u043e\u043c<\/strong><\/li>\n\n\n\n<li>a <strong>\u0447\u0430\u0441\u0442\u043d\u0430\u044f \u0434\u0436\u0430\u043a\u0443\u0437\u0438<\/strong><\/li>\n\n\n\n<li>a <strong>\u041e\u0447\u0430\u0440\u043e\u0432\u0430\u0442\u0435\u043b\u044c\u043d\u043e\u0435 \u0436\u0438\u043b\u044c\u0435 \u0434\u043b\u044f \u0434\u0432\u043e\u0438\u0445<\/strong><\/li>\n\n\n\n<li>\u0422\u0438\u0445\u0438\u0435 \u043e\u043a\u0440\u0435\u0441\u0442\u043d\u043e\u0441\u0442\u0438 \u0440\u044f\u0434\u043e\u043c \u0441 \u041b\u0430\u0437\u0443\u0440\u043d\u044b\u043c \u0431\u0435\u0440\u0435\u0433\u043e\u043c<\/li>\n<\/ul>\n\n\n\n<p>Parfait pour prolonger votre week-end entre d\u00e9tente et d\u00e9couverte.<\/p>\n\n\n\n<hr class=\"wp-block-separator has-alpha-channel-opacity\"\/>\n\n\n\n<h2 class=\"wp-block-heading\">FAQ \u2013 F\u00eate des Roses Villa Ephrussi<\/h2>\n\n\n\n<p><strong>\u041a\u043e\u0433\u0434\u0430 \u0441\u043e\u0441\u0442\u043e\u0438\u0442\u0441\u044f \u0424\u0435\u0441\u0442\u0438\u0432\u0430\u043b\u044c \u0440\u043e\u0437 \u0432 2026 \u0433\u043e\u0434\u0443?<\/strong><br>\ud83d\udc49 2 \u0438 3 \u043c\u0430\u044f 2026 \u0433\u043e\u0434\u0430.<\/p>\n\n\n\n<p><strong>\u0413\u0434\u0435 \u043d\u0430\u0445\u043e\u0434\u0438\u0442\u0441\u044f Villa Ephrussi?<\/strong><br>\ud83d\udc49 \u0412 \u0421\u0435\u043d-\u0416\u0430\u043d-\u041a\u0430\u043f-\u0424\u0435\u0440\u0440\u0430, \u043c\u0435\u0436\u0434\u0443 \u041d\u0438\u0446\u0446\u0435\u0439 \u0438 \u041c\u043e\u043d\u0430\u043a\u043e.<\/p>\n\n\n\n<p><strong>\u0427\u0442\u043e \u043c\u043e\u0436\u043d\u043e \u0443\u0432\u0438\u0434\u0435\u0442\u044c \u043d\u0430 \u043c\u0435\u0440\u043e\u043f\u0440\u0438\u044f\u0442\u0438\u0438?<\/strong><br>\ud83d\udc49 \u0420\u043e\u0437\u044b, \u0437\u0430\u043c\u0435\u0447\u0430\u0442\u0435\u043b\u044c\u043d\u044b\u0435 \u0441\u0430\u0434\u044b, \u043c\u0435\u0440\u043e\u043f\u0440\u0438\u044f\u0442\u0438\u044f \u0438 \u0432\u044b\u0441\u0442\u0430\u0432\u043a\u0438.<\/p>\n\n\n\n<hr class=\"wp-block-separator has-alpha-channel-opacity\"\/>\n\n\n\n<h2 class=\"wp-block-heading\">\ud83d\udd17 \u0417\u0430\u0431\u0440\u043e\u043d\u0438\u0440\u0443\u0439\u0442\u0435 \u0441\u0432\u043e\u0435 \u043f\u0440\u0435\u0431\u044b\u0432\u0430\u043d\u0438\u0435 \u043d\u0430 \u041b\u0430\u0437\u0443\u0440\u043d\u043e\u043c \u0431\u0435\u0440\u0435\u0433\u0443<\/h2>\n\n\n\n<p><a href=\"https:\/\/www.gitesdomainedelachapelle.com\/nos-appartements\/\">https:\/\/www.gitesdomainedelachapelle.com\/nos-appartements\/<\/a><\/p>\n\n\n\n<p><\/p>","protected":false},"excerpt":{"rendered":"<p>Chaque printemps, la Villa Ephrussi de Rothschild \u00e0 Saint-Jean-Cap-Ferrat accueille l\u2019un des \u00e9v\u00e9nements les plus \u00e9l\u00e9gants de la C\u00f4te d\u2019Azur : la F\u00eate des Roses. Les 2 et 3 mai 2026, ce lieu embl\u00e9matique se transforme en un v\u00e9ritable jardin parfum\u00e9, m\u00ealant nature, culture et art de vivre. Un week-end d\u00e9di\u00e9 aux roses et aux [&hellip;]<\/p>\n","protected":false},"author":3,"featured_media":26572118,"comment_status":"open","ping_status":"open","sticky":false,"template":"","format":"standard","meta":{"_et_pb_use_builder":"off","_et_pb_old_content":"","_et_gb_content_width":"","footnotes":""},"categories":[128],"tags":[115,238,212,213],"dipi_cpt_category":[],"class_list":["post-26572117","post","type-post","status-publish","format-standard","has-post-thumbnail","hentry","category-evenements","tag-evenement-cote-dazur","tag-fete-des-roses-ephrussi","tag-saint-jean-cap-ferrat","tag-villa-ephrussi-rothschild"],"yoast_head":"<!-- This site is optimized with the Yoast SEO plugin v27.4 - https:\/\/yoast.com\/product\/yoast-seo-wordpress\/ -->\n<title>F\u00eate des Roses Villa Ephrussi 2026 | C\u00f4te d\u2019Azur<\/title>\n<meta name=\"description\" content=\"D\u00e9couvrez la f\u00eate des roses \u00e0 la Villa Ephrussi \u00e0 Saint-Jean-Cap-Ferrat sur la C\u00f4te d\u2019Azur, un \u00e9v\u00e9nement floral incontournable en mai.\" \/>\n<meta name=\"robots\" content=\"index, follow, max-snippet:-1, max-image-preview:large, max-video-preview:-1\" \/>\n<link rel=\"canonical\" href=\"https:\/\/www.gitesdomainedelachapelle.com\/ru\/fete-roses-villa-ephrussi-2026\/\" \/>\n<meta property=\"og:locale\" content=\"ru_RU\" \/>\n<meta property=\"og:type\" content=\"article\" \/>\n<meta property=\"og:title\" content=\"F\u00eate des Roses Villa Ephrussi 2026 | C\u00f4te d\u2019Azur\" \/>\n<meta property=\"og:description\" content=\"D\u00e9couvrez la f\u00eate des roses \u00e0 la Villa Ephrussi \u00e0 Saint-Jean-Cap-Ferrat sur la C\u00f4te d\u2019Azur, un \u00e9v\u00e9nement floral incontournable en mai.\" \/>\n<meta property=\"og:url\" content=\"https:\/\/www.gitesdomainedelachapelle.com\/ru\/fete-roses-villa-ephrussi-2026\/\" \/>\n<meta property=\"og:site_name\" content=\"G\u00eetes Domaine de la Chapelle\" \/>\n<meta property=\"article:author\" content=\"https:\/\/www.facebook.com\/patrice.campanella\/\" \/>\n<meta property=\"article:published_time\" content=\"2026-04-27T05:50:06+00:00\" \/>\n<meta property=\"article:modified_time\" content=\"2026-04-27T15:38:29+00:00\" \/>\n<meta property=\"og:image\" content=\"https:\/\/www.gitesdomainedelachapelle.com\/wp-content\/uploads\/2026\/04\/fete-roses-villa-ephrussi-rothschild-saint-jean-cap-ferrat.webp\" \/>\n\t<meta property=\"og:image:width\" content=\"1280\" \/>\n\t<meta property=\"og:image:height\" content=\"602\" \/>\n\t<meta property=\"og:image:type\" content=\"image\/webp\" \/>\n<meta name=\"author\" content=\"Patrice\" \/>\n<meta name=\"twitter:card\" content=\"summary_large_image\" \/>\n<meta name=\"twitter:label1\" content=\"\u041d\u0430\u043f\u0438\u0441\u0430\u043d\u043e \u0430\u0432\u0442\u043e\u0440\u043e\u043c\" \/>\n\t<meta name=\"twitter:data1\" content=\"Patrice\" \/>\n\t<meta name=\"twitter:label2\" content=\"\u041f\u0440\u0438\u043c\u0435\u0440\u043d\u043e\u0435 \u0432\u0440\u0435\u043c\u044f \u0434\u043b\u044f \u0447\u0442\u0435\u043d\u0438\u044f\" \/>\n\t<meta name=\"twitter:data2\" content=\"3 \u043c\u0438\u043d\u0443\u0442\u044b\" \/>\n<script type=\"application\/ld+json\" class=\"yoast-schema-graph\">{\"@context\":\"https:\\\/\\\/schema.org\",\"@graph\":[{\"@type\":\"Article\",\"@id\":\"https:\\\/\\\/www.gitesdomainedelachapelle.com\\\/fete-roses-villa-ephrussi-2026\\\/#article\",\"isPartOf\":{\"@id\":\"https:\\\/\\\/www.gitesdomainedelachapelle.com\\\/fete-roses-villa-ephrussi-2026\\\/\"},\"author\":{\"name\":\"Patrice\",\"@id\":\"https:\\\/\\\/www.gitesdomainedelachapelle.com\\\/#\\\/schema\\\/person\\\/820b01290b5b0e5d56db451762c0e004\"},\"headline\":\"F\u00eate des Roses \u00e0 la Villa Ephrussi de Rothschild 2026 : un \u00e9v\u00e9nement incontournable sur la C\u00f4te d\u2019Azur\",\"datePublished\":\"2026-04-27T05:50:06+00:00\",\"dateModified\":\"2026-04-27T15:38:29+00:00\",\"mainEntityOfPage\":{\"@id\":\"https:\\\/\\\/www.gitesdomainedelachapelle.com\\\/fete-roses-villa-ephrussi-2026\\\/\"},\"wordCount\":464,\"commentCount\":0,\"publisher\":{\"@id\":\"https:\\\/\\\/www.gitesdomainedelachapelle.com\\\/#organization\"},\"image\":{\"@id\":\"https:\\\/\\\/www.gitesdomainedelachapelle.com\\\/fete-roses-villa-ephrussi-2026\\\/#primaryimage\"},\"thumbnailUrl\":\"https:\\\/\\\/www.gitesdomainedelachapelle.com\\\/wp-content\\\/uploads\\\/2026\\\/04\\\/fete-roses-villa-ephrussi-rothschild-saint-jean-cap-ferrat.webp\",\"keywords\":[\"\u00e9v\u00e9nement C\u00f4te d\u2019Azur\",\"f\u00eate des roses ephrussi\",\"saint jean cap ferrat\",\"villa ephrussi rothschild\"],\"articleSection\":[\"Evenements sur la C\u00f4te d'Azur\"],\"inLanguage\":\"ru-RU\",\"potentialAction\":[{\"@type\":\"CommentAction\",\"name\":\"Comment\",\"target\":[\"https:\\\/\\\/www.gitesdomainedelachapelle.com\\\/fete-roses-villa-ephrussi-2026\\\/#respond\"]}]},{\"@type\":\"WebPage\",\"@id\":\"https:\\\/\\\/www.gitesdomainedelachapelle.com\\\/fete-roses-villa-ephrussi-2026\\\/\",\"url\":\"https:\\\/\\\/www.gitesdomainedelachapelle.com\\\/fete-roses-villa-ephrussi-2026\\\/\",\"name\":\"F\u00eate des Roses Villa Ephrussi 2026 | C\u00f4te d\u2019Azur\",\"isPartOf\":{\"@id\":\"https:\\\/\\\/www.gitesdomainedelachapelle.com\\\/#website\"},\"primaryImageOfPage\":{\"@id\":\"https:\\\/\\\/www.gitesdomainedelachapelle.com\\\/fete-roses-villa-ephrussi-2026\\\/#primaryimage\"},\"image\":{\"@id\":\"https:\\\/\\\/www.gitesdomainedelachapelle.com\\\/fete-roses-villa-ephrussi-2026\\\/#primaryimage\"},\"thumbnailUrl\":\"https:\\\/\\\/www.gitesdomainedelachapelle.com\\\/wp-content\\\/uploads\\\/2026\\\/04\\\/fete-roses-villa-ephrussi-rothschild-saint-jean-cap-ferrat.webp\",\"datePublished\":\"2026-04-27T05:50:06+00:00\",\"dateModified\":\"2026-04-27T15:38:29+00:00\",\"description\":\"D\u00e9couvrez la f\u00eate des roses \u00e0 la Villa Ephrussi \u00e0 Saint-Jean-Cap-Ferrat sur la C\u00f4te d\u2019Azur, un \u00e9v\u00e9nement floral incontournable en mai.\",\"breadcrumb\":{\"@id\":\"https:\\\/\\\/www.gitesdomainedelachapelle.com\\\/fete-roses-villa-ephrussi-2026\\\/#breadcrumb\"},\"inLanguage\":\"ru-RU\",\"potentialAction\":[{\"@type\":\"ReadAction\",\"target\":[\"https:\\\/\\\/www.gitesdomainedelachapelle.com\\\/fete-roses-villa-ephrussi-2026\\\/\"]}]},{\"@type\":\"ImageObject\",\"inLanguage\":\"ru-RU\",\"@id\":\"https:\\\/\\\/www.gitesdomainedelachapelle.com\\\/fete-roses-villa-ephrussi-2026\\\/#primaryimage\",\"url\":\"https:\\\/\\\/www.gitesdomainedelachapelle.com\\\/wp-content\\\/uploads\\\/2026\\\/04\\\/fete-roses-villa-ephrussi-rothschild-saint-jean-cap-ferrat.webp\",\"contentUrl\":\"https:\\\/\\\/www.gitesdomainedelachapelle.com\\\/wp-content\\\/uploads\\\/2026\\\/04\\\/fete-roses-villa-ephrussi-rothschild-saint-jean-cap-ferrat.webp\",\"width\":1280,\"height\":602,\"caption\":\"F\u00eate des roses \u00e0 la Villa Ephrussi avec ses jardins fleuris\"},{\"@type\":\"BreadcrumbList\",\"@id\":\"https:\\\/\\\/www.gitesdomainedelachapelle.com\\\/fete-roses-villa-ephrussi-2026\\\/#breadcrumb\",\"itemListElement\":[{\"@type\":\"ListItem\",\"position\":1,\"name\":\"Accueil\",\"item\":\"https:\\\/\\\/www.gitesdomainedelachapelle.com\\\/\"},{\"@type\":\"ListItem\",\"position\":2,\"name\":\"F\u00eate des Roses \u00e0 la Villa Ephrussi de Rothschild 2026 : un \u00e9v\u00e9nement incontournable sur la C\u00f4te d\u2019Azur\"}]},{\"@type\":\"WebSite\",\"@id\":\"https:\\\/\\\/www.gitesdomainedelachapelle.com\\\/#website\",\"url\":\"https:\\\/\\\/www.gitesdomainedelachapelle.com\\\/\",\"name\":\"Gites Domaine de la Chappelle\",\"description\":\"G\u00eetes de charme avec piscine chauff\u00e9e et jacuzzi privatif sur la C\u00f4te d\u2019Azur\",\"publisher\":{\"@id\":\"https:\\\/\\\/www.gitesdomainedelachapelle.com\\\/#organization\"},\"potentialAction\":[{\"@type\":\"SearchAction\",\"target\":{\"@type\":\"EntryPoint\",\"urlTemplate\":\"https:\\\/\\\/www.gitesdomainedelachapelle.com\\\/?s={search_term_string}\"},\"query-input\":{\"@type\":\"PropertyValueSpecification\",\"valueRequired\":true,\"valueName\":\"search_term_string\"}}],\"inLanguage\":\"ru-RU\"},{\"@type\":\"Organization\",\"@id\":\"https:\\\/\\\/www.gitesdomainedelachapelle.com\\\/#organization\",\"name\":\"Gites Domaine de la Chappelle\",\"url\":\"https:\\\/\\\/www.gitesdomainedelachapelle.com\\\/\",\"logo\":{\"@type\":\"ImageObject\",\"inLanguage\":\"ru-RU\",\"@id\":\"https:\\\/\\\/www.gitesdomainedelachapelle.com\\\/#\\\/schema\\\/logo\\\/image\\\/\",\"url\":\"https:\\\/\\\/www.gitesdomainedelachapelle.com\\\/wp-content\\\/uploads\\\/2025\\\/11\\\/LOGO-removebg-preview-1.webp\",\"contentUrl\":\"https:\\\/\\\/www.gitesdomainedelachapelle.com\\\/wp-content\\\/uploads\\\/2025\\\/11\\\/LOGO-removebg-preview-1.webp\",\"width\":300,\"height\":300,\"caption\":\"Gites Domaine de la Chappelle\"},\"image\":{\"@id\":\"https:\\\/\\\/www.gitesdomainedelachapelle.com\\\/#\\\/schema\\\/logo\\\/image\\\/\"}},{\"@type\":\"Person\",\"@id\":\"https:\\\/\\\/www.gitesdomainedelachapelle.com\\\/#\\\/schema\\\/person\\\/820b01290b5b0e5d56db451762c0e004\",\"name\":\"Patrice\",\"pronouns\":\"nous\",\"image\":{\"@type\":\"ImageObject\",\"inLanguage\":\"ru-RU\",\"@id\":\"https:\\\/\\\/secure.gravatar.com\\\/avatar\\\/e3f93a01e7806e1fe58fdbecfe9ca6bb725d62824cfd4bcd93ab79fb93dc4f5d?s=96&d=mm&r=g\",\"url\":\"https:\\\/\\\/secure.gravatar.com\\\/avatar\\\/e3f93a01e7806e1fe58fdbecfe9ca6bb725d62824cfd4bcd93ab79fb93dc4f5d?s=96&d=mm&r=g\",\"contentUrl\":\"https:\\\/\\\/secure.gravatar.com\\\/avatar\\\/e3f93a01e7806e1fe58fdbecfe9ca6bb725d62824cfd4bcd93ab79fb93dc4f5d?s=96&d=mm&r=g\",\"caption\":\"Patrice\"},\"description\":\"Propri\u00e9taire des G\u00eetes Domaine de la Chapelle, je propose des h\u00e9bergements de charme situ\u00e9s \u00e0 Roquefort-les-Pins, au c\u0153ur de l\u2019arri\u00e8re-pays ni\u00e7ois, entre Nice, Cannes et Grasse, sur la C\u00f4te d\u2019Azur. Nous proposons des locations de vacances haut de gamme, pens\u00e9es pour les couples \u00e0 la recherche d\u2019un s\u00e9jour en amoureux, d\u2019un week-end d\u00e9tente ou de vacances bien-\u00eatre en Provence, avec piscine chauff\u00e9e et jacuzzi privatif, dans un environnement calme, naturel et sans vis-\u00e0-vis. Chaque logement est con\u00e7u pour offrir confort, intimit\u00e9 et qualit\u00e9, avec une attention particuli\u00e8re port\u00e9e \u00e0 l\u2019accueil, aux \u00e9quipements et \u00e0 l\u2019exp\u00e9rience globale du s\u00e9jour. Notre objectif est simple : permettre \u00e0 nos h\u00f4tes de se ressourcer et de profiter pleinement du soleil du Sud, d\u2019un cadre idyllique et des richesses de la C\u00f4te d\u2019Azur.\",\"sameAs\":[\"https:\\\/\\\/www.gitesdomainedelachapelle.com\",\"https:\\\/\\\/www.facebook.com\\\/patrice.campanella\\\/\",\"https:\\\/\\\/www.instagram.com\\\/piscine_jacuzzi_cotedazur\\\/\",\"https:\\\/\\\/www.linkedin.com\\\/in\\\/g\u00eetes-domaine-de-la-chapelle-avec-piscine-chauff\u00e9e-et-jacuzzi-privatifs-sur-la-c\u00f4te-d-azur-54053572\\\/\",\"https:\\\/\\\/fr.pinterest.com\\\/gitesdomainedelachapelle\\\/\",\"https:\\\/\\\/www.youtube.com\\\/@gitesdomainedelachapelle\"],\"url\":\"https:\\\/\\\/www.gitesdomainedelachapelle.com\\\/ru\\\/author\\\/patrice\\\/\"}]}<\/script>\n<!-- \/ Yoast SEO plugin. -->","yoast_head_json":{"title":"F\u00eate des Roses Villa Ephrussi 2026 | C\u00f4te d\u2019Azur","description":"D\u00e9couvrez la f\u00eate des roses \u00e0 la Villa Ephrussi \u00e0 Saint-Jean-Cap-Ferrat sur la C\u00f4te d\u2019Azur, un \u00e9v\u00e9nement floral incontournable en mai.","robots":{"index":"index","follow":"follow","max-snippet":"max-snippet:-1","max-image-preview":"max-image-preview:large","max-video-preview":"max-video-preview:-1"},"canonical":"https:\/\/www.gitesdomainedelachapelle.com\/ru\/fete-roses-villa-ephrussi-2026\/","og_locale":"ru_RU","og_type":"article","og_title":"F\u00eate des Roses Villa Ephrussi 2026 | C\u00f4te d\u2019Azur","og_description":"D\u00e9couvrez la f\u00eate des roses \u00e0 la Villa Ephrussi \u00e0 Saint-Jean-Cap-Ferrat sur la C\u00f4te d\u2019Azur, un \u00e9v\u00e9nement floral incontournable en mai.","og_url":"https:\/\/www.gitesdomainedelachapelle.com\/ru\/fete-roses-villa-ephrussi-2026\/","og_site_name":"G\u00eetes Domaine de la Chapelle","article_author":"https:\/\/www.facebook.com\/patrice.campanella\/","article_published_time":"2026-04-27T05:50:06+00:00","article_modified_time":"2026-04-27T15:38:29+00:00","og_image":[{"width":1280,"height":602,"url":"https:\/\/www.gitesdomainedelachapelle.com\/wp-content\/uploads\/2026\/04\/fete-roses-villa-ephrussi-rothschild-saint-jean-cap-ferrat.webp","type":"image\/webp"}],"author":"Patrice","twitter_card":"summary_large_image","twitter_misc":{"\u041d\u0430\u043f\u0438\u0441\u0430\u043d\u043e \u0430\u0432\u0442\u043e\u0440\u043e\u043c":"Patrice","\u041f\u0440\u0438\u043c\u0435\u0440\u043d\u043e\u0435 \u0432\u0440\u0435\u043c\u044f \u0434\u043b\u044f \u0447\u0442\u0435\u043d\u0438\u044f":"3 \u043c\u0438\u043d\u0443\u0442\u044b"},"schema":{"@context":"https:\/\/schema.org","@graph":[{"@type":"Article","@id":"https:\/\/www.gitesdomainedelachapelle.com\/fete-roses-villa-ephrussi-2026\/#article","isPartOf":{"@id":"https:\/\/www.gitesdomainedelachapelle.com\/fete-roses-villa-ephrussi-2026\/"},"author":{"name":"Patrice","@id":"https:\/\/www.gitesdomainedelachapelle.com\/#\/schema\/person\/820b01290b5b0e5d56db451762c0e004"},"headline":"F\u00eate des Roses \u00e0 la Villa Ephrussi de Rothschild 2026 : un \u00e9v\u00e9nement incontournable sur la C\u00f4te d\u2019Azur","datePublished":"2026-04-27T05:50:06+00:00","dateModified":"2026-04-27T15:38:29+00:00","mainEntityOfPage":{"@id":"https:\/\/www.gitesdomainedelachapelle.com\/fete-roses-villa-ephrussi-2026\/"},"wordCount":464,"commentCount":0,"publisher":{"@id":"https:\/\/www.gitesdomainedelachapelle.com\/#organization"},"image":{"@id":"https:\/\/www.gitesdomainedelachapelle.com\/fete-roses-villa-ephrussi-2026\/#primaryimage"},"thumbnailUrl":"https:\/\/www.gitesdomainedelachapelle.com\/wp-content\/uploads\/2026\/04\/fete-roses-villa-ephrussi-rothschild-saint-jean-cap-ferrat.webp","keywords":["\u00e9v\u00e9nement C\u00f4te d\u2019Azur","f\u00eate des roses ephrussi","saint jean cap ferrat","villa ephrussi rothschild"],"articleSection":["Evenements sur la C\u00f4te d'Azur"],"inLanguage":"ru-RU","potentialAction":[{"@type":"CommentAction","name":"Comment","target":["https:\/\/www.gitesdomainedelachapelle.com\/fete-roses-villa-ephrussi-2026\/#respond"]}]},{"@type":"WebPage","@id":"https:\/\/www.gitesdomainedelachapelle.com\/fete-roses-villa-ephrussi-2026\/","url":"https:\/\/www.gitesdomainedelachapelle.com\/fete-roses-villa-ephrussi-2026\/","name":"F\u00eate des Roses Villa Ephrussi 2026 | C\u00f4te d\u2019Azur","isPartOf":{"@id":"https:\/\/www.gitesdomainedelachapelle.com\/#website"},"primaryImageOfPage":{"@id":"https:\/\/www.gitesdomainedelachapelle.com\/fete-roses-villa-ephrussi-2026\/#primaryimage"},"image":{"@id":"https:\/\/www.gitesdomainedelachapelle.com\/fete-roses-villa-ephrussi-2026\/#primaryimage"},"thumbnailUrl":"https:\/\/www.gitesdomainedelachapelle.com\/wp-content\/uploads\/2026\/04\/fete-roses-villa-ephrussi-rothschild-saint-jean-cap-ferrat.webp","datePublished":"2026-04-27T05:50:06+00:00","dateModified":"2026-04-27T15:38:29+00:00","description":"D\u00e9couvrez la f\u00eate des roses \u00e0 la Villa Ephrussi \u00e0 Saint-Jean-Cap-Ferrat sur la C\u00f4te d\u2019Azur, un \u00e9v\u00e9nement floral incontournable en mai.","breadcrumb":{"@id":"https:\/\/www.gitesdomainedelachapelle.com\/fete-roses-villa-ephrussi-2026\/#breadcrumb"},"inLanguage":"ru-RU","potentialAction":[{"@type":"ReadAction","target":["https:\/\/www.gitesdomainedelachapelle.com\/fete-roses-villa-ephrussi-2026\/"]}]},{"@type":"ImageObject","inLanguage":"ru-RU","@id":"https:\/\/www.gitesdomainedelachapelle.com\/fete-roses-villa-ephrussi-2026\/#primaryimage","url":"https:\/\/www.gitesdomainedelachapelle.com\/wp-content\/uploads\/2026\/04\/fete-roses-villa-ephrussi-rothschild-saint-jean-cap-ferrat.webp","contentUrl":"https:\/\/www.gitesdomainedelachapelle.com\/wp-content\/uploads\/2026\/04\/fete-roses-villa-ephrussi-rothschild-saint-jean-cap-ferrat.webp","width":1280,"height":602,"caption":"F\u00eate des roses \u00e0 la Villa Ephrussi avec ses jardins fleuris"},{"@type":"BreadcrumbList","@id":"https:\/\/www.gitesdomainedelachapelle.com\/fete-roses-villa-ephrussi-2026\/#breadcrumb","itemListElement":[{"@type":"ListItem","position":1,"name":"Accueil","item":"https:\/\/www.gitesdomainedelachapelle.com\/"},{"@type":"ListItem","position":2,"name":"F\u00eate des Roses \u00e0 la Villa Ephrussi de Rothschild 2026 : un \u00e9v\u00e9nement incontournable sur la C\u00f4te d\u2019Azur"}]},{"@type":"WebSite","@id":"https:\/\/www.gitesdomainedelachapelle.com\/#website","url":"https:\/\/www.gitesdomainedelachapelle.com\/","name":"Gites Domaine de la Chappelle","description":"\u041e\u0447\u0430\u0440\u043e\u0432\u0430\u0442\u0435\u043b\u044c\u043d\u044b\u0435 \u0433\u0435\u0442\u0442\u044b \u0441 \u043f\u043e\u0434\u043e\u0433\u0440\u0435\u0432\u0430\u0435\u043c\u044b\u043c \u0431\u0430\u0441\u0441\u0435\u0439\u043d\u043e\u043c \u0438 \u0447\u0430\u0441\u0442\u043d\u044b\u043c \u0434\u0436\u0430\u043a\u0443\u0437\u0438 \u043d\u0430 \u041b\u0430\u0437\u0443\u0440\u043d\u043e\u043c \u0431\u0435\u0440\u0435\u0433\u0443","publisher":{"@id":"https:\/\/www.gitesdomainedelachapelle.com\/#organization"},"potentialAction":[{"@type":"SearchAction","target":{"@type":"EntryPoint","urlTemplate":"https:\/\/www.gitesdomainedelachapelle.com\/?s={search_term_string}"},"query-input":{"@type":"PropertyValueSpecification","valueRequired":true,"valueName":"search_term_string"}}],"inLanguage":"ru-RU"},{"@type":"Organization","@id":"https:\/\/www.gitesdomainedelachapelle.com\/#organization","name":"Gites Domaine de la Chappelle","url":"https:\/\/www.gitesdomainedelachapelle.com\/","logo":{"@type":"ImageObject","inLanguage":"ru-RU","@id":"https:\/\/www.gitesdomainedelachapelle.com\/#\/schema\/logo\/image\/","url":"https:\/\/www.gitesdomainedelachapelle.com\/wp-content\/uploads\/2025\/11\/LOGO-removebg-preview-1.webp","contentUrl":"https:\/\/www.gitesdomainedelachapelle.com\/wp-content\/uploads\/2025\/11\/LOGO-removebg-preview-1.webp","width":300,"height":300,"caption":"Gites Domaine de la Chappelle"},"image":{"@id":"https:\/\/www.gitesdomainedelachapelle.com\/#\/schema\/logo\/image\/"}},{"@type":"Person","@id":"https:\/\/www.gitesdomainedelachapelle.com\/#\/schema\/person\/820b01290b5b0e5d56db451762c0e004","name":"Patrice","pronouns":"nous","image":{"@type":"ImageObject","inLanguage":"ru-RU","@id":"https:\/\/secure.gravatar.com\/avatar\/e3f93a01e7806e1fe58fdbecfe9ca6bb725d62824cfd4bcd93ab79fb93dc4f5d?s=96&d=mm&r=g","url":"https:\/\/secure.gravatar.com\/avatar\/e3f93a01e7806e1fe58fdbecfe9ca6bb725d62824cfd4bcd93ab79fb93dc4f5d?s=96&d=mm&r=g","contentUrl":"https:\/\/secure.gravatar.com\/avatar\/e3f93a01e7806e1fe58fdbecfe9ca6bb725d62824cfd4bcd93ab79fb93dc4f5d?s=96&d=mm&r=g","caption":"Patrice"},"description":"Propri\u00e9taire des G\u00eetes Domaine de la Chapelle, je propose des h\u00e9bergements de charme situ\u00e9s \u00e0 Roquefort-les-Pins, au c\u0153ur de l\u2019arri\u00e8re-pays ni\u00e7ois, entre Nice, Cannes et Grasse, sur la C\u00f4te d\u2019Azur. Nous proposons des locations de vacances haut de gamme, pens\u00e9es pour les couples \u00e0 la recherche d\u2019un s\u00e9jour en amoureux, d\u2019un week-end d\u00e9tente ou de vacances bien-\u00eatre en Provence, avec piscine chauff\u00e9e et jacuzzi privatif, dans un environnement calme, naturel et sans vis-\u00e0-vis. Chaque logement est con\u00e7u pour offrir confort, intimit\u00e9 et qualit\u00e9, avec une attention particuli\u00e8re port\u00e9e \u00e0 l\u2019accueil, aux \u00e9quipements et \u00e0 l\u2019exp\u00e9rience globale du s\u00e9jour. Notre objectif est simple : permettre \u00e0 nos h\u00f4tes de se ressourcer et de profiter pleinement du soleil du Sud, d\u2019un cadre idyllique et des richesses de la C\u00f4te d\u2019Azur.","sameAs":["https:\/\/www.gitesdomainedelachapelle.com","https:\/\/www.facebook.com\/patrice.campanella\/","https:\/\/www.instagram.com\/piscine_jacuzzi_cotedazur\/","https:\/\/www.linkedin.com\/in\/g\u00eetes-domaine-de-la-chapelle-avec-piscine-chauff\u00e9e-et-jacuzzi-privatifs-sur-la-c\u00f4te-d-azur-54053572\/","https:\/\/fr.pinterest.com\/gitesdomainedelachapelle\/","https:\/\/www.youtube.com\/@gitesdomainedelachapelle"],"url":"https:\/\/www.gitesdomainedelachapelle.com\/ru\/author\/patrice\/"}]}},"_links":{"self":[{"href":"https:\/\/www.gitesdomainedelachapelle.com\/ru\/wp-json\/wp\/v2\/posts\/26572117","targetHints":{"allow":["GET"]}}],"collection":[{"href":"https:\/\/www.gitesdomainedelachapelle.com\/ru\/wp-json\/wp\/v2\/posts"}],"about":[{"href":"https:\/\/www.gitesdomainedelachapelle.com\/ru\/wp-json\/wp\/v2\/types\/post"}],"author":[{"embeddable":true,"href":"https:\/\/www.gitesdomainedelachapelle.com\/ru\/wp-json\/wp\/v2\/users\/3"}],"replies":[{"embeddable":true,"href":"https:\/\/www.gitesdomainedelachapelle.com\/ru\/wp-json\/wp\/v2\/comments?post=26572117"}],"version-history":[{"count":2,"href":"https:\/\/www.gitesdomainedelachapelle.com\/ru\/wp-json\/wp\/v2\/posts\/26572117\/revisions"}],"predecessor-version":[{"id":26572261,"href":"https:\/\/www.gitesdomainedelachapelle.com\/ru\/wp-json\/wp\/v2\/posts\/26572117\/revisions\/26572261"}],"wp:featuredmedia":[{"embeddable":true,"href":"https:\/\/www.gitesdomainedelachapelle.com\/ru\/wp-json\/wp\/v2\/media\/26572118"}],"wp:attachment":[{"href":"https:\/\/www.gitesdomainedelachapelle.com\/ru\/wp-json\/wp\/v2\/media?parent=26572117"}],"wp:term":[{"taxonomy":"category","embeddable":true,"href":"https:\/\/www.gitesdomainedelachapelle.com\/ru\/wp-json\/wp\/v2\/categories?post=26572117"},{"taxonomy":"post_tag","embeddable":true,"href":"https:\/\/www.gitesdomainedelachapelle.com\/ru\/wp-json\/wp\/v2\/tags?post=26572117"},{"taxonomy":"dipi_cpt_category","embeddable":true,"href":"https:\/\/www.gitesdomainedelachapelle.com\/ru\/wp-json\/wp\/v2\/dipi_cpt_category?post=26572117"}],"curies":[{"name":"wp","href":"https:\/\/api.w.org\/{rel}","templated":true}]}}