{"id":26572117,"date":"2026-04-27T06:50:06","date_gmt":"2026-04-27T05:50:06","guid":{"rendered":"https:\/\/www.gitesdomainedelachapelle.com\/?p=26572117"},"modified":"2026-06-21T06:28:41","modified_gmt":"2026-06-21T05:28:41","slug":"fete-roses-villa-ephrussi-2026","status":"publish","type":"post","link":"https:\/\/www.gitesdomainedelachapelle.com\/ru\/fete-roses-villa-ephrussi-2026\/","title":{"rendered":"\u041f\u0440\u0430\u0437\u0434\u043d\u0438\u043a \u0440\u043e\u0437 \u043d\u0430 \u0432\u0438\u043b\u043b\u0435 \u042d\u0444\u0440\u0443\u0441\u0441\u0438 \u0434\u0435 \u0420\u043e\u0442\u0448\u0438\u043b\u044c\u0434 2026: \u0441\u043e\u0431\u044b\u0442\u0438\u0435, \u043a\u043e\u0442\u043e\u0440\u043e\u0435 \u043d\u0435\u043b\u044c\u0437\u044f \u043f\u0440\u043e\u043f\u0443\u0441\u0442\u0438\u0442\u044c \u043d\u0430 \u041b\u0430\u0437\u0443\u0440\u043d\u043e\u043c \u0431\u0435\u0440\u0435\u0433\u0443"},"content":{"rendered":"<p style=\"font-family:sans-serif;font-size:13px;color:#888;margin-bottom:8px\">Par Patrice &amp; Sandra &nbsp;\u00b7&nbsp; G\u00eetes Domaine de la Chapelle &nbsp;\u00b7&nbsp; Roquefort-les-Pins<\/p>\n\n<p style=\"font-size:15px;color:#444;border-left:3px solid #c9a97a;padding:12px 18px;background:#f5ede2;border-radius:0 8px 8px 0;margin-bottom:14px;line-height:1.9\">\u041a\u0430\u0436\u0434\u0443\u044e \u0432\u0435\u0441\u043d\u0443 <strong>Villa Ephrussi de Rothschild<\/strong> \u00e0 Saint-Jean-Cap-Ferrat se transforme en l&rsquo;un des spectacles floraux les plus somptueux de la C\u00f4te d&rsquo;Azur. La <strong>F\u00eate des Roses 2026<\/strong>, les <strong>2 et 3 mai<\/strong>, c\u00e9l\u00e8bre la reine des fleurs dans l&rsquo;un des plus beaux domaines de la French Riviera \u2014 neuf jardins en terrasses sur la mer, des milliers de rosiers en fleurs, et une atmosph\u00e8re Belle \u00c9poque unique en France.<\/p>\n\n<h2 style=\"font-size:21px;color:#5c3a1e;border-left:4px solid #c9a97a;padding-left:12px;margin-top:32px;margin-bottom:12px\">La Villa Ephrussi de Rothschild \u2014 Un \u00e9crin exceptionnel pour les roses<\/h2>\n\n<p style=\"line-height:1.9;margin-bottom:14px\">Construite au d\u00e9but du XXe si\u00e8cle par la Baronne B\u00e9atrice de Rothschild, la Villa Ephrussi est l&rsquo;une des plus belles demeures de la C\u00f4te d&rsquo;Azur \u2014 perch\u00e9e sur l&rsquo;isthme de Saint-Jean-Cap-Ferrat avec une vue spectaculaire sur la M\u00e9diterran\u00e9e des deux c\u00f4t\u00e9s. Ses neuf jardins th\u00e9matiques \u2014 fran\u00e7ais, espagnol, florentin, japonais, lapidaire, exotique, proven\u00e7al, roseraie et jardin de S\u00e8vres \u2014 en font l&rsquo;un des plus beaux ensembles paysagers de la Riviera. Au moment de la F\u00eate des Roses, la roseraie et les jardins proven\u00e7aux sont en pleine floraison \u2014 des centaines de vari\u00e9t\u00e9s aux couleurs et aux parfums incomparables. Pour pr\u00e9parer votre visite, <a href=\"https:\/\/cotedazurfrance.fr\/\" target=\"_blank\" rel=\"noopener\" style=\"color:#a07850\">C\u00f4te d&rsquo;Azur France<\/a> recense les dates et informations pratiques des \u00e9v\u00e9nements de la r\u00e9gion.<\/p>\n\n<h2 style=\"font-size:21px;color:#5c3a1e;border-left:4px solid #c9a97a;padding-left:12px;margin-top:32px;margin-bottom:12px\">La F\u00eate des Roses 2026 \u2014 Ce qu&rsquo;on y trouve<\/h2>\n\n<p style=\"line-height:1.9;margin-bottom:14px\">La F\u00eate des Roses \u00e0 la Villa Ephrussi est bien plus qu&rsquo;une simple exposition florale. Chaque \u00e9dition propose des animations autour de la rose \u2014 d\u00e9monstrations de cr\u00e9ation de parfum, ateliers de composition florale, expositions de vari\u00e9t\u00e9s anciennes et contemporaines. Des producteurs et artisans locaux s&rsquo;installent dans les jardins pour proposer produits \u00e0 base de rose \u2014 eaux florales, cosm\u00e9tiques, confitures, tisanes. La Villa ouvre \u00e9galement ses salons d&rsquo;apparat habituellement moins accessibles \u2014 une occasion rare de d\u00e9couvrir les collections de la Baronne dans un cadre floral exceptionnel.<\/p>\n\n<h2 style=\"font-size:21px;color:#5c3a1e;border-left:4px solid #c9a97a;padding-left:12px;margin-top:32px;margin-bottom:12px\">Saint-Jean-Cap-Ferrat \u2014 Le cadre le plus \u00e9l\u00e9gant de la Riviera<\/h2>\n\n<p style=\"line-height:1.9;margin-bottom:14px\">Saint-Jean-Cap-Ferrat est l&rsquo;une des adresses les plus exclusives de la French Riviera \u2014 ses <a href=\"https:\/\/www.gitesdomainedelachapelle.com\/plages-saint-jean-cap-ferrat\/\" style=\"color:#a07850\">plages et criques<\/a> comptent parmi les plus belles de M\u00e9diterran\u00e9e. La presqu&rsquo;\u00eele se visite \u00e0 pied depuis la Villa \u2014 le sentier c\u00f4tier qui en fait le tour offre deux heures de promenade entre pins parasols, villas Belle \u00c9poque et vues sur la mer. Combiner la F\u00eate des Roses avec une balade sur ce sentier et un d\u00e9jeuner face \u00e0 la mer \u2014 une journ\u00e9e compl\u00e8te et m\u00e9morable sur la Riviera.<\/p>\n\n<h2 style=\"font-size:21px;color:#5c3a1e;border-left:4px solid #c9a97a;padding-left:12px;margin-top:32px;margin-bottom:12px\">Grasse et les roses \u2014 Le parfum en coulisses<\/h2>\n\n<p style=\"line-height:1.9;margin-bottom:14px\">La rose de Grasse est l&rsquo;une des mati\u00e8res premi\u00e8res les plus pr\u00e9cieuses de la parfumerie mondiale \u2014 la rose centifolia cultiv\u00e9e dans les champs de l&rsquo;arri\u00e8re-pays ni\u00e7ois est r\u00e9colt\u00e9e chaque printemps pour les grandes maisons de parfum. Combiner la F\u00eate des Roses \u00e0 la Villa Ephrussi avec une visite des <a href=\"https:\/\/www.gitesdomainedelachapelle.com\/parfumeries-grasse-fragonard-galimard-molinard\/\" style=\"color:#a07850\">parfumeries de Grasse<\/a> \u2014 \u00e0 30 minutes en voiture \u2014 permet de comprendre le lien profond entre les roses de la Riviera et la parfumerie mondiale. Un programme floral et olfactif unique.<\/p>\n\n<h2 style=\"font-size:21px;color:#5c3a1e;border-left:4px solid #c9a97a;padding-left:12px;margin-top:32px;margin-bottom:12px\">Infos pratiques \u2014 Acc\u00e8s et conseils de visite<\/h2>\n\n<p style=\"line-height:1.9;margin-bottom:14px\">La Villa Ephrussi de Rothschild est accessible depuis Nice (25 km), Antibes (20 km) ou Monaco (15 km). En voiture, le stationnement \u00e0 Saint-Jean-Cap-Ferrat est limit\u00e9 \u2014 pr\u00e9voir d&rsquo;arriver t\u00f4t le matin ou en fin d&rsquo;apr\u00e8s-midi. En transports en commun, des bus relient r\u00e9guli\u00e8rement Nice, Beaulieu-sur-Mer et Saint-Jean-Cap-Ferrat. La F\u00eate des Roses 2026 se tient les <strong>2 et 3 mai<\/strong> \u2014 les jardins sont accessibles aux horaires habituels d&rsquo;ouverture de la Villa. V\u00e9rifier les horaires pr\u00e9cis directement aupr\u00e8s de la Villa pour ces deux journ\u00e9es. La visite dure en moyenne 1h30 \u00e0 2h pour les jardins et les salons.<\/p>\n\n<h2 style=\"font-size:21px;color:#5c3a1e;border-left:4px solid #c9a97a;padding-left:12px;margin-top:32px;margin-bottom:12px\">S\u00e9journer \u00e0 l&rsquo;arri\u00e8re-pays pour profiter de la F\u00eate des Roses<\/h2>\n\n<p style=\"line-height:1.9;margin-bottom:14px\">Saint-Jean-Cap-Ferrat est l&rsquo;une des adresses les plus on\u00e9reuses de la Riviera \u2014 les h\u00e9bergements sur la presqu&rsquo;\u00eele sont rares et chers. La solution : s&rsquo;installer dans l&rsquo;arri\u00e8re-pays ni\u00e7ois et rejoindre la Villa Ephrussi en 30 minutes. Les <strong>G\u00eetes Domaine de la Chapelle<\/strong> \u00e0 Roquefort-les-Pins \u2014 appartements privatifs avec piscine chauff\u00e9e et spa ou jacuzzi en terrasse exclusive \u2014 sont \u00e0 30 km de Saint-Jean-Cap-Ferrat. Le printemps \u00e0 Roquefort-les-Pins est particuli\u00e8rement beau \u2014 la garrigue en fleurs, les oliviers en bourgeons, et le soir le retour au spa privatif apr\u00e8s une journ\u00e9e de roses et de parfums.<\/p>\n\n<h2 style=\"font-size:21px;color:#5c3a1e;border-left:4px solid #c9a97a;padding-left:12px;margin-top:32px;margin-bottom:12px\">Questions fr\u00e9quentes<\/h2>\n\n<div style=\"margin-bottom:14px\">\n  <p style=\"font-size:15px;font-weight:700;color:#3b2210;margin:0 0 4px\">Quand a lieu la F\u00eate des Roses \u00e0 la Villa Ephrussi de Rothschild en 2026 ?<\/p>\n  <p style=\"line-height:1.9;color:#444;margin:0\">L&rsquo;\u00e9dition 2026 de la F\u00eate des Roses se d\u00e9roule les <strong>2 \u0438 3 \u043c\u0430\u044f 2026 \u0433\u043e\u0434\u0430<\/strong>, au moment de la pleine floraison des rosiers sur la C\u00f4te d&rsquo;Azur. Pour confirmer les horaires d&rsquo;ouverture de ces deux journ\u00e9es, nous recommandons de consulter le site officiel de la Villa Ephrussi.<\/p>\n<\/div>\n\n<div style=\"margin-bottom:14px\">\n  <p style=\"font-size:15px;font-weight:700;color:#3b2210;margin:0 0 4px\">La Villa Ephrussi de Rothschild est-elle ouverte toute l&rsquo;ann\u00e9e ?<\/p>\n  <p style=\"line-height:1.9;color:#444;margin:0\">Oui \u2014 la Villa et ses jardins sont ouverts toute l&rsquo;ann\u00e9e, avec des horaires variables selon les saisons. La p\u00e9riode mai-juin est la plus spectaculaire pour les jardins en raison de la floraison. En dehors de la F\u00eate des Roses, la Villa reste l&rsquo;une des visites les plus belles de la French Riviera.<\/p>\n<\/div>\n\n<div style=\"margin-bottom:14px\">\n  <p style=\"font-size:15px;font-weight:700;color:#3b2210;margin:0 0 4px\">Peut-on combiner la F\u00eate des Roses avec d&rsquo;autres visites le m\u00eame jour ?<\/p>\n  <p style=\"line-height:1.9;color:#444;margin:0\">Oui \u2014 Saint-Jean-Cap-Ferrat le matin pour la Villa et la promenade du sentier c\u00f4tier, Monaco l&rsquo;apr\u00e8s-midi \u00e0 15 km, ou Nice \u00e0 25 km pour une soir\u00e9e dans le Vieux-Nice. La presqu&rsquo;\u00eele de Cap-Ferrat est \u00e9galement \u00e0 deux pas de Beaulieu-sur-Mer et de sa Villa Kerylos \u2014 un autre joyau Belle \u00c9poque moins connu.<\/p>\n<\/div>\n\n<table width=\"100%\" cellpadding=\"0\" cellspacing=\"0\" border=\"0\" style=\"border-radius:10px;overflow:hidden;margin:20px 0;font-family:sans-serif\">\n  <tr>\n    <td width=\"170\" valign=\"middle\" style=\"background:#3b2210;padding:20px;text-align:center\">\n      <p style=\"font-size:20px;color:rgba(201,169,122,0.5);margin:0 0 6px\">\ud83c\udf39<\/p>\n      <p style=\"font-size:9px;font-weight:700;letter-spacing:.1em;text-transform:uppercase;color:#c9a97a;margin:0 0 6px;line-height:1.5\">G\u00eetes Domaine de la Chapelle<br>Roquefort-les-Pins<\/p>\n      <p style=\"font-size:14px;font-style:italic;color:#faeeda;margin:0;line-height:1.4\">Base id\u00e9ale pour<br>la F\u00eate des Roses<br>Villa Ephrussi 2026<\/p>\n    <\/td>\n    <td valign=\"middle\" style=\"background:#f5ede2;padding:18px 20px\">\n      <p style=\"font-size:13px;color:#555;margin:0 0 12px;line-height:1.7\">Trois appartements privatifs avec piscine chauff\u00e9e et spa ou jacuzzi \u2014 \u00e0 30 km de la Villa Ephrussi, dans la garrigue proven\u00e7ale de Roquefort-les-Pins.<\/p>\n      <p style=\"margin:0 0 12px\">\n        <span style=\"font-size:11px;background:#ffffff;border:1px solid #e8d5c4;border-radius:20px;padding:3px 10px;margin-right:5px;display:inline-block\">\ud83c\udf39 Villa 30 km<\/span>\n        <span style=\"font-size:11px;background:#ffffff;border:1px solid #e8d5c4;border-radius:20px;padding:3px 10px;margin-right:5px;display:inline-block\">\u2668\ufe0f Spa privatif<\/span>\n        <span style=\"font-size:11px;background:#ffffff;border:1px solid #e8d5c4;border-radius:20px;padding:3px 10px;margin-right:5px;display:inline-block\">\ud83c\udf38 Printemps<\/span>\n        <span style=\"font-size:11px;background:#ffffff;border:1px solid #e8d5c4;border-radius:20px;padding:3px 10px;display:inline-block\">\ud83c\udfca Piscine chauff\u00e9e<\/span>\n      <\/p>\n      <a href=\"https:\/\/www.gitesdomainedelachapelle.com\/\" style=\"display:inline-block;background:#c9a97a;color:#3b2210;border-radius:6px;padding:8px 18px;font-weight:700;font-size:12px;text-decoration:none\">\ud83c\udf10 Visiter notre site<\/a>\n      <p style=\"font-size:10px;color:#888;margin:8px 0 0\">\ud83d\udd12 R\u00e9servation s\u00e9curis\u00e9e \u00b7 Confirmation imm\u00e9diate \u00b7 Annulation flexible<\/p>\n    <\/td>\n  <\/tr>\n<\/table>","protected":false},"excerpt":{"rendered":"<p>Par Patrice &amp; Sandra &nbsp;\u00b7&nbsp; G\u00eetes Domaine de la Chapelle &nbsp;\u00b7&nbsp; Roquefort-les-Pins Chaque printemps, la Villa Ephrussi de Rothschild \u00e0 Saint-Jean-Cap-Ferrat se transforme en l&rsquo;un des spectacles floraux les plus somptueux de la C\u00f4te d&rsquo;Azur. La F\u00eate des Roses 2026, les 2 et 3 mai, c\u00e9l\u00e8bre la reine des fleurs dans l&rsquo;un des plus beaux [&hellip;]<\/p>\n","protected":false},"author":3,"featured_media":26572118,"comment_status":"open","ping_status":"open","sticky":false,"template":"","format":"standard","meta":{"_et_pb_use_builder":"off","_et_pb_old_content":"","_et_gb_content_width":"","footnotes":""},"categories":[128],"tags":[115,238,212,213],"dipi_cpt_category":[],"class_list":["post-26572117","post","type-post","status-publish","format-standard","has-post-thumbnail","hentry","category-evenements-cote-azur","tag-evenement-cote-dazur","tag-fete-des-roses-ephrussi","tag-saint-jean-cap-ferrat","tag-villa-ephrussi-rothschild"],"yoast_head":"<!-- This site is optimized with the Yoast SEO plugin v28.3 - https:\/\/yoast.com\/product\/yoast-seo-wordpress\/ -->\n<title>F\u00eate des Roses Villa Ephrussi 2026 | C\u00f4te d\u2019Azur<\/title>\n<meta name=\"description\" content=\"D\u00e9couvrez la f\u00eate des roses \u00e0 la Villa Ephrussi \u00e0 Saint-Jean-Cap-Ferrat sur la C\u00f4te d\u2019Azur, un \u00e9v\u00e9nement floral incontournable en mai.\" \/>\n<meta name=\"robots\" content=\"index, follow, max-snippet:-1, max-image-preview:large, max-video-preview:-1\" \/>\n<link rel=\"canonical\" href=\"https:\/\/www.gitesdomainedelachapelle.com\/ru\/fete-roses-villa-ephrussi-2026\/\" \/>\n<meta property=\"og:locale\" content=\"ru_RU\" \/>\n<meta property=\"og:type\" content=\"article\" \/>\n<meta property=\"og:title\" content=\"F\u00eate des Roses Villa Ephrussi 2026 | C\u00f4te d\u2019Azur\" \/>\n<meta property=\"og:description\" content=\"D\u00e9couvrez la f\u00eate des roses \u00e0 la Villa Ephrussi \u00e0 Saint-Jean-Cap-Ferrat sur la C\u00f4te d\u2019Azur, un \u00e9v\u00e9nement floral incontournable en mai.\" \/>\n<meta property=\"og:url\" content=\"https:\/\/www.gitesdomainedelachapelle.com\/ru\/fete-roses-villa-ephrussi-2026\/\" \/>\n<meta property=\"og:site_name\" content=\"G\u00eetes Domaine de la Chapelle\" \/>\n<meta property=\"article:author\" content=\"https:\/\/www.facebook.com\/patrice.campanella\/\" \/>\n<meta property=\"article:published_time\" content=\"2026-04-27T05:50:06+00:00\" \/>\n<meta property=\"article:modified_time\" content=\"2026-06-21T05:28:41+00:00\" \/>\n<meta property=\"og:image\" content=\"https:\/\/www.gitesdomainedelachapelle.com\/wp-content\/uploads\/2026\/04\/fete-roses-villa-ephrussi-rothschild-saint-jean-cap-ferrat.webp\" \/>\n\t<meta property=\"og:image:width\" content=\"1280\" \/>\n\t<meta property=\"og:image:height\" content=\"602\" \/>\n\t<meta property=\"og:image:type\" content=\"image\/webp\" \/>\n<meta name=\"author\" content=\"Patrice\" \/>\n<meta name=\"twitter:card\" content=\"summary_large_image\" \/>\n<meta name=\"twitter:label1\" content=\"\u041d\u0430\u043f\u0438\u0441\u0430\u043d\u043e \u0430\u0432\u0442\u043e\u0440\u043e\u043c\" \/>\n\t<meta name=\"twitter:data1\" content=\"Patrice\" \/>\n\t<meta name=\"twitter:label2\" content=\"\u041f\u0440\u0438\u043c\u0435\u0440\u043d\u043e\u0435 \u0432\u0440\u0435\u043c\u044f \u0434\u043b\u044f \u0447\u0442\u0435\u043d\u0438\u044f\" \/>\n\t<meta name=\"twitter:data2\" content=\"1 \u043c\u0438\u043d\u0443\u0442\u0430\" \/>\n<script type=\"application\/ld+json\" class=\"yoast-schema-graph\">{\"@context\":\"https:\\\/\\\/schema.org\",\"@graph\":[{\"@type\":\"Article\",\"@id\":\"https:\\\/\\\/www.gitesdomainedelachapelle.com\\\/fete-roses-villa-ephrussi-2026\\\/#article\",\"isPartOf\":{\"@id\":\"https:\\\/\\\/www.gitesdomainedelachapelle.com\\\/fete-roses-villa-ephrussi-2026\\\/\"},\"author\":{\"name\":\"Patrice\",\"@id\":\"https:\\\/\\\/www.gitesdomainedelachapelle.com\\\/#\\\/schema\\\/person\\\/820b01290b5b0e5d56db451762c0e004\"},\"headline\":\"F\u00eate des Roses \u00e0 la Villa Ephrussi de Rothschild 2026 : un \u00e9v\u00e9nement incontournable sur la C\u00f4te d\u2019Azur\",\"datePublished\":\"2026-04-27T05:50:06+00:00\",\"dateModified\":\"2026-06-21T05:28:41+00:00\",\"mainEntityOfPage\":{\"@id\":\"https:\\\/\\\/www.gitesdomainedelachapelle.com\\\/fete-roses-villa-ephrussi-2026\\\/\"},\"wordCount\":1037,\"commentCount\":0,\"publisher\":{\"@id\":\"https:\\\/\\\/www.gitesdomainedelachapelle.com\\\/#organization\"},\"image\":{\"@id\":\"https:\\\/\\\/www.gitesdomainedelachapelle.com\\\/fete-roses-villa-ephrussi-2026\\\/#primaryimage\"},\"thumbnailUrl\":\"https:\\\/\\\/www.gitesdomainedelachapelle.com\\\/wp-content\\\/uploads\\\/2026\\\/04\\\/fete-roses-villa-ephrussi-rothschild-saint-jean-cap-ferrat.webp\",\"keywords\":[\"\u00e9v\u00e9nement C\u00f4te d\u2019Azur\",\"f\u00eate des roses ephrussi\",\"saint jean cap ferrat\",\"villa ephrussi rothschild\"],\"articleSection\":[\"Evenements sur la C\u00f4te d'Azur\"],\"inLanguage\":\"ru-RU\",\"potentialAction\":[{\"@type\":\"CommentAction\",\"name\":\"Comment\",\"target\":[\"https:\\\/\\\/www.gitesdomainedelachapelle.com\\\/fete-roses-villa-ephrussi-2026\\\/#respond\"]}]},{\"@type\":\"WebPage\",\"@id\":\"https:\\\/\\\/www.gitesdomainedelachapelle.com\\\/fete-roses-villa-ephrussi-2026\\\/\",\"url\":\"https:\\\/\\\/www.gitesdomainedelachapelle.com\\\/fete-roses-villa-ephrussi-2026\\\/\",\"name\":\"F\u00eate des Roses Villa Ephrussi 2026 | C\u00f4te d\u2019Azur\",\"isPartOf\":{\"@id\":\"https:\\\/\\\/www.gitesdomainedelachapelle.com\\\/#website\"},\"primaryImageOfPage\":{\"@id\":\"https:\\\/\\\/www.gitesdomainedelachapelle.com\\\/fete-roses-villa-ephrussi-2026\\\/#primaryimage\"},\"image\":{\"@id\":\"https:\\\/\\\/www.gitesdomainedelachapelle.com\\\/fete-roses-villa-ephrussi-2026\\\/#primaryimage\"},\"thumbnailUrl\":\"https:\\\/\\\/www.gitesdomainedelachapelle.com\\\/wp-content\\\/uploads\\\/2026\\\/04\\\/fete-roses-villa-ephrussi-rothschild-saint-jean-cap-ferrat.webp\",\"datePublished\":\"2026-04-27T05:50:06+00:00\",\"dateModified\":\"2026-06-21T05:28:41+00:00\",\"description\":\"D\u00e9couvrez la f\u00eate des roses \u00e0 la Villa Ephrussi \u00e0 Saint-Jean-Cap-Ferrat sur la C\u00f4te d\u2019Azur, un \u00e9v\u00e9nement floral incontournable en mai.\",\"breadcrumb\":{\"@id\":\"https:\\\/\\\/www.gitesdomainedelachapelle.com\\\/fete-roses-villa-ephrussi-2026\\\/#breadcrumb\"},\"inLanguage\":\"ru-RU\",\"potentialAction\":[{\"@type\":\"ReadAction\",\"target\":[\"https:\\\/\\\/www.gitesdomainedelachapelle.com\\\/fete-roses-villa-ephrussi-2026\\\/\"]}]},{\"@type\":\"ImageObject\",\"inLanguage\":\"ru-RU\",\"@id\":\"https:\\\/\\\/www.gitesdomainedelachapelle.com\\\/fete-roses-villa-ephrussi-2026\\\/#primaryimage\",\"url\":\"https:\\\/\\\/www.gitesdomainedelachapelle.com\\\/wp-content\\\/uploads\\\/2026\\\/04\\\/fete-roses-villa-ephrussi-rothschild-saint-jean-cap-ferrat.webp\",\"contentUrl\":\"https:\\\/\\\/www.gitesdomainedelachapelle.com\\\/wp-content\\\/uploads\\\/2026\\\/04\\\/fete-roses-villa-ephrussi-rothschild-saint-jean-cap-ferrat.webp\",\"width\":1280,\"height\":602,\"caption\":\"F\u00eate des roses \u00e0 la Villa Ephrussi avec ses jardins fleuris\"},{\"@type\":\"BreadcrumbList\",\"@id\":\"https:\\\/\\\/www.gitesdomainedelachapelle.com\\\/fete-roses-villa-ephrussi-2026\\\/#breadcrumb\",\"itemListElement\":[{\"@type\":\"ListItem\",\"position\":1,\"name\":\"Accueil\",\"item\":\"https:\\\/\\\/www.gitesdomainedelachapelle.com\\\/\"},{\"@type\":\"ListItem\",\"position\":2,\"name\":\"F\u00eate des Roses \u00e0 la Villa Ephrussi de Rothschild 2026 : un \u00e9v\u00e9nement incontournable sur la C\u00f4te d\u2019Azur\"}]},{\"@type\":\"WebSite\",\"@id\":\"https:\\\/\\\/www.gitesdomainedelachapelle.com\\\/#website\",\"url\":\"https:\\\/\\\/www.gitesdomainedelachapelle.com\\\/\",\"name\":\"Gites Domaine de la Chapelle\",\"description\":\"G\u00eetes de charme avec piscine chauff\u00e9e et jacuzzi privatif sur la C\u00f4te d\u2019Azur\",\"publisher\":{\"@id\":\"https:\\\/\\\/www.gitesdomainedelachapelle.com\\\/#organization\"},\"potentialAction\":[{\"@type\":\"SearchAction\",\"target\":{\"@type\":\"EntryPoint\",\"urlTemplate\":\"https:\\\/\\\/www.gitesdomainedelachapelle.com\\\/?s={search_term_string}\"},\"query-input\":{\"@type\":\"PropertyValueSpecification\",\"valueRequired\":true,\"valueName\":\"search_term_string\"}}],\"inLanguage\":\"ru-RU\"},{\"@type\":\"Organization\",\"@id\":\"https:\\\/\\\/www.gitesdomainedelachapelle.com\\\/#organization\",\"name\":\"Gites Domaine de la Chapelle\",\"url\":\"https:\\\/\\\/www.gitesdomainedelachapelle.com\\\/\",\"logo\":{\"@type\":\"ImageObject\",\"inLanguage\":\"ru-RU\",\"@id\":\"https:\\\/\\\/www.gitesdomainedelachapelle.com\\\/#\\\/schema\\\/logo\\\/image\\\/\",\"url\":\"https:\\\/\\\/www.gitesdomainedelachapelle.com\\\/wp-content\\\/uploads\\\/2026\\\/06\\\/unnamed-1.webp\",\"contentUrl\":\"https:\\\/\\\/www.gitesdomainedelachapelle.com\\\/wp-content\\\/uploads\\\/2026\\\/06\\\/unnamed-1.webp\",\"width\":1024,\"height\":1024,\"caption\":\"Gites Domaine de la Chapelle\"},\"image\":{\"@id\":\"https:\\\/\\\/www.gitesdomainedelachapelle.com\\\/#\\\/schema\\\/logo\\\/image\\\/\"}},{\"@type\":\"Person\",\"@id\":\"https:\\\/\\\/www.gitesdomainedelachapelle.com\\\/#\\\/schema\\\/person\\\/820b01290b5b0e5d56db451762c0e004\",\"name\":\"Patrice\",\"pronouns\":\"nous\",\"image\":{\"@type\":\"ImageObject\",\"inLanguage\":\"ru-RU\",\"@id\":\"https:\\\/\\\/secure.gravatar.com\\\/avatar\\\/e3f93a01e7806e1fe58fdbecfe9ca6bb725d62824cfd4bcd93ab79fb93dc4f5d?s=96&d=mm&r=g\",\"url\":\"https:\\\/\\\/secure.gravatar.com\\\/avatar\\\/e3f93a01e7806e1fe58fdbecfe9ca6bb725d62824cfd4bcd93ab79fb93dc4f5d?s=96&d=mm&r=g\",\"contentUrl\":\"https:\\\/\\\/secure.gravatar.com\\\/avatar\\\/e3f93a01e7806e1fe58fdbecfe9ca6bb725d62824cfd4bcd93ab79fb93dc4f5d?s=96&d=mm&r=g\",\"caption\":\"Patrice\"},\"description\":\"Propri\u00e9taire des G\u00eetes Domaine de la Chapelle, je propose des h\u00e9bergements de charme situ\u00e9s \u00e0 Roquefort-les-Pins, au c\u0153ur de l\u2019arri\u00e8re-pays ni\u00e7ois, entre Nice, Cannes et Grasse, sur la C\u00f4te d\u2019Azur. Nous proposons des locations de vacances haut de gamme, pens\u00e9es pour les couples \u00e0 la recherche d\u2019un s\u00e9jour en amoureux, d\u2019un week-end d\u00e9tente ou de vacances bien-\u00eatre en Provence, avec piscine chauff\u00e9e et jacuzzi privatif, dans un environnement calme, naturel et sans vis-\u00e0-vis. Chaque logement est con\u00e7u pour offrir confort, intimit\u00e9 et qualit\u00e9, avec une attention particuli\u00e8re port\u00e9e \u00e0 l\u2019accueil, aux \u00e9quipements et \u00e0 l\u2019exp\u00e9rience globale du s\u00e9jour. Notre objectif est simple : permettre \u00e0 nos h\u00f4tes de se ressourcer et de profiter pleinement du soleil du Sud, d\u2019un cadre idyllique et des richesses de la C\u00f4te d\u2019Azur.\",\"sameAs\":[\"https:\\\/\\\/www.gitesdomainedelachapelle.com\",\"https:\\\/\\\/www.facebook.com\\\/patrice.campanella\\\/\",\"https:\\\/\\\/www.instagram.com\\\/piscine_jacuzzi_cotedazur\\\/\",\"https:\\\/\\\/www.linkedin.com\\\/in\\\/g\u00eetes-domaine-de-la-chapelle-avec-piscine-chauff\u00e9e-et-jacuzzi-privatifs-sur-la-c\u00f4te-d-azur-54053572\\\/\",\"https:\\\/\\\/fr.pinterest.com\\\/gitesdomainedelachapelle\\\/\",\"https:\\\/\\\/www.youtube.com\\\/@gitesdomainedelachapelle\"],\"url\":\"https:\\\/\\\/www.gitesdomainedelachapelle.com\\\/ru\\\/author\\\/patrice\\\/\"}]}<\/script>\n<!-- \/ Yoast SEO plugin. -->","yoast_head_json":{"title":"F\u00eate des Roses Villa Ephrussi 2026 | C\u00f4te d\u2019Azur","description":"D\u00e9couvrez la f\u00eate des roses \u00e0 la Villa Ephrussi \u00e0 Saint-Jean-Cap-Ferrat sur la C\u00f4te d\u2019Azur, un \u00e9v\u00e9nement floral incontournable en mai.","robots":{"index":"index","follow":"follow","max-snippet":"max-snippet:-1","max-image-preview":"max-image-preview:large","max-video-preview":"max-video-preview:-1"},"canonical":"https:\/\/www.gitesdomainedelachapelle.com\/ru\/fete-roses-villa-ephrussi-2026\/","og_locale":"ru_RU","og_type":"article","og_title":"F\u00eate des Roses Villa Ephrussi 2026 | C\u00f4te d\u2019Azur","og_description":"D\u00e9couvrez la f\u00eate des roses \u00e0 la Villa Ephrussi \u00e0 Saint-Jean-Cap-Ferrat sur la C\u00f4te d\u2019Azur, un \u00e9v\u00e9nement floral incontournable en mai.","og_url":"https:\/\/www.gitesdomainedelachapelle.com\/ru\/fete-roses-villa-ephrussi-2026\/","og_site_name":"G\u00eetes Domaine de la Chapelle","article_author":"https:\/\/www.facebook.com\/patrice.campanella\/","article_published_time":"2026-04-27T05:50:06+00:00","article_modified_time":"2026-06-21T05:28:41+00:00","og_image":[{"width":1280,"height":602,"url":"https:\/\/www.gitesdomainedelachapelle.com\/wp-content\/uploads\/2026\/04\/fete-roses-villa-ephrussi-rothschild-saint-jean-cap-ferrat.webp","type":"image\/webp"}],"author":"Patrice","twitter_card":"summary_large_image","twitter_misc":{"\u041d\u0430\u043f\u0438\u0441\u0430\u043d\u043e \u0430\u0432\u0442\u043e\u0440\u043e\u043c":"Patrice","\u041f\u0440\u0438\u043c\u0435\u0440\u043d\u043e\u0435 \u0432\u0440\u0435\u043c\u044f \u0434\u043b\u044f \u0447\u0442\u0435\u043d\u0438\u044f":"1 \u043c\u0438\u043d\u0443\u0442\u0430"},"schema":{"@context":"https:\/\/schema.org","@graph":[{"@type":"Article","@id":"https:\/\/www.gitesdomainedelachapelle.com\/fete-roses-villa-ephrussi-2026\/#article","isPartOf":{"@id":"https:\/\/www.gitesdomainedelachapelle.com\/fete-roses-villa-ephrussi-2026\/"},"author":{"name":"Patrice","@id":"https:\/\/www.gitesdomainedelachapelle.com\/#\/schema\/person\/820b01290b5b0e5d56db451762c0e004"},"headline":"F\u00eate des Roses \u00e0 la Villa Ephrussi de Rothschild 2026 : un \u00e9v\u00e9nement incontournable sur la C\u00f4te d\u2019Azur","datePublished":"2026-04-27T05:50:06+00:00","dateModified":"2026-06-21T05:28:41+00:00","mainEntityOfPage":{"@id":"https:\/\/www.gitesdomainedelachapelle.com\/fete-roses-villa-ephrussi-2026\/"},"wordCount":1037,"commentCount":0,"publisher":{"@id":"https:\/\/www.gitesdomainedelachapelle.com\/#organization"},"image":{"@id":"https:\/\/www.gitesdomainedelachapelle.com\/fete-roses-villa-ephrussi-2026\/#primaryimage"},"thumbnailUrl":"https:\/\/www.gitesdomainedelachapelle.com\/wp-content\/uploads\/2026\/04\/fete-roses-villa-ephrussi-rothschild-saint-jean-cap-ferrat.webp","keywords":["\u00e9v\u00e9nement C\u00f4te d\u2019Azur","f\u00eate des roses ephrussi","saint jean cap ferrat","villa ephrussi rothschild"],"articleSection":["Evenements sur la C\u00f4te d'Azur"],"inLanguage":"ru-RU","potentialAction":[{"@type":"CommentAction","name":"Comment","target":["https:\/\/www.gitesdomainedelachapelle.com\/fete-roses-villa-ephrussi-2026\/#respond"]}]},{"@type":"WebPage","@id":"https:\/\/www.gitesdomainedelachapelle.com\/fete-roses-villa-ephrussi-2026\/","url":"https:\/\/www.gitesdomainedelachapelle.com\/fete-roses-villa-ephrussi-2026\/","name":"F\u00eate des Roses Villa Ephrussi 2026 | C\u00f4te d\u2019Azur","isPartOf":{"@id":"https:\/\/www.gitesdomainedelachapelle.com\/#website"},"primaryImageOfPage":{"@id":"https:\/\/www.gitesdomainedelachapelle.com\/fete-roses-villa-ephrussi-2026\/#primaryimage"},"image":{"@id":"https:\/\/www.gitesdomainedelachapelle.com\/fete-roses-villa-ephrussi-2026\/#primaryimage"},"thumbnailUrl":"https:\/\/www.gitesdomainedelachapelle.com\/wp-content\/uploads\/2026\/04\/fete-roses-villa-ephrussi-rothschild-saint-jean-cap-ferrat.webp","datePublished":"2026-04-27T05:50:06+00:00","dateModified":"2026-06-21T05:28:41+00:00","description":"D\u00e9couvrez la f\u00eate des roses \u00e0 la Villa Ephrussi \u00e0 Saint-Jean-Cap-Ferrat sur la C\u00f4te d\u2019Azur, un \u00e9v\u00e9nement floral incontournable en mai.","breadcrumb":{"@id":"https:\/\/www.gitesdomainedelachapelle.com\/fete-roses-villa-ephrussi-2026\/#breadcrumb"},"inLanguage":"ru-RU","potentialAction":[{"@type":"ReadAction","target":["https:\/\/www.gitesdomainedelachapelle.com\/fete-roses-villa-ephrussi-2026\/"]}]},{"@type":"ImageObject","inLanguage":"ru-RU","@id":"https:\/\/www.gitesdomainedelachapelle.com\/fete-roses-villa-ephrussi-2026\/#primaryimage","url":"https:\/\/www.gitesdomainedelachapelle.com\/wp-content\/uploads\/2026\/04\/fete-roses-villa-ephrussi-rothschild-saint-jean-cap-ferrat.webp","contentUrl":"https:\/\/www.gitesdomainedelachapelle.com\/wp-content\/uploads\/2026\/04\/fete-roses-villa-ephrussi-rothschild-saint-jean-cap-ferrat.webp","width":1280,"height":602,"caption":"F\u00eate des roses \u00e0 la Villa Ephrussi avec ses jardins fleuris"},{"@type":"BreadcrumbList","@id":"https:\/\/www.gitesdomainedelachapelle.com\/fete-roses-villa-ephrussi-2026\/#breadcrumb","itemListElement":[{"@type":"ListItem","position":1,"name":"Accueil","item":"https:\/\/www.gitesdomainedelachapelle.com\/"},{"@type":"ListItem","position":2,"name":"F\u00eate des Roses \u00e0 la Villa Ephrussi de Rothschild 2026 : un \u00e9v\u00e9nement incontournable sur la C\u00f4te d\u2019Azur"}]},{"@type":"WebSite","@id":"https:\/\/www.gitesdomainedelachapelle.com\/#website","url":"https:\/\/www.gitesdomainedelachapelle.com\/","name":"Gites Domaine de la Chapelle","description":"\u041e\u0447\u0430\u0440\u043e\u0432\u0430\u0442\u0435\u043b\u044c\u043d\u044b\u0435 \u0433\u0435\u0442\u0442\u044b \u0441 \u043f\u043e\u0434\u043e\u0433\u0440\u0435\u0432\u0430\u0435\u043c\u044b\u043c \u0431\u0430\u0441\u0441\u0435\u0439\u043d\u043e\u043c \u0438 \u0447\u0430\u0441\u0442\u043d\u044b\u043c \u0434\u0436\u0430\u043a\u0443\u0437\u0438 \u043d\u0430 \u041b\u0430\u0437\u0443\u0440\u043d\u043e\u043c \u0431\u0435\u0440\u0435\u0433\u0443","publisher":{"@id":"https:\/\/www.gitesdomainedelachapelle.com\/#organization"},"potentialAction":[{"@type":"SearchAction","target":{"@type":"EntryPoint","urlTemplate":"https:\/\/www.gitesdomainedelachapelle.com\/?s={search_term_string}"},"query-input":{"@type":"PropertyValueSpecification","valueRequired":true,"valueName":"search_term_string"}}],"inLanguage":"ru-RU"},{"@type":"Organization","@id":"https:\/\/www.gitesdomainedelachapelle.com\/#organization","name":"Gites Domaine de la Chapelle","url":"https:\/\/www.gitesdomainedelachapelle.com\/","logo":{"@type":"ImageObject","inLanguage":"ru-RU","@id":"https:\/\/www.gitesdomainedelachapelle.com\/#\/schema\/logo\/image\/","url":"https:\/\/www.gitesdomainedelachapelle.com\/wp-content\/uploads\/2026\/06\/unnamed-1.webp","contentUrl":"https:\/\/www.gitesdomainedelachapelle.com\/wp-content\/uploads\/2026\/06\/unnamed-1.webp","width":1024,"height":1024,"caption":"Gites Domaine de la Chapelle"},"image":{"@id":"https:\/\/www.gitesdomainedelachapelle.com\/#\/schema\/logo\/image\/"}},{"@type":"Person","@id":"https:\/\/www.gitesdomainedelachapelle.com\/#\/schema\/person\/820b01290b5b0e5d56db451762c0e004","name":"\u041f\u0430\u0442\u0440\u0438\u0441","pronouns":"nous","image":{"@type":"ImageObject","inLanguage":"ru-RU","@id":"https:\/\/secure.gravatar.com\/avatar\/e3f93a01e7806e1fe58fdbecfe9ca6bb725d62824cfd4bcd93ab79fb93dc4f5d?s=96&d=mm&r=g","url":"https:\/\/secure.gravatar.com\/avatar\/e3f93a01e7806e1fe58fdbecfe9ca6bb725d62824cfd4bcd93ab79fb93dc4f5d?s=96&d=mm&r=g","contentUrl":"https:\/\/secure.gravatar.com\/avatar\/e3f93a01e7806e1fe58fdbecfe9ca6bb725d62824cfd4bcd93ab79fb93dc4f5d?s=96&d=mm&r=g","caption":"Patrice"},"description":"Propri\u00e9taire des G\u00eetes Domaine de la Chapelle, je propose des h\u00e9bergements de charme situ\u00e9s \u00e0 Roquefort-les-Pins, au c\u0153ur de l\u2019arri\u00e8re-pays ni\u00e7ois, entre Nice, Cannes et Grasse, sur la C\u00f4te d\u2019Azur. Nous proposons des locations de vacances haut de gamme, pens\u00e9es pour les couples \u00e0 la recherche d\u2019un s\u00e9jour en amoureux, d\u2019un week-end d\u00e9tente ou de vacances bien-\u00eatre en Provence, avec piscine chauff\u00e9e et jacuzzi privatif, dans un environnement calme, naturel et sans vis-\u00e0-vis. Chaque logement est con\u00e7u pour offrir confort, intimit\u00e9 et qualit\u00e9, avec une attention particuli\u00e8re port\u00e9e \u00e0 l\u2019accueil, aux \u00e9quipements et \u00e0 l\u2019exp\u00e9rience globale du s\u00e9jour. Notre objectif est simple : permettre \u00e0 nos h\u00f4tes de se ressourcer et de profiter pleinement du soleil du Sud, d\u2019un cadre idyllique et des richesses de la C\u00f4te d\u2019Azur.","sameAs":["https:\/\/www.gitesdomainedelachapelle.com","https:\/\/www.facebook.com\/patrice.campanella\/","https:\/\/www.instagram.com\/piscine_jacuzzi_cotedazur\/","https:\/\/www.linkedin.com\/in\/g\u00eetes-domaine-de-la-chapelle-avec-piscine-chauff\u00e9e-et-jacuzzi-privatifs-sur-la-c\u00f4te-d-azur-54053572\/","https:\/\/fr.pinterest.com\/gitesdomainedelachapelle\/","https:\/\/www.youtube.com\/@gitesdomainedelachapelle"],"url":"https:\/\/www.gitesdomainedelachapelle.com\/ru\/author\/patrice\/"}]}},"_links":{"self":[{"href":"https:\/\/www.gitesdomainedelachapelle.com\/ru\/wp-json\/wp\/v2\/posts\/26572117","targetHints":{"allow":["GET"]}}],"collection":[{"href":"https:\/\/www.gitesdomainedelachapelle.com\/ru\/wp-json\/wp\/v2\/posts"}],"about":[{"href":"https:\/\/www.gitesdomainedelachapelle.com\/ru\/wp-json\/wp\/v2\/types\/post"}],"author":[{"embeddable":true,"href":"https:\/\/www.gitesdomainedelachapelle.com\/ru\/wp-json\/wp\/v2\/users\/3"}],"replies":[{"embeddable":true,"href":"https:\/\/www.gitesdomainedelachapelle.com\/ru\/wp-json\/wp\/v2\/comments?post=26572117"}],"version-history":[{"count":3,"href":"https:\/\/www.gitesdomainedelachapelle.com\/ru\/wp-json\/wp\/v2\/posts\/26572117\/revisions"}],"predecessor-version":[{"id":26573669,"href":"https:\/\/www.gitesdomainedelachapelle.com\/ru\/wp-json\/wp\/v2\/posts\/26572117\/revisions\/26573669"}],"wp:featuredmedia":[{"embeddable":true,"href":"https:\/\/www.gitesdomainedelachapelle.com\/ru\/wp-json\/wp\/v2\/media\/26572118"}],"wp:attachment":[{"href":"https:\/\/www.gitesdomainedelachapelle.com\/ru\/wp-json\/wp\/v2\/media?parent=26572117"}],"wp:term":[{"taxonomy":"category","embeddable":true,"href":"https:\/\/www.gitesdomainedelachapelle.com\/ru\/wp-json\/wp\/v2\/categories?post=26572117"},{"taxonomy":"post_tag","embeddable":true,"href":"https:\/\/www.gitesdomainedelachapelle.com\/ru\/wp-json\/wp\/v2\/tags?post=26572117"},{"taxonomy":"dipi_cpt_category","embeddable":true,"href":"https:\/\/www.gitesdomainedelachapelle.com\/ru\/wp-json\/wp\/v2\/dipi_cpt_category?post=26572117"}],"curies":[{"name":"wp","href":"https:\/\/api.w.org\/{rel}","templated":true}]}}